{"id":3980,"date":"2019-01-29T09:32:33","date_gmt":"2019-01-29T09:32:33","guid":{"rendered":"https:\/\/sutusummit.com\/?p=3980"},"modified":"2019-03-01T08:50:06","modified_gmt":"2019-03-01T08:50:06","slug":"la-primera-mujer-espanola-que-viajara-al-espacio-con-virgin-galactic-en-sutus-2019","status":"publish","type":"post","link":"https:\/\/sutusummit.com\/es\/la-primera-mujer-espanola-que-viajara-al-espacio-con-virgin-galactic-en-sutus-2019\/","title":{"rendered":"La primera mujer espa\u00f1ola que viajar\u00e1 al espacio con Virgin Galactic, en SUTUS 2019"},"content":{"rendered":"<p><strong>Ana Bru, la primera mujer espa\u00f1ola que viajar\u00e1 al espacio con Virgin Galactic, ya ha confirmado su presencia como\u00a0<em>speaker<\/em>\u00a0en \u201cSUTUS\u201d,\u00a0 evento pionero y de car\u00e1cter internacional sobre Turismo Espacial y Subacu\u00e1tico que se celebrar\u00e1 los d\u00edas 23 y 24 de septiembre en la sede de Les Roches Marbella<\/strong><\/p>\n<p>En esta primera edici\u00f3n,\u00a0bajo el eslogan \u201cM\u00e1s all\u00e1 de las fronteras\u201d,\u00a0<strong>\u00abSUTUS\u00bb (Space &amp; Underwater Tourism Universal Summit)<\/strong>\u00a0reunir\u00e1 durante dos d\u00edas, coincidiendo con el Equinoccio de Oto\u00f1o, a<strong>\u00a0expertos de las principales empresas<\/strong>\u00a0que est\u00e1n apostando en todo el mundo por el exclusivo turismo espacial de lujo, y tambi\u00e9n por el subacu\u00e1tico.<\/p>\n<p>Aunque la agenda oficial de los ponentes no se har\u00e1 p\u00fablica hasta un mes antes del evento, en la web\u00a0<a href=\"http:\/\/www.sutusummit.com\/\" target=\"_blank\" rel=\"noopener\">www.sutusummit.com<\/a>\u00a0ya\u00a0<strong>se pueden seguir las novedades de \u00abSUTUS\u00bb.<\/strong><\/p>\n<p>Ana Bru ya ha realizado entrenamientos en el\u00a0<strong>Centro Nacional de Captaci\u00f3n e Investigaci\u00f3n Aeroespacial (NASTAR)<\/strong>\u00a0de Filadelfia. A bordo del simulador Gyrolab\u00a0<strong>ha podido experimentar en primera persona los efectos de las fuerzas de la gravedad y ha superado con \u00e9xito todas las pruebas f\u00edsicas<\/strong>, una experiencia que compartir\u00e1 con todos los asistentes a SUTUS.<\/p>\n<p>Ana, de la agencia de viajes exclusivos BRU&amp;BRU, seleccionada en 2007 por Virgin Galactic como primera y \u00fanica agencia acreditada en Espa\u00f1a y Andorra para comercializar sus vuelos suborbitales al espacio,\u00a0<strong>estar\u00e1 presente en la primera edici\u00f3n de \u201cSUTUS\u201d<\/strong>\u00a0para contar sus impresiones como futura turista espacial.<\/p>\n<p>Esta selecci\u00f3n supuso un paso m\u00e1s en su exitosa trayectoria en el sector de los viajes y,\u00a0<strong>fiel a sus principios de no recomendar nada que no conozca personalmente,<\/strong>\u00a0<strong>reserv\u00f3 su plaza en 2008 para volar al espacio con Virgin Galactic<\/strong>.\u00a0Ser\u00e1 la primera mujer espa\u00f1ola que lo haga con la plaza Pioneer 42.<\/p>\n<p>Desde su agencia, Ana Bru\u00a0<strong>comercializa los vuelos suborbitales de Virgin Galactic<\/strong>\u00a0y cuenta con\u00a0<strong>varias reservas de futuros astronautas a lo largo de estos a\u00f1os<\/strong>. Tras varios a\u00f1os de tests, en diciembre de 2018, Virgin Galactic realiz\u00f3 con \u00e9xito su primer vuelo suborbital de prueba hasta alcanzar los 82,7 km de altitud, convirti\u00e9ndose as\u00ed en la primera aerol\u00ednea espacial comercial en llevar una de sus naves al espacio.<\/p>\n<p>En su intervenci\u00f3n en \u201cSUTUS\u201d (Space &amp; Underwater Tourism Universal Summit), Ana Bru\u00a0<strong>hablar\u00e1 de su experiencia personal y contar\u00e1 los motivos que la llevaron a embarcarse en la gran aventura de viajar al espacio<\/strong>, algo que sin duda supondr\u00e1 un antes y un despu\u00e9s en su vida. Desde el espacio, Ana se encontrar\u00e1 a kil\u00f3metros de su familia y seres queridos, que vivir\u00e1n la experiencia desde tierra.<\/p>\n<p><strong>Ana Bru<\/strong>\u00a0est\u00e1 convencida de que ver\u00a0<strong>nuestro planeta desde el espacio nos ayudar\u00e1 a concienciarnos sobre la importancia de cuidar la Tierra y el medio ambiente<\/strong>.<\/p>\n","protected":false},"excerpt":{"rendered":"<p>Ana Bru, la primera mujer espa\u00f1ola que viajar\u00e1 al espacio con Virgin Galactic, ya ha confirmado su presencia como\u00a0speaker\u00a0en \u201cSUTUS\u201d,\u00a0 evento pionero y de car\u00e1cter internacional sobre Turismo Espacial y Subacu\u00e1tico que se celebrar\u00e1 los d\u00edas 23 y 24 de septiembre en la sede de Les Roches Marbella En esta primera edici\u00f3n,\u00a0bajo el eslogan \u201cM\u00e1s [&hellip;]<\/p>\n","protected":false},"author":4,"featured_media":3981,"comment_status":"closed","ping_status":"closed","sticky":false,"template":"","format":"standard","meta":{"_acf_changed":false,"footnotes":""},"categories":[139],"tags":[],"class_list":["post-3980","post","type-post","status-publish","format-standard","has-post-thumbnail","hentry","category-espacio"],"acf":[],"yoast_head":"<!-- This site is optimized with the Yoast SEO plugin v27.5 - https:\/\/yoast.com\/product\/yoast-seo-wordpress\/ -->\n<title>La primera mujer espa\u00f1ola que viajar\u00e1 al espacio con Virgin Galactic, en SUTUS 2019 - SUTUS<\/title>\n<meta name=\"robots\" content=\"index, follow, max-snippet:-1, max-image-preview:large, max-video-preview:-1\" \/>\n<link rel=\"canonical\" href=\"https:\/\/sutusummit.com\/es\/la-primera-mujer-espanola-que-viajara-al-espacio-con-virgin-galactic-en-sutus-2019\/\" \/>\n<meta property=\"og:locale\" content=\"es_ES\" \/>\n<meta property=\"og:type\" content=\"article\" \/>\n<meta property=\"og:title\" content=\"La primera mujer espa\u00f1ola que viajar\u00e1 al espacio con Virgin Galactic, en SUTUS 2019 - SUTUS\" \/>\n<meta property=\"og:description\" content=\"Ana Bru, la primera mujer espa\u00f1ola que viajar\u00e1 al espacio con Virgin Galactic, ya ha confirmado su presencia como\u00a0speaker\u00a0en \u201cSUTUS\u201d,\u00a0 evento pionero y de car\u00e1cter internacional sobre Turismo Espacial y Subacu\u00e1tico que se celebrar\u00e1 los d\u00edas 23 y 24 de septiembre en la sede de Les Roches Marbella En esta primera edici\u00f3n,\u00a0bajo el eslogan \u201cM\u00e1s [&hellip;]\" \/>\n<meta property=\"og:url\" content=\"https:\/\/sutusummit.com\/es\/la-primera-mujer-espanola-que-viajara-al-espacio-con-virgin-galactic-en-sutus-2019\/\" \/>\n<meta property=\"og:site_name\" content=\"SUTUS\" \/>\n<meta property=\"article:published_time\" content=\"2019-01-29T09:32:33+00:00\" \/>\n<meta property=\"article:modified_time\" content=\"2019-03-01T08:50:06+00:00\" \/>\n<meta property=\"og:image\" content=\"https:\/\/sutusummit.com\/web\/wp-content\/uploads\/2019\/01\/ana-bru-virgin-galactic1.jpg\" \/>\n\t<meta property=\"og:image:width\" content=\"2000\" \/>\n\t<meta property=\"og:image:height\" content=\"1500\" \/>\n\t<meta property=\"og:image:type\" content=\"image\/jpeg\" \/>\n<meta name=\"author\" content=\"Maria Medina Media\" \/>\n<meta name=\"twitter:card\" content=\"summary_large_image\" \/>\n<meta name=\"twitter:label1\" content=\"Escrito por\" \/>\n\t<meta name=\"twitter:data1\" content=\"Maria Medina Media\" \/>\n\t<meta name=\"twitter:label2\" content=\"Tiempo de lectura\" \/>\n\t<meta name=\"twitter:data2\" content=\"2 minutos\" \/>\n<script type=\"application\/ld+json\" class=\"yoast-schema-graph\">{\"@context\":\"https:\\\/\\\/schema.org\",\"@graph\":[{\"@type\":\"Article\",\"@id\":\"https:\\\/\\\/sutusummit.com\\\/es\\\/la-primera-mujer-espanola-que-viajara-al-espacio-con-virgin-galactic-en-sutus-2019\\\/#article\",\"isPartOf\":{\"@id\":\"https:\\\/\\\/sutusummit.com\\\/es\\\/la-primera-mujer-espanola-que-viajara-al-espacio-con-virgin-galactic-en-sutus-2019\\\/\"},\"author\":{\"name\":\"Maria Medina Media\",\"@id\":\"https:\\\/\\\/sutusummit.com\\\/#\\\/schema\\\/person\\\/bac7da778f75d94a53c944f5d4726a34\"},\"headline\":\"La primera mujer espa\u00f1ola que viajar\u00e1 al espacio con Virgin Galactic, en SUTUS 2019\",\"datePublished\":\"2019-01-29T09:32:33+00:00\",\"dateModified\":\"2019-03-01T08:50:06+00:00\",\"mainEntityOfPage\":{\"@id\":\"https:\\\/\\\/sutusummit.com\\\/es\\\/la-primera-mujer-espanola-que-viajara-al-espacio-con-virgin-galactic-en-sutus-2019\\\/\"},\"wordCount\":493,\"publisher\":{\"@id\":\"https:\\\/\\\/sutusummit.com\\\/#organization\"},\"image\":{\"@id\":\"https:\\\/\\\/sutusummit.com\\\/es\\\/la-primera-mujer-espanola-que-viajara-al-espacio-con-virgin-galactic-en-sutus-2019\\\/#primaryimage\"},\"thumbnailUrl\":\"https:\\\/\\\/sutusummit.com\\\/web\\\/wp-content\\\/uploads\\\/2019\\\/01\\\/ana-bru-virgin-galactic1.jpg\",\"articleSection\":[\"Espacio\"],\"inLanguage\":\"es\"},{\"@type\":\"WebPage\",\"@id\":\"https:\\\/\\\/sutusummit.com\\\/es\\\/la-primera-mujer-espanola-que-viajara-al-espacio-con-virgin-galactic-en-sutus-2019\\\/\",\"url\":\"https:\\\/\\\/sutusummit.com\\\/es\\\/la-primera-mujer-espanola-que-viajara-al-espacio-con-virgin-galactic-en-sutus-2019\\\/\",\"name\":\"La primera mujer espa\u00f1ola que viajar\u00e1 al espacio con Virgin Galactic, en SUTUS 2019 - SUTUS\",\"isPartOf\":{\"@id\":\"https:\\\/\\\/sutusummit.com\\\/#website\"},\"primaryImageOfPage\":{\"@id\":\"https:\\\/\\\/sutusummit.com\\\/es\\\/la-primera-mujer-espanola-que-viajara-al-espacio-con-virgin-galactic-en-sutus-2019\\\/#primaryimage\"},\"image\":{\"@id\":\"https:\\\/\\\/sutusummit.com\\\/es\\\/la-primera-mujer-espanola-que-viajara-al-espacio-con-virgin-galactic-en-sutus-2019\\\/#primaryimage\"},\"thumbnailUrl\":\"https:\\\/\\\/sutusummit.com\\\/web\\\/wp-content\\\/uploads\\\/2019\\\/01\\\/ana-bru-virgin-galactic1.jpg\",\"datePublished\":\"2019-01-29T09:32:33+00:00\",\"dateModified\":\"2019-03-01T08:50:06+00:00\",\"breadcrumb\":{\"@id\":\"https:\\\/\\\/sutusummit.com\\\/es\\\/la-primera-mujer-espanola-que-viajara-al-espacio-con-virgin-galactic-en-sutus-2019\\\/#breadcrumb\"},\"inLanguage\":\"es\",\"potentialAction\":[{\"@type\":\"ReadAction\",\"target\":[\"https:\\\/\\\/sutusummit.com\\\/es\\\/la-primera-mujer-espanola-que-viajara-al-espacio-con-virgin-galactic-en-sutus-2019\\\/\"]}]},{\"@type\":\"ImageObject\",\"inLanguage\":\"es\",\"@id\":\"https:\\\/\\\/sutusummit.com\\\/es\\\/la-primera-mujer-espanola-que-viajara-al-espacio-con-virgin-galactic-en-sutus-2019\\\/#primaryimage\",\"url\":\"https:\\\/\\\/sutusummit.com\\\/web\\\/wp-content\\\/uploads\\\/2019\\\/01\\\/ana-bru-virgin-galactic1.jpg\",\"contentUrl\":\"https:\\\/\\\/sutusummit.com\\\/web\\\/wp-content\\\/uploads\\\/2019\\\/01\\\/ana-bru-virgin-galactic1.jpg\",\"width\":2000,\"height\":1500},{\"@type\":\"BreadcrumbList\",\"@id\":\"https:\\\/\\\/sutusummit.com\\\/es\\\/la-primera-mujer-espanola-que-viajara-al-espacio-con-virgin-galactic-en-sutus-2019\\\/#breadcrumb\",\"itemListElement\":[{\"@type\":\"ListItem\",\"position\":1,\"name\":\"Portada\",\"item\":\"https:\\\/\\\/sutusummit.com\\\/es\\\/\"},{\"@type\":\"ListItem\",\"position\":2,\"name\":\"La primera mujer espa\u00f1ola que viajar\u00e1 al espacio con Virgin Galactic, en SUTUS 2019\"}]},{\"@type\":\"WebSite\",\"@id\":\"https:\\\/\\\/sutusummit.com\\\/#website\",\"url\":\"https:\\\/\\\/sutusummit.com\\\/\",\"name\":\"SUTUS\",\"description\":\"Space &amp; Underwater Tourism Universal Summit\",\"publisher\":{\"@id\":\"https:\\\/\\\/sutusummit.com\\\/#organization\"},\"potentialAction\":[{\"@type\":\"SearchAction\",\"target\":{\"@type\":\"EntryPoint\",\"urlTemplate\":\"https:\\\/\\\/sutusummit.com\\\/?s={search_term_string}\"},\"query-input\":{\"@type\":\"PropertyValueSpecification\",\"valueRequired\":true,\"valueName\":\"search_term_string\"}}],\"inLanguage\":\"es\"},{\"@type\":\"Organization\",\"@id\":\"https:\\\/\\\/sutusummit.com\\\/#organization\",\"name\":\"SUTUS\",\"url\":\"https:\\\/\\\/sutusummit.com\\\/\",\"logo\":{\"@type\":\"ImageObject\",\"inLanguage\":\"es\",\"@id\":\"https:\\\/\\\/sutusummit.com\\\/#\\\/schema\\\/logo\\\/image\\\/\",\"url\":\"https:\\\/\\\/sutusummit.com\\\/web\\\/wp-content\\\/uploads\\\/2019\\\/01\\\/sutuscolor.png\",\"contentUrl\":\"https:\\\/\\\/sutusummit.com\\\/web\\\/wp-content\\\/uploads\\\/2019\\\/01\\\/sutuscolor.png\",\"width\":268,\"height\":85,\"caption\":\"SUTUS\"},\"image\":{\"@id\":\"https:\\\/\\\/sutusummit.com\\\/#\\\/schema\\\/logo\\\/image\\\/\"}},{\"@type\":\"Person\",\"@id\":\"https:\\\/\\\/sutusummit.com\\\/#\\\/schema\\\/person\\\/bac7da778f75d94a53c944f5d4726a34\",\"name\":\"Maria Medina Media\"}]}<\/script>\n<!-- \/ Yoast SEO plugin. -->","yoast_head_json":{"title":"La primera mujer espa\u00f1ola que viajar\u00e1 al espacio con Virgin Galactic, en SUTUS 2019 - SUTUS","robots":{"index":"index","follow":"follow","max-snippet":"max-snippet:-1","max-image-preview":"max-image-preview:large","max-video-preview":"max-video-preview:-1"},"canonical":"https:\/\/sutusummit.com\/es\/la-primera-mujer-espanola-que-viajara-al-espacio-con-virgin-galactic-en-sutus-2019\/","og_locale":"es_ES","og_type":"article","og_title":"La primera mujer espa\u00f1ola que viajar\u00e1 al espacio con Virgin Galactic, en SUTUS 2019 - SUTUS","og_description":"Ana Bru, la primera mujer espa\u00f1ola que viajar\u00e1 al espacio con Virgin Galactic, ya ha confirmado su presencia como\u00a0speaker\u00a0en \u201cSUTUS\u201d,\u00a0 evento pionero y de car\u00e1cter internacional sobre Turismo Espacial y Subacu\u00e1tico que se celebrar\u00e1 los d\u00edas 23 y 24 de septiembre en la sede de Les Roches Marbella En esta primera edici\u00f3n,\u00a0bajo el eslogan \u201cM\u00e1s [&hellip;]","og_url":"https:\/\/sutusummit.com\/es\/la-primera-mujer-espanola-que-viajara-al-espacio-con-virgin-galactic-en-sutus-2019\/","og_site_name":"SUTUS","article_published_time":"2019-01-29T09:32:33+00:00","article_modified_time":"2019-03-01T08:50:06+00:00","og_image":[{"width":2000,"height":1500,"url":"https:\/\/sutusummit.com\/web\/wp-content\/uploads\/2019\/01\/ana-bru-virgin-galactic1.jpg","type":"image\/jpeg"}],"author":"Maria Medina Media","twitter_card":"summary_large_image","twitter_misc":{"Escrito por":"Maria Medina Media","Tiempo de lectura":"2 minutos"},"schema":{"@context":"https:\/\/schema.org","@graph":[{"@type":"Article","@id":"https:\/\/sutusummit.com\/es\/la-primera-mujer-espanola-que-viajara-al-espacio-con-virgin-galactic-en-sutus-2019\/#article","isPartOf":{"@id":"https:\/\/sutusummit.com\/es\/la-primera-mujer-espanola-que-viajara-al-espacio-con-virgin-galactic-en-sutus-2019\/"},"author":{"name":"Maria Medina Media","@id":"https:\/\/sutusummit.com\/#\/schema\/person\/bac7da778f75d94a53c944f5d4726a34"},"headline":"La primera mujer espa\u00f1ola que viajar\u00e1 al espacio con Virgin Galactic, en SUTUS 2019","datePublished":"2019-01-29T09:32:33+00:00","dateModified":"2019-03-01T08:50:06+00:00","mainEntityOfPage":{"@id":"https:\/\/sutusummit.com\/es\/la-primera-mujer-espanola-que-viajara-al-espacio-con-virgin-galactic-en-sutus-2019\/"},"wordCount":493,"publisher":{"@id":"https:\/\/sutusummit.com\/#organization"},"image":{"@id":"https:\/\/sutusummit.com\/es\/la-primera-mujer-espanola-que-viajara-al-espacio-con-virgin-galactic-en-sutus-2019\/#primaryimage"},"thumbnailUrl":"https:\/\/sutusummit.com\/web\/wp-content\/uploads\/2019\/01\/ana-bru-virgin-galactic1.jpg","articleSection":["Espacio"],"inLanguage":"es"},{"@type":"WebPage","@id":"https:\/\/sutusummit.com\/es\/la-primera-mujer-espanola-que-viajara-al-espacio-con-virgin-galactic-en-sutus-2019\/","url":"https:\/\/sutusummit.com\/es\/la-primera-mujer-espanola-que-viajara-al-espacio-con-virgin-galactic-en-sutus-2019\/","name":"La primera mujer espa\u00f1ola que viajar\u00e1 al espacio con Virgin Galactic, en SUTUS 2019 - SUTUS","isPartOf":{"@id":"https:\/\/sutusummit.com\/#website"},"primaryImageOfPage":{"@id":"https:\/\/sutusummit.com\/es\/la-primera-mujer-espanola-que-viajara-al-espacio-con-virgin-galactic-en-sutus-2019\/#primaryimage"},"image":{"@id":"https:\/\/sutusummit.com\/es\/la-primera-mujer-espanola-que-viajara-al-espacio-con-virgin-galactic-en-sutus-2019\/#primaryimage"},"thumbnailUrl":"https:\/\/sutusummit.com\/web\/wp-content\/uploads\/2019\/01\/ana-bru-virgin-galactic1.jpg","datePublished":"2019-01-29T09:32:33+00:00","dateModified":"2019-03-01T08:50:06+00:00","breadcrumb":{"@id":"https:\/\/sutusummit.com\/es\/la-primera-mujer-espanola-que-viajara-al-espacio-con-virgin-galactic-en-sutus-2019\/#breadcrumb"},"inLanguage":"es","potentialAction":[{"@type":"ReadAction","target":["https:\/\/sutusummit.com\/es\/la-primera-mujer-espanola-que-viajara-al-espacio-con-virgin-galactic-en-sutus-2019\/"]}]},{"@type":"ImageObject","inLanguage":"es","@id":"https:\/\/sutusummit.com\/es\/la-primera-mujer-espanola-que-viajara-al-espacio-con-virgin-galactic-en-sutus-2019\/#primaryimage","url":"https:\/\/sutusummit.com\/web\/wp-content\/uploads\/2019\/01\/ana-bru-virgin-galactic1.jpg","contentUrl":"https:\/\/sutusummit.com\/web\/wp-content\/uploads\/2019\/01\/ana-bru-virgin-galactic1.jpg","width":2000,"height":1500},{"@type":"BreadcrumbList","@id":"https:\/\/sutusummit.com\/es\/la-primera-mujer-espanola-que-viajara-al-espacio-con-virgin-galactic-en-sutus-2019\/#breadcrumb","itemListElement":[{"@type":"ListItem","position":1,"name":"Portada","item":"https:\/\/sutusummit.com\/es\/"},{"@type":"ListItem","position":2,"name":"La primera mujer espa\u00f1ola que viajar\u00e1 al espacio con Virgin Galactic, en SUTUS 2019"}]},{"@type":"WebSite","@id":"https:\/\/sutusummit.com\/#website","url":"https:\/\/sutusummit.com\/","name":"SUTUS","description":"Space &amp; Underwater Tourism Universal Summit","publisher":{"@id":"https:\/\/sutusummit.com\/#organization"},"potentialAction":[{"@type":"SearchAction","target":{"@type":"EntryPoint","urlTemplate":"https:\/\/sutusummit.com\/?s={search_term_string}"},"query-input":{"@type":"PropertyValueSpecification","valueRequired":true,"valueName":"search_term_string"}}],"inLanguage":"es"},{"@type":"Organization","@id":"https:\/\/sutusummit.com\/#organization","name":"SUTUS","url":"https:\/\/sutusummit.com\/","logo":{"@type":"ImageObject","inLanguage":"es","@id":"https:\/\/sutusummit.com\/#\/schema\/logo\/image\/","url":"https:\/\/sutusummit.com\/web\/wp-content\/uploads\/2019\/01\/sutuscolor.png","contentUrl":"https:\/\/sutusummit.com\/web\/wp-content\/uploads\/2019\/01\/sutuscolor.png","width":268,"height":85,"caption":"SUTUS"},"image":{"@id":"https:\/\/sutusummit.com\/#\/schema\/logo\/image\/"}},{"@type":"Person","@id":"https:\/\/sutusummit.com\/#\/schema\/person\/bac7da778f75d94a53c944f5d4726a34","name":"Maria Medina Media"}]}},"_links":{"self":[{"href":"https:\/\/sutusummit.com\/es\/wp-json\/wp\/v2\/posts\/3980","targetHints":{"allow":["GET"]}}],"collection":[{"href":"https:\/\/sutusummit.com\/es\/wp-json\/wp\/v2\/posts"}],"about":[{"href":"https:\/\/sutusummit.com\/es\/wp-json\/wp\/v2\/types\/post"}],"author":[{"embeddable":true,"href":"https:\/\/sutusummit.com\/es\/wp-json\/wp\/v2\/users\/4"}],"replies":[{"embeddable":true,"href":"https:\/\/sutusummit.com\/es\/wp-json\/wp\/v2\/comments?post=3980"}],"version-history":[{"count":0,"href":"https:\/\/sutusummit.com\/es\/wp-json\/wp\/v2\/posts\/3980\/revisions"}],"wp:featuredmedia":[{"embeddable":true,"href":"https:\/\/sutusummit.com\/es\/wp-json\/wp\/v2\/media\/3981"}],"wp:attachment":[{"href":"https:\/\/sutusummit.com\/es\/wp-json\/wp\/v2\/media?parent=3980"}],"wp:term":[{"taxonomy":"category","embeddable":true,"href":"https:\/\/sutusummit.com\/es\/wp-json\/wp\/v2\/categories?post=3980"},{"taxonomy":"post_tag","embeddable":true,"href":"https:\/\/sutusummit.com\/es\/wp-json\/wp\/v2\/tags?post=3980"}],"curies":[{"name":"wp","href":"https:\/\/api.w.org\/{rel}","templated":true}]}}