{"id":4244,"date":"2019-07-26T08:24:53","date_gmt":"2019-07-26T08:24:53","guid":{"rendered":"https:\/\/sutusummit.com\/?p=4244"},"modified":"2019-07-26T08:24:57","modified_gmt":"2019-07-26T08:24:57","slug":"sutus-la-cumbre-mundial-sobre-turismo-espacial-y-subacuatico-abre-el-registro-para-asistentes","status":"publish","type":"post","link":"https:\/\/sutusummit.com\/es\/sutus-la-cumbre-mundial-sobre-turismo-espacial-y-subacuatico-abre-el-registro-para-asistentes\/","title":{"rendered":"SUTUS, LA CUMBRE MUNDIAL SOBRE TURISMO ESPACIAL Y SUBACU\u00c1TICO, ABRE EL REGISTRO PARA ASISTENTES"},"content":{"rendered":"\n<p> El\u00a0<strong>23 y 24 de septiembre<\/strong>, coincidiendo con el\u00a0<strong>Equinoccio de Oto\u00f1o<\/strong>,\u00a0<strong>Medina Media Events<\/strong>\u00a0organiza la primera edici\u00f3n de\u00a0<strong>SUTUS (Space &amp; Underwater Tourism Universal Summit)<\/strong>\u00a0a la que ya han confirmado su asistencia algunas de las compa\u00f1\u00edas de EEUU y Europa\u00a0<strong>l\u00edderes en ofrecer nuevas experiencias tur\u00edsticas exclusivas<\/strong>\u00a0tanto en el espacio exterior como en el fondo marino.<\/p>\n\n\n\n<p>En la web&nbsp;<strong><a rel=\"noreferrer noopener\" href=\"http:\/\/www.sutusummit.com\/\" target=\"_blank\">www.sutusummit.com<\/a>&nbsp;<\/strong>ya&nbsp;<strong>se pueden seguir las novedades de \u00abSUTUS\u00bb e ir realizando las inscripciones (a precio reducido hasta el 6 de septiembre)<\/strong>. El aforo est\u00e1 limitado a los primeros&nbsp;<strong>200 inscritos<\/strong>. <\/p>\n\n\n\n<p><strong>Tony Gannon<\/strong>, vicepresidente de Investigaci\u00f3n e Innovaci\u00f3n del cl\u00faster aeroespacial norteamericano&nbsp;<strong>\u201cSpace Florida\u201d<\/strong>, y&nbsp;<strong>Arthur Paolella<\/strong>, Senior Scientifist en la corporaci\u00f3n&nbsp;<strong>Harris<\/strong>, formar\u00e1n parte de una misi\u00f3n organizada por Extenda (Agenda Andaluza de Promoci\u00f3n Exterior) presente en SUTUS 2019.<\/p>\n\n\n\n<p>Junto a Gannon y Paolella, otros ponentes como&nbsp;<strong>Nancy Vermeulen<\/strong>, fundadora de \u00abSpace Training Academy\u00bb;&nbsp;<strong>Ana Bru<\/strong>,&nbsp;<strong>primera turista espacial&nbsp;<\/strong>seleccionada por&nbsp;<strong>Virgin Galactic<\/strong>&nbsp;y propietaria de la agencia de viajes exclusivos&nbsp;<strong>BRU&amp;BRU<\/strong>; el astronauta civil&nbsp;<strong>Eduardo Lurue\u00f1a<\/strong>;&nbsp;<strong>Jos\u00e9 Mariano L\u00f3pez-Urdiales<\/strong>, fundador de&nbsp;<strong>Zero2Infinity<\/strong>; y&nbsp;<strong>\u00c1ngel Jan\u00e9<\/strong>, seleccionado para establecer una colonia en Marte dentro del programa&nbsp;<strong>\u00abMars One\u00bb<\/strong>, contar\u00e1n sus experiencias en SUTUS 2019.<\/p>\n\n\n\n<p>Formando el bloque tem\u00e1tico dedicado al&nbsp;<strong>Turismo Subacu\u00e1tico&nbsp;<\/strong>participar\u00e1n en&nbsp;<strong>SUTUS&nbsp;<\/strong>expertos como&nbsp;<strong>Javier Noriega<\/strong>, presidente del&nbsp;<strong>Cl\u00faster Mar\u00edtimo Marino de Andaluc\u00eda<\/strong>;&nbsp;<strong>Scott Waters<\/strong>, Project Manager de&nbsp;<strong>Pisces VI Submarine<\/strong>;&nbsp;<strong>Michele Stefanile<\/strong>, arque\u00f3logo submarino;&nbsp;<strong>Jos\u00e9 Antonio Moya,&nbsp;<\/strong>periodista cient\u00edfico; y el dibujante subacu\u00e1tico&nbsp;<strong>Luis Carlos Zambrano<\/strong>. <\/p>\n\n\n\n<p>\n\nAdem\u00e1s de las ponencias de este evento \u00fanico en el mundo, los asistentes y estudiantes que visiten esos d\u00edas Les Roches \u2013 Marbella, podr\u00e1n disfrutar de&nbsp;<strong>una de las experiencias de Realidad Virtual que m\u00e1s \u00e9xito ha tenido<\/strong>&nbsp;en el recientemente celebrado&nbsp;<strong>Observatorio de las Nuevas Tecnolog\u00edas de M\u00e1laga<\/strong>.<\/p>\n\n\n\n<p>La empresa&nbsp;<strong>2FEEL 3D<\/strong>&nbsp;ofrecer\u00e1 una experiencia de Realidad Virtual interactiva de unos 5 a 10 minutos de duraci\u00f3n para conmemorar el&nbsp;<strong>50 aniversario de la llegada del hombre a la luna<\/strong>. En ella se recrear\u00e1 el momento en el que el hombre pisa la luna, reviviendo ese mismo instante.<\/p>\n\n\n\n<p>Los asistentes podr\u00e1n<strong>\u00a0vivir en primera persona la experiencia de subir al Apolo 11, despegar y sentir el alunizaje de la nave\u00a0<\/strong>gracias a las gafas de Realidad Virtual\u00a0<strong>Oculus Rift<\/strong>. Un viaje al espacio en el que\u00a0<strong>podr\u00e1s seleccionar la bandera con la que deseas coronar el sat\u00e9lite<\/strong>. <\/p>\n\n\n\n<p>\n\nSutus est\u00e1 impulsado por<strong>&nbsp;Les Roches<\/strong>&nbsp;y se organiza en colaboraci\u00f3n con&nbsp;<strong>Extenda (Agencia Andaluza de Promoci\u00f3n Exterior)<\/strong>.<strong>Turismo y Planificaci\u00f3n Costa del Sol<\/strong>&nbsp;participan como instituci\u00f3n colaboradora.\n\n<\/p>\n","protected":false},"excerpt":{"rendered":"<p>El\u00a023 y 24 de septiembre, coincidiendo con el\u00a0Equinoccio de Oto\u00f1o,\u00a0Medina Media Events\u00a0organiza la primera edici\u00f3n de\u00a0SUTUS (Space &amp; Underwater Tourism Universal Summit)\u00a0a la que ya han confirmado su asistencia algunas de las compa\u00f1\u00edas de EEUU y Europa\u00a0l\u00edderes en ofrecer nuevas experiencias tur\u00edsticas exclusivas\u00a0tanto en el espacio exterior como en el fondo marino. En la web&nbsp;www.sutusummit.com&nbsp;ya&nbsp;se [&hellip;]<\/p>\n","protected":false},"author":4,"featured_media":4245,"comment_status":"closed","ping_status":"closed","sticky":false,"template":"","format":"standard","meta":{"_acf_changed":false,"footnotes":""},"categories":[100],"tags":[],"class_list":["post-4244","post","type-post","status-publish","format-standard","has-post-thumbnail","hentry","category-evento"],"acf":[],"yoast_head":"<!-- This site is optimized with the Yoast SEO plugin v27.5 - https:\/\/yoast.com\/product\/yoast-seo-wordpress\/ -->\n<title>SUTUS, LA CUMBRE MUNDIAL SOBRE TURISMO ESPACIAL Y SUBACU\u00c1TICO, ABRE EL REGISTRO PARA ASISTENTES - SUTUS<\/title>\n<meta name=\"robots\" content=\"index, follow, max-snippet:-1, max-image-preview:large, max-video-preview:-1\" \/>\n<link rel=\"canonical\" href=\"https:\/\/sutusummit.com\/es\/sutus-la-cumbre-mundial-sobre-turismo-espacial-y-subacuatico-abre-el-registro-para-asistentes\/\" \/>\n<meta property=\"og:locale\" content=\"es_ES\" \/>\n<meta property=\"og:type\" content=\"article\" \/>\n<meta property=\"og:title\" content=\"SUTUS, LA CUMBRE MUNDIAL SOBRE TURISMO ESPACIAL Y SUBACU\u00c1TICO, ABRE EL REGISTRO PARA ASISTENTES - SUTUS\" \/>\n<meta property=\"og:description\" content=\"El\u00a023 y 24 de septiembre, coincidiendo con el\u00a0Equinoccio de Oto\u00f1o,\u00a0Medina Media Events\u00a0organiza la primera edici\u00f3n de\u00a0SUTUS (Space &amp; Underwater Tourism Universal Summit)\u00a0a la que ya han confirmado su asistencia algunas de las compa\u00f1\u00edas de EEUU y Europa\u00a0l\u00edderes en ofrecer nuevas experiencias tur\u00edsticas exclusivas\u00a0tanto en el espacio exterior como en el fondo marino. En la web&nbsp;www.sutusummit.com&nbsp;ya&nbsp;se [&hellip;]\" \/>\n<meta property=\"og:url\" content=\"https:\/\/sutusummit.com\/es\/sutus-la-cumbre-mundial-sobre-turismo-espacial-y-subacuatico-abre-el-registro-para-asistentes\/\" \/>\n<meta property=\"og:site_name\" content=\"SUTUS\" \/>\n<meta property=\"article:published_time\" content=\"2019-07-26T08:24:53+00:00\" \/>\n<meta property=\"article:modified_time\" content=\"2019-07-26T08:24:57+00:00\" \/>\n<meta property=\"og:image\" content=\"https:\/\/sutusummit.com\/web\/wp-content\/uploads\/2019\/07\/sutus.png\" \/>\n\t<meta property=\"og:image:width\" content=\"2217\" \/>\n\t<meta property=\"og:image:height\" content=\"1224\" \/>\n\t<meta property=\"og:image:type\" content=\"image\/png\" \/>\n<meta name=\"author\" content=\"Maria Medina Media\" \/>\n<meta name=\"twitter:card\" content=\"summary_large_image\" \/>\n<meta name=\"twitter:label1\" content=\"Escrito por\" \/>\n\t<meta name=\"twitter:data1\" content=\"Maria Medina Media\" \/>\n\t<meta name=\"twitter:label2\" content=\"Tiempo de lectura\" \/>\n\t<meta name=\"twitter:data2\" content=\"2 minutos\" \/>\n<script type=\"application\/ld+json\" class=\"yoast-schema-graph\">{\"@context\":\"https:\\\/\\\/schema.org\",\"@graph\":[{\"@type\":\"Article\",\"@id\":\"https:\\\/\\\/sutusummit.com\\\/es\\\/sutus-la-cumbre-mundial-sobre-turismo-espacial-y-subacuatico-abre-el-registro-para-asistentes\\\/#article\",\"isPartOf\":{\"@id\":\"https:\\\/\\\/sutusummit.com\\\/es\\\/sutus-la-cumbre-mundial-sobre-turismo-espacial-y-subacuatico-abre-el-registro-para-asistentes\\\/\"},\"author\":{\"name\":\"Maria Medina Media\",\"@id\":\"https:\\\/\\\/sutusummit.com\\\/#\\\/schema\\\/person\\\/bac7da778f75d94a53c944f5d4726a34\"},\"headline\":\"SUTUS, LA CUMBRE MUNDIAL SOBRE TURISMO ESPACIAL Y SUBACU\u00c1TICO, ABRE EL REGISTRO PARA ASISTENTES\",\"datePublished\":\"2019-07-26T08:24:53+00:00\",\"dateModified\":\"2019-07-26T08:24:57+00:00\",\"mainEntityOfPage\":{\"@id\":\"https:\\\/\\\/sutusummit.com\\\/es\\\/sutus-la-cumbre-mundial-sobre-turismo-espacial-y-subacuatico-abre-el-registro-para-asistentes\\\/\"},\"wordCount\":508,\"publisher\":{\"@id\":\"https:\\\/\\\/sutusummit.com\\\/#organization\"},\"image\":{\"@id\":\"https:\\\/\\\/sutusummit.com\\\/es\\\/sutus-la-cumbre-mundial-sobre-turismo-espacial-y-subacuatico-abre-el-registro-para-asistentes\\\/#primaryimage\"},\"thumbnailUrl\":\"https:\\\/\\\/sutusummit.com\\\/web\\\/wp-content\\\/uploads\\\/2019\\\/07\\\/sutus.png\",\"articleSection\":[\"Evento\"],\"inLanguage\":\"es\"},{\"@type\":\"WebPage\",\"@id\":\"https:\\\/\\\/sutusummit.com\\\/es\\\/sutus-la-cumbre-mundial-sobre-turismo-espacial-y-subacuatico-abre-el-registro-para-asistentes\\\/\",\"url\":\"https:\\\/\\\/sutusummit.com\\\/es\\\/sutus-la-cumbre-mundial-sobre-turismo-espacial-y-subacuatico-abre-el-registro-para-asistentes\\\/\",\"name\":\"SUTUS, LA CUMBRE MUNDIAL SOBRE TURISMO ESPACIAL Y SUBACU\u00c1TICO, ABRE EL REGISTRO PARA ASISTENTES - SUTUS\",\"isPartOf\":{\"@id\":\"https:\\\/\\\/sutusummit.com\\\/#website\"},\"primaryImageOfPage\":{\"@id\":\"https:\\\/\\\/sutusummit.com\\\/es\\\/sutus-la-cumbre-mundial-sobre-turismo-espacial-y-subacuatico-abre-el-registro-para-asistentes\\\/#primaryimage\"},\"image\":{\"@id\":\"https:\\\/\\\/sutusummit.com\\\/es\\\/sutus-la-cumbre-mundial-sobre-turismo-espacial-y-subacuatico-abre-el-registro-para-asistentes\\\/#primaryimage\"},\"thumbnailUrl\":\"https:\\\/\\\/sutusummit.com\\\/web\\\/wp-content\\\/uploads\\\/2019\\\/07\\\/sutus.png\",\"datePublished\":\"2019-07-26T08:24:53+00:00\",\"dateModified\":\"2019-07-26T08:24:57+00:00\",\"breadcrumb\":{\"@id\":\"https:\\\/\\\/sutusummit.com\\\/es\\\/sutus-la-cumbre-mundial-sobre-turismo-espacial-y-subacuatico-abre-el-registro-para-asistentes\\\/#breadcrumb\"},\"inLanguage\":\"es\",\"potentialAction\":[{\"@type\":\"ReadAction\",\"target\":[\"https:\\\/\\\/sutusummit.com\\\/es\\\/sutus-la-cumbre-mundial-sobre-turismo-espacial-y-subacuatico-abre-el-registro-para-asistentes\\\/\"]}]},{\"@type\":\"ImageObject\",\"inLanguage\":\"es\",\"@id\":\"https:\\\/\\\/sutusummit.com\\\/es\\\/sutus-la-cumbre-mundial-sobre-turismo-espacial-y-subacuatico-abre-el-registro-para-asistentes\\\/#primaryimage\",\"url\":\"https:\\\/\\\/sutusummit.com\\\/web\\\/wp-content\\\/uploads\\\/2019\\\/07\\\/sutus.png\",\"contentUrl\":\"https:\\\/\\\/sutusummit.com\\\/web\\\/wp-content\\\/uploads\\\/2019\\\/07\\\/sutus.png\",\"width\":2217,\"height\":1224},{\"@type\":\"BreadcrumbList\",\"@id\":\"https:\\\/\\\/sutusummit.com\\\/es\\\/sutus-la-cumbre-mundial-sobre-turismo-espacial-y-subacuatico-abre-el-registro-para-asistentes\\\/#breadcrumb\",\"itemListElement\":[{\"@type\":\"ListItem\",\"position\":1,\"name\":\"Portada\",\"item\":\"https:\\\/\\\/sutusummit.com\\\/es\\\/\"},{\"@type\":\"ListItem\",\"position\":2,\"name\":\"SUTUS, LA CUMBRE MUNDIAL SOBRE TURISMO ESPACIAL Y SUBACU\u00c1TICO, ABRE EL REGISTRO PARA ASISTENTES\"}]},{\"@type\":\"WebSite\",\"@id\":\"https:\\\/\\\/sutusummit.com\\\/#website\",\"url\":\"https:\\\/\\\/sutusummit.com\\\/\",\"name\":\"SUTUS\",\"description\":\"Space &amp; Underwater Tourism Universal Summit\",\"publisher\":{\"@id\":\"https:\\\/\\\/sutusummit.com\\\/#organization\"},\"potentialAction\":[{\"@type\":\"SearchAction\",\"target\":{\"@type\":\"EntryPoint\",\"urlTemplate\":\"https:\\\/\\\/sutusummit.com\\\/?s={search_term_string}\"},\"query-input\":{\"@type\":\"PropertyValueSpecification\",\"valueRequired\":true,\"valueName\":\"search_term_string\"}}],\"inLanguage\":\"es\"},{\"@type\":\"Organization\",\"@id\":\"https:\\\/\\\/sutusummit.com\\\/#organization\",\"name\":\"SUTUS\",\"url\":\"https:\\\/\\\/sutusummit.com\\\/\",\"logo\":{\"@type\":\"ImageObject\",\"inLanguage\":\"es\",\"@id\":\"https:\\\/\\\/sutusummit.com\\\/#\\\/schema\\\/logo\\\/image\\\/\",\"url\":\"https:\\\/\\\/sutusummit.com\\\/web\\\/wp-content\\\/uploads\\\/2019\\\/01\\\/sutuscolor.png\",\"contentUrl\":\"https:\\\/\\\/sutusummit.com\\\/web\\\/wp-content\\\/uploads\\\/2019\\\/01\\\/sutuscolor.png\",\"width\":268,\"height\":85,\"caption\":\"SUTUS\"},\"image\":{\"@id\":\"https:\\\/\\\/sutusummit.com\\\/#\\\/schema\\\/logo\\\/image\\\/\"}},{\"@type\":\"Person\",\"@id\":\"https:\\\/\\\/sutusummit.com\\\/#\\\/schema\\\/person\\\/bac7da778f75d94a53c944f5d4726a34\",\"name\":\"Maria Medina Media\"}]}<\/script>\n<!-- \/ Yoast SEO plugin. -->","yoast_head_json":{"title":"SUTUS, LA CUMBRE MUNDIAL SOBRE TURISMO ESPACIAL Y SUBACU\u00c1TICO, ABRE EL REGISTRO PARA ASISTENTES - SUTUS","robots":{"index":"index","follow":"follow","max-snippet":"max-snippet:-1","max-image-preview":"max-image-preview:large","max-video-preview":"max-video-preview:-1"},"canonical":"https:\/\/sutusummit.com\/es\/sutus-la-cumbre-mundial-sobre-turismo-espacial-y-subacuatico-abre-el-registro-para-asistentes\/","og_locale":"es_ES","og_type":"article","og_title":"SUTUS, LA CUMBRE MUNDIAL SOBRE TURISMO ESPACIAL Y SUBACU\u00c1TICO, ABRE EL REGISTRO PARA ASISTENTES - SUTUS","og_description":"El\u00a023 y 24 de septiembre, coincidiendo con el\u00a0Equinoccio de Oto\u00f1o,\u00a0Medina Media Events\u00a0organiza la primera edici\u00f3n de\u00a0SUTUS (Space &amp; Underwater Tourism Universal Summit)\u00a0a la que ya han confirmado su asistencia algunas de las compa\u00f1\u00edas de EEUU y Europa\u00a0l\u00edderes en ofrecer nuevas experiencias tur\u00edsticas exclusivas\u00a0tanto en el espacio exterior como en el fondo marino. En la web&nbsp;www.sutusummit.com&nbsp;ya&nbsp;se [&hellip;]","og_url":"https:\/\/sutusummit.com\/es\/sutus-la-cumbre-mundial-sobre-turismo-espacial-y-subacuatico-abre-el-registro-para-asistentes\/","og_site_name":"SUTUS","article_published_time":"2019-07-26T08:24:53+00:00","article_modified_time":"2019-07-26T08:24:57+00:00","og_image":[{"width":2217,"height":1224,"url":"https:\/\/sutusummit.com\/web\/wp-content\/uploads\/2019\/07\/sutus.png","type":"image\/png"}],"author":"Maria Medina Media","twitter_card":"summary_large_image","twitter_misc":{"Escrito por":"Maria Medina Media","Tiempo de lectura":"2 minutos"},"schema":{"@context":"https:\/\/schema.org","@graph":[{"@type":"Article","@id":"https:\/\/sutusummit.com\/es\/sutus-la-cumbre-mundial-sobre-turismo-espacial-y-subacuatico-abre-el-registro-para-asistentes\/#article","isPartOf":{"@id":"https:\/\/sutusummit.com\/es\/sutus-la-cumbre-mundial-sobre-turismo-espacial-y-subacuatico-abre-el-registro-para-asistentes\/"},"author":{"name":"Maria Medina Media","@id":"https:\/\/sutusummit.com\/#\/schema\/person\/bac7da778f75d94a53c944f5d4726a34"},"headline":"SUTUS, LA CUMBRE MUNDIAL SOBRE TURISMO ESPACIAL Y SUBACU\u00c1TICO, ABRE EL REGISTRO PARA ASISTENTES","datePublished":"2019-07-26T08:24:53+00:00","dateModified":"2019-07-26T08:24:57+00:00","mainEntityOfPage":{"@id":"https:\/\/sutusummit.com\/es\/sutus-la-cumbre-mundial-sobre-turismo-espacial-y-subacuatico-abre-el-registro-para-asistentes\/"},"wordCount":508,"publisher":{"@id":"https:\/\/sutusummit.com\/#organization"},"image":{"@id":"https:\/\/sutusummit.com\/es\/sutus-la-cumbre-mundial-sobre-turismo-espacial-y-subacuatico-abre-el-registro-para-asistentes\/#primaryimage"},"thumbnailUrl":"https:\/\/sutusummit.com\/web\/wp-content\/uploads\/2019\/07\/sutus.png","articleSection":["Evento"],"inLanguage":"es"},{"@type":"WebPage","@id":"https:\/\/sutusummit.com\/es\/sutus-la-cumbre-mundial-sobre-turismo-espacial-y-subacuatico-abre-el-registro-para-asistentes\/","url":"https:\/\/sutusummit.com\/es\/sutus-la-cumbre-mundial-sobre-turismo-espacial-y-subacuatico-abre-el-registro-para-asistentes\/","name":"SUTUS, LA CUMBRE MUNDIAL SOBRE TURISMO ESPACIAL Y SUBACU\u00c1TICO, ABRE EL REGISTRO PARA ASISTENTES - SUTUS","isPartOf":{"@id":"https:\/\/sutusummit.com\/#website"},"primaryImageOfPage":{"@id":"https:\/\/sutusummit.com\/es\/sutus-la-cumbre-mundial-sobre-turismo-espacial-y-subacuatico-abre-el-registro-para-asistentes\/#primaryimage"},"image":{"@id":"https:\/\/sutusummit.com\/es\/sutus-la-cumbre-mundial-sobre-turismo-espacial-y-subacuatico-abre-el-registro-para-asistentes\/#primaryimage"},"thumbnailUrl":"https:\/\/sutusummit.com\/web\/wp-content\/uploads\/2019\/07\/sutus.png","datePublished":"2019-07-26T08:24:53+00:00","dateModified":"2019-07-26T08:24:57+00:00","breadcrumb":{"@id":"https:\/\/sutusummit.com\/es\/sutus-la-cumbre-mundial-sobre-turismo-espacial-y-subacuatico-abre-el-registro-para-asistentes\/#breadcrumb"},"inLanguage":"es","potentialAction":[{"@type":"ReadAction","target":["https:\/\/sutusummit.com\/es\/sutus-la-cumbre-mundial-sobre-turismo-espacial-y-subacuatico-abre-el-registro-para-asistentes\/"]}]},{"@type":"ImageObject","inLanguage":"es","@id":"https:\/\/sutusummit.com\/es\/sutus-la-cumbre-mundial-sobre-turismo-espacial-y-subacuatico-abre-el-registro-para-asistentes\/#primaryimage","url":"https:\/\/sutusummit.com\/web\/wp-content\/uploads\/2019\/07\/sutus.png","contentUrl":"https:\/\/sutusummit.com\/web\/wp-content\/uploads\/2019\/07\/sutus.png","width":2217,"height":1224},{"@type":"BreadcrumbList","@id":"https:\/\/sutusummit.com\/es\/sutus-la-cumbre-mundial-sobre-turismo-espacial-y-subacuatico-abre-el-registro-para-asistentes\/#breadcrumb","itemListElement":[{"@type":"ListItem","position":1,"name":"Portada","item":"https:\/\/sutusummit.com\/es\/"},{"@type":"ListItem","position":2,"name":"SUTUS, LA CUMBRE MUNDIAL SOBRE TURISMO ESPACIAL Y SUBACU\u00c1TICO, ABRE EL REGISTRO PARA ASISTENTES"}]},{"@type":"WebSite","@id":"https:\/\/sutusummit.com\/#website","url":"https:\/\/sutusummit.com\/","name":"SUTUS","description":"Space &amp; Underwater Tourism Universal Summit","publisher":{"@id":"https:\/\/sutusummit.com\/#organization"},"potentialAction":[{"@type":"SearchAction","target":{"@type":"EntryPoint","urlTemplate":"https:\/\/sutusummit.com\/?s={search_term_string}"},"query-input":{"@type":"PropertyValueSpecification","valueRequired":true,"valueName":"search_term_string"}}],"inLanguage":"es"},{"@type":"Organization","@id":"https:\/\/sutusummit.com\/#organization","name":"SUTUS","url":"https:\/\/sutusummit.com\/","logo":{"@type":"ImageObject","inLanguage":"es","@id":"https:\/\/sutusummit.com\/#\/schema\/logo\/image\/","url":"https:\/\/sutusummit.com\/web\/wp-content\/uploads\/2019\/01\/sutuscolor.png","contentUrl":"https:\/\/sutusummit.com\/web\/wp-content\/uploads\/2019\/01\/sutuscolor.png","width":268,"height":85,"caption":"SUTUS"},"image":{"@id":"https:\/\/sutusummit.com\/#\/schema\/logo\/image\/"}},{"@type":"Person","@id":"https:\/\/sutusummit.com\/#\/schema\/person\/bac7da778f75d94a53c944f5d4726a34","name":"Maria Medina Media"}]}},"_links":{"self":[{"href":"https:\/\/sutusummit.com\/es\/wp-json\/wp\/v2\/posts\/4244","targetHints":{"allow":["GET"]}}],"collection":[{"href":"https:\/\/sutusummit.com\/es\/wp-json\/wp\/v2\/posts"}],"about":[{"href":"https:\/\/sutusummit.com\/es\/wp-json\/wp\/v2\/types\/post"}],"author":[{"embeddable":true,"href":"https:\/\/sutusummit.com\/es\/wp-json\/wp\/v2\/users\/4"}],"replies":[{"embeddable":true,"href":"https:\/\/sutusummit.com\/es\/wp-json\/wp\/v2\/comments?post=4244"}],"version-history":[{"count":0,"href":"https:\/\/sutusummit.com\/es\/wp-json\/wp\/v2\/posts\/4244\/revisions"}],"wp:featuredmedia":[{"embeddable":true,"href":"https:\/\/sutusummit.com\/es\/wp-json\/wp\/v2\/media\/4245"}],"wp:attachment":[{"href":"https:\/\/sutusummit.com\/es\/wp-json\/wp\/v2\/media?parent=4244"}],"wp:term":[{"taxonomy":"category","embeddable":true,"href":"https:\/\/sutusummit.com\/es\/wp-json\/wp\/v2\/categories?post=4244"},{"taxonomy":"post_tag","embeddable":true,"href":"https:\/\/sutusummit.com\/es\/wp-json\/wp\/v2\/tags?post=4244"}],"curies":[{"name":"wp","href":"https:\/\/api.w.org\/{rel}","templated":true}]}}