{"id":4515,"date":"2019-09-13T08:00:21","date_gmt":"2019-09-13T08:00:21","guid":{"rendered":"https:\/\/sutusummit.com\/?p=4515"},"modified":"2019-09-14T07:23:08","modified_gmt":"2019-09-14T07:23:08","slug":"la-esa-completa-la-lista-de-empresas-aeroespaciales-que-participaran-en-sutus-2019","status":"publish","type":"post","link":"https:\/\/sutusummit.com\/es\/la-esa-completa-la-lista-de-empresas-aeroespaciales-que-participaran-en-sutus-2019\/","title":{"rendered":"LA ESA COMPLETA LA LISTA DE EMPRESAS AEROESPACIALES QUE PARTICIPAR\u00c1N EN SUTUS 2019"},"content":{"rendered":"\n<p>\n\nLa&nbsp;<strong>Agencia Espacial Europea (ESA)<\/strong>&nbsp;ha confirmado su participaci\u00f3n en la&nbsp;<strong>primera cumbre sobre Turismo Espacial y Turismo Subacu\u00e1tico&nbsp;<\/strong>que se celebrar\u00e1 los d\u00edas&nbsp;<strong>23 y 24 de septiembre<\/strong>&nbsp;en el campus de&nbsp;<strong>Les Roches Marbella<\/strong>.<\/p>\n\n\n\n<p><strong>Bernard Foing<\/strong>,&nbsp;<strong>director del Grupo de Trabajo Internacional de Exploraci\u00f3n Lunar de la ESA<\/strong>, ser\u00e1 el encargado de representar a esta gran compa\u00f1\u00eda, que completa la lista de empresas aeroespaciales junto a la&nbsp;<strong>NASA, Space Florida y Harris Corporation<\/strong>. <\/p>\n\n\n\n<p><strong>Foing<\/strong>&nbsp;expondr\u00e1 lo m\u00e1s destacado de las misiones que la ESA ha llevado a cabo en la Luna y en Marte y describir\u00e1 cu\u00e1l deber\u00eda ser la hoja de ruta para el futuro, que incluye desarrollar hitos rob\u00f3ticos y humanos, y realizar simulaciones que sirvan para medio ambientes an\u00e1logamente extremos, como son la superficie lunar y marciana.<\/p>\n\n\n\n<p><strong>Bernard Foing<\/strong>&nbsp;es Jefe Cient\u00edfico de la Agencia Espacial Europea (ESA), Director Ejecutivo del Grupo de Trabajo Internacional de Exploraci\u00f3n Lunar (ILEWG), y fue Cient\u00edfico Principal del Proyecto SMART-1, la primera misi\u00f3n europea a la Luna. <\/p>\n\n\n\n<p><strong>Foing<\/strong>&nbsp;es tambi\u00e9n qu\u00edmico org\u00e1nico para Mars Express y coinvestigador de la C\u00e1mara Est\u00e9reo de Alta Resoluci\u00f3n de Mars Express (HRSC) para el orbitador Mars Express.<\/p>\n\n\n\n<p>Adem\u00e1s de la&nbsp;<strong>ESA, NASA, Space Florida y Harris Corporation<\/strong>,&nbsp;<strong>entrenadores, candidatos a turistas espaciales y expertos en el fondo marino participar\u00e1n en la primera edici\u00f3n de SUTUS<\/strong>, donde expondr\u00e1n sus experiencias y explicar\u00e1n las nuevas oportunidades de negocio que se van a crear con el turismo espacial y el turismo subacu\u00e1tico.<\/p>\n\n\n\n<p>El encuentro est\u00e1 organizado por&nbsp;<strong>Les Roches Marbella<\/strong>, escuela internacional de alta direcci\u00f3n de hotel y&nbsp;<strong>Medina Media Events<\/strong>, con la colaboraci\u00f3n de&nbsp;<strong>EXTENDA (Agencia Andaluza de Promoci\u00f3n Exterior)&nbsp;<\/strong>y con el apoyo institucional de&nbsp;<strong>Turismo y Planificaci\u00f3n Costa del Sol<\/strong>&nbsp;y del&nbsp;<strong>Excmo. Ayto de Marbella<\/strong>. <\/p>\n","protected":false},"excerpt":{"rendered":"<p>La&nbsp;Agencia Espacial Europea (ESA)&nbsp;ha confirmado su participaci\u00f3n en la&nbsp;primera cumbre sobre Turismo Espacial y Turismo Subacu\u00e1tico&nbsp;que se celebrar\u00e1 los d\u00edas&nbsp;23 y 24 de septiembre&nbsp;en el campus de&nbsp;Les Roches Marbella. Bernard Foing,&nbsp;director del Grupo de Trabajo Internacional de Exploraci\u00f3n Lunar de la ESA, ser\u00e1 el encargado de representar a esta gran compa\u00f1\u00eda, que completa la lista [&hellip;]<\/p>\n","protected":false},"author":4,"featured_media":4516,"comment_status":"closed","ping_status":"closed","sticky":false,"template":"","format":"standard","meta":{"_acf_changed":false,"footnotes":""},"categories":[100],"tags":[],"class_list":["post-4515","post","type-post","status-publish","format-standard","has-post-thumbnail","hentry","category-evento"],"acf":[],"yoast_head":"<!-- This site is optimized with the Yoast SEO plugin v27.5 - https:\/\/yoast.com\/product\/yoast-seo-wordpress\/ -->\n<title>LA ESA COMPLETA LA LISTA DE EMPRESAS AEROESPACIALES QUE PARTICIPAR\u00c1N EN SUTUS 2019 - SUTUS<\/title>\n<meta name=\"robots\" content=\"index, follow, max-snippet:-1, max-image-preview:large, max-video-preview:-1\" \/>\n<link rel=\"canonical\" href=\"https:\/\/sutusummit.com\/es\/la-esa-completa-la-lista-de-empresas-aeroespaciales-que-participaran-en-sutus-2019\/\" \/>\n<meta property=\"og:locale\" content=\"es_ES\" \/>\n<meta property=\"og:type\" content=\"article\" \/>\n<meta property=\"og:title\" content=\"LA ESA COMPLETA LA LISTA DE EMPRESAS AEROESPACIALES QUE PARTICIPAR\u00c1N EN SUTUS 2019 - SUTUS\" \/>\n<meta property=\"og:description\" content=\"La&nbsp;Agencia Espacial Europea (ESA)&nbsp;ha confirmado su participaci\u00f3n en la&nbsp;primera cumbre sobre Turismo Espacial y Turismo Subacu\u00e1tico&nbsp;que se celebrar\u00e1 los d\u00edas&nbsp;23 y 24 de septiembre&nbsp;en el campus de&nbsp;Les Roches Marbella. Bernard Foing,&nbsp;director del Grupo de Trabajo Internacional de Exploraci\u00f3n Lunar de la ESA, ser\u00e1 el encargado de representar a esta gran compa\u00f1\u00eda, que completa la lista [&hellip;]\" \/>\n<meta property=\"og:url\" content=\"https:\/\/sutusummit.com\/es\/la-esa-completa-la-lista-de-empresas-aeroespaciales-que-participaran-en-sutus-2019\/\" \/>\n<meta property=\"og:site_name\" content=\"SUTUS\" \/>\n<meta property=\"article:published_time\" content=\"2019-09-13T08:00:21+00:00\" \/>\n<meta property=\"article:modified_time\" content=\"2019-09-14T07:23:08+00:00\" \/>\n<meta property=\"og:image\" content=\"https:\/\/sutusummit.com\/web\/wp-content\/uploads\/2019\/09\/maxresdefault.jpg\" \/>\n\t<meta property=\"og:image:width\" content=\"1280\" \/>\n\t<meta property=\"og:image:height\" content=\"720\" \/>\n\t<meta property=\"og:image:type\" content=\"image\/jpeg\" \/>\n<meta name=\"author\" content=\"Maria Medina Media\" \/>\n<meta name=\"twitter:card\" content=\"summary_large_image\" \/>\n<meta name=\"twitter:label1\" content=\"Escrito por\" \/>\n\t<meta name=\"twitter:data1\" content=\"Maria Medina Media\" \/>\n\t<meta name=\"twitter:label2\" content=\"Tiempo de lectura\" \/>\n\t<meta name=\"twitter:data2\" content=\"2 minutos\" \/>\n<script type=\"application\/ld+json\" class=\"yoast-schema-graph\">{\"@context\":\"https:\\\/\\\/schema.org\",\"@graph\":[{\"@type\":\"Article\",\"@id\":\"https:\\\/\\\/sutusummit.com\\\/es\\\/la-esa-completa-la-lista-de-empresas-aeroespaciales-que-participaran-en-sutus-2019\\\/#article\",\"isPartOf\":{\"@id\":\"https:\\\/\\\/sutusummit.com\\\/es\\\/la-esa-completa-la-lista-de-empresas-aeroespaciales-que-participaran-en-sutus-2019\\\/\"},\"author\":{\"name\":\"Maria Medina Media\",\"@id\":\"https:\\\/\\\/sutusummit.com\\\/#\\\/schema\\\/person\\\/bac7da778f75d94a53c944f5d4726a34\"},\"headline\":\"LA ESA COMPLETA LA LISTA DE EMPRESAS AEROESPACIALES QUE PARTICIPAR\u00c1N EN SUTUS 2019\",\"datePublished\":\"2019-09-13T08:00:21+00:00\",\"dateModified\":\"2019-09-14T07:23:08+00:00\",\"mainEntityOfPage\":{\"@id\":\"https:\\\/\\\/sutusummit.com\\\/es\\\/la-esa-completa-la-lista-de-empresas-aeroespaciales-que-participaran-en-sutus-2019\\\/\"},\"wordCount\":355,\"publisher\":{\"@id\":\"https:\\\/\\\/sutusummit.com\\\/#organization\"},\"image\":{\"@id\":\"https:\\\/\\\/sutusummit.com\\\/es\\\/la-esa-completa-la-lista-de-empresas-aeroespaciales-que-participaran-en-sutus-2019\\\/#primaryimage\"},\"thumbnailUrl\":\"https:\\\/\\\/sutusummit.com\\\/web\\\/wp-content\\\/uploads\\\/2019\\\/09\\\/maxresdefault.jpg\",\"articleSection\":[\"Evento\"],\"inLanguage\":\"es\"},{\"@type\":\"WebPage\",\"@id\":\"https:\\\/\\\/sutusummit.com\\\/es\\\/la-esa-completa-la-lista-de-empresas-aeroespaciales-que-participaran-en-sutus-2019\\\/\",\"url\":\"https:\\\/\\\/sutusummit.com\\\/es\\\/la-esa-completa-la-lista-de-empresas-aeroespaciales-que-participaran-en-sutus-2019\\\/\",\"name\":\"LA ESA COMPLETA LA LISTA DE EMPRESAS AEROESPACIALES QUE PARTICIPAR\u00c1N EN SUTUS 2019 - SUTUS\",\"isPartOf\":{\"@id\":\"https:\\\/\\\/sutusummit.com\\\/#website\"},\"primaryImageOfPage\":{\"@id\":\"https:\\\/\\\/sutusummit.com\\\/es\\\/la-esa-completa-la-lista-de-empresas-aeroespaciales-que-participaran-en-sutus-2019\\\/#primaryimage\"},\"image\":{\"@id\":\"https:\\\/\\\/sutusummit.com\\\/es\\\/la-esa-completa-la-lista-de-empresas-aeroespaciales-que-participaran-en-sutus-2019\\\/#primaryimage\"},\"thumbnailUrl\":\"https:\\\/\\\/sutusummit.com\\\/web\\\/wp-content\\\/uploads\\\/2019\\\/09\\\/maxresdefault.jpg\",\"datePublished\":\"2019-09-13T08:00:21+00:00\",\"dateModified\":\"2019-09-14T07:23:08+00:00\",\"breadcrumb\":{\"@id\":\"https:\\\/\\\/sutusummit.com\\\/es\\\/la-esa-completa-la-lista-de-empresas-aeroespaciales-que-participaran-en-sutus-2019\\\/#breadcrumb\"},\"inLanguage\":\"es\",\"potentialAction\":[{\"@type\":\"ReadAction\",\"target\":[\"https:\\\/\\\/sutusummit.com\\\/es\\\/la-esa-completa-la-lista-de-empresas-aeroespaciales-que-participaran-en-sutus-2019\\\/\"]}]},{\"@type\":\"ImageObject\",\"inLanguage\":\"es\",\"@id\":\"https:\\\/\\\/sutusummit.com\\\/es\\\/la-esa-completa-la-lista-de-empresas-aeroespaciales-que-participaran-en-sutus-2019\\\/#primaryimage\",\"url\":\"https:\\\/\\\/sutusummit.com\\\/web\\\/wp-content\\\/uploads\\\/2019\\\/09\\\/maxresdefault.jpg\",\"contentUrl\":\"https:\\\/\\\/sutusummit.com\\\/web\\\/wp-content\\\/uploads\\\/2019\\\/09\\\/maxresdefault.jpg\",\"width\":1280,\"height\":720},{\"@type\":\"BreadcrumbList\",\"@id\":\"https:\\\/\\\/sutusummit.com\\\/es\\\/la-esa-completa-la-lista-de-empresas-aeroespaciales-que-participaran-en-sutus-2019\\\/#breadcrumb\",\"itemListElement\":[{\"@type\":\"ListItem\",\"position\":1,\"name\":\"Portada\",\"item\":\"https:\\\/\\\/sutusummit.com\\\/es\\\/\"},{\"@type\":\"ListItem\",\"position\":2,\"name\":\"LA ESA COMPLETA LA LISTA DE EMPRESAS AEROESPACIALES QUE PARTICIPAR\u00c1N EN SUTUS 2019\"}]},{\"@type\":\"WebSite\",\"@id\":\"https:\\\/\\\/sutusummit.com\\\/#website\",\"url\":\"https:\\\/\\\/sutusummit.com\\\/\",\"name\":\"SUTUS\",\"description\":\"Space &amp; Underwater Tourism Universal Summit\",\"publisher\":{\"@id\":\"https:\\\/\\\/sutusummit.com\\\/#organization\"},\"potentialAction\":[{\"@type\":\"SearchAction\",\"target\":{\"@type\":\"EntryPoint\",\"urlTemplate\":\"https:\\\/\\\/sutusummit.com\\\/?s={search_term_string}\"},\"query-input\":{\"@type\":\"PropertyValueSpecification\",\"valueRequired\":true,\"valueName\":\"search_term_string\"}}],\"inLanguage\":\"es\"},{\"@type\":\"Organization\",\"@id\":\"https:\\\/\\\/sutusummit.com\\\/#organization\",\"name\":\"SUTUS\",\"url\":\"https:\\\/\\\/sutusummit.com\\\/\",\"logo\":{\"@type\":\"ImageObject\",\"inLanguage\":\"es\",\"@id\":\"https:\\\/\\\/sutusummit.com\\\/#\\\/schema\\\/logo\\\/image\\\/\",\"url\":\"https:\\\/\\\/sutusummit.com\\\/web\\\/wp-content\\\/uploads\\\/2019\\\/01\\\/sutuscolor.png\",\"contentUrl\":\"https:\\\/\\\/sutusummit.com\\\/web\\\/wp-content\\\/uploads\\\/2019\\\/01\\\/sutuscolor.png\",\"width\":268,\"height\":85,\"caption\":\"SUTUS\"},\"image\":{\"@id\":\"https:\\\/\\\/sutusummit.com\\\/#\\\/schema\\\/logo\\\/image\\\/\"}},{\"@type\":\"Person\",\"@id\":\"https:\\\/\\\/sutusummit.com\\\/#\\\/schema\\\/person\\\/bac7da778f75d94a53c944f5d4726a34\",\"name\":\"Maria Medina Media\"}]}<\/script>\n<!-- \/ Yoast SEO plugin. -->","yoast_head_json":{"title":"LA ESA COMPLETA LA LISTA DE EMPRESAS AEROESPACIALES QUE PARTICIPAR\u00c1N EN SUTUS 2019 - SUTUS","robots":{"index":"index","follow":"follow","max-snippet":"max-snippet:-1","max-image-preview":"max-image-preview:large","max-video-preview":"max-video-preview:-1"},"canonical":"https:\/\/sutusummit.com\/es\/la-esa-completa-la-lista-de-empresas-aeroespaciales-que-participaran-en-sutus-2019\/","og_locale":"es_ES","og_type":"article","og_title":"LA ESA COMPLETA LA LISTA DE EMPRESAS AEROESPACIALES QUE PARTICIPAR\u00c1N EN SUTUS 2019 - SUTUS","og_description":"La&nbsp;Agencia Espacial Europea (ESA)&nbsp;ha confirmado su participaci\u00f3n en la&nbsp;primera cumbre sobre Turismo Espacial y Turismo Subacu\u00e1tico&nbsp;que se celebrar\u00e1 los d\u00edas&nbsp;23 y 24 de septiembre&nbsp;en el campus de&nbsp;Les Roches Marbella. Bernard Foing,&nbsp;director del Grupo de Trabajo Internacional de Exploraci\u00f3n Lunar de la ESA, ser\u00e1 el encargado de representar a esta gran compa\u00f1\u00eda, que completa la lista [&hellip;]","og_url":"https:\/\/sutusummit.com\/es\/la-esa-completa-la-lista-de-empresas-aeroespaciales-que-participaran-en-sutus-2019\/","og_site_name":"SUTUS","article_published_time":"2019-09-13T08:00:21+00:00","article_modified_time":"2019-09-14T07:23:08+00:00","og_image":[{"width":1280,"height":720,"url":"https:\/\/sutusummit.com\/web\/wp-content\/uploads\/2019\/09\/maxresdefault.jpg","type":"image\/jpeg"}],"author":"Maria Medina Media","twitter_card":"summary_large_image","twitter_misc":{"Escrito por":"Maria Medina Media","Tiempo de lectura":"2 minutos"},"schema":{"@context":"https:\/\/schema.org","@graph":[{"@type":"Article","@id":"https:\/\/sutusummit.com\/es\/la-esa-completa-la-lista-de-empresas-aeroespaciales-que-participaran-en-sutus-2019\/#article","isPartOf":{"@id":"https:\/\/sutusummit.com\/es\/la-esa-completa-la-lista-de-empresas-aeroespaciales-que-participaran-en-sutus-2019\/"},"author":{"name":"Maria Medina Media","@id":"https:\/\/sutusummit.com\/#\/schema\/person\/bac7da778f75d94a53c944f5d4726a34"},"headline":"LA ESA COMPLETA LA LISTA DE EMPRESAS AEROESPACIALES QUE PARTICIPAR\u00c1N EN SUTUS 2019","datePublished":"2019-09-13T08:00:21+00:00","dateModified":"2019-09-14T07:23:08+00:00","mainEntityOfPage":{"@id":"https:\/\/sutusummit.com\/es\/la-esa-completa-la-lista-de-empresas-aeroespaciales-que-participaran-en-sutus-2019\/"},"wordCount":355,"publisher":{"@id":"https:\/\/sutusummit.com\/#organization"},"image":{"@id":"https:\/\/sutusummit.com\/es\/la-esa-completa-la-lista-de-empresas-aeroespaciales-que-participaran-en-sutus-2019\/#primaryimage"},"thumbnailUrl":"https:\/\/sutusummit.com\/web\/wp-content\/uploads\/2019\/09\/maxresdefault.jpg","articleSection":["Evento"],"inLanguage":"es"},{"@type":"WebPage","@id":"https:\/\/sutusummit.com\/es\/la-esa-completa-la-lista-de-empresas-aeroespaciales-que-participaran-en-sutus-2019\/","url":"https:\/\/sutusummit.com\/es\/la-esa-completa-la-lista-de-empresas-aeroespaciales-que-participaran-en-sutus-2019\/","name":"LA ESA COMPLETA LA LISTA DE EMPRESAS AEROESPACIALES QUE PARTICIPAR\u00c1N EN SUTUS 2019 - SUTUS","isPartOf":{"@id":"https:\/\/sutusummit.com\/#website"},"primaryImageOfPage":{"@id":"https:\/\/sutusummit.com\/es\/la-esa-completa-la-lista-de-empresas-aeroespaciales-que-participaran-en-sutus-2019\/#primaryimage"},"image":{"@id":"https:\/\/sutusummit.com\/es\/la-esa-completa-la-lista-de-empresas-aeroespaciales-que-participaran-en-sutus-2019\/#primaryimage"},"thumbnailUrl":"https:\/\/sutusummit.com\/web\/wp-content\/uploads\/2019\/09\/maxresdefault.jpg","datePublished":"2019-09-13T08:00:21+00:00","dateModified":"2019-09-14T07:23:08+00:00","breadcrumb":{"@id":"https:\/\/sutusummit.com\/es\/la-esa-completa-la-lista-de-empresas-aeroespaciales-que-participaran-en-sutus-2019\/#breadcrumb"},"inLanguage":"es","potentialAction":[{"@type":"ReadAction","target":["https:\/\/sutusummit.com\/es\/la-esa-completa-la-lista-de-empresas-aeroespaciales-que-participaran-en-sutus-2019\/"]}]},{"@type":"ImageObject","inLanguage":"es","@id":"https:\/\/sutusummit.com\/es\/la-esa-completa-la-lista-de-empresas-aeroespaciales-que-participaran-en-sutus-2019\/#primaryimage","url":"https:\/\/sutusummit.com\/web\/wp-content\/uploads\/2019\/09\/maxresdefault.jpg","contentUrl":"https:\/\/sutusummit.com\/web\/wp-content\/uploads\/2019\/09\/maxresdefault.jpg","width":1280,"height":720},{"@type":"BreadcrumbList","@id":"https:\/\/sutusummit.com\/es\/la-esa-completa-la-lista-de-empresas-aeroespaciales-que-participaran-en-sutus-2019\/#breadcrumb","itemListElement":[{"@type":"ListItem","position":1,"name":"Portada","item":"https:\/\/sutusummit.com\/es\/"},{"@type":"ListItem","position":2,"name":"LA ESA COMPLETA LA LISTA DE EMPRESAS AEROESPACIALES QUE PARTICIPAR\u00c1N EN SUTUS 2019"}]},{"@type":"WebSite","@id":"https:\/\/sutusummit.com\/#website","url":"https:\/\/sutusummit.com\/","name":"SUTUS","description":"Space &amp; Underwater Tourism Universal Summit","publisher":{"@id":"https:\/\/sutusummit.com\/#organization"},"potentialAction":[{"@type":"SearchAction","target":{"@type":"EntryPoint","urlTemplate":"https:\/\/sutusummit.com\/?s={search_term_string}"},"query-input":{"@type":"PropertyValueSpecification","valueRequired":true,"valueName":"search_term_string"}}],"inLanguage":"es"},{"@type":"Organization","@id":"https:\/\/sutusummit.com\/#organization","name":"SUTUS","url":"https:\/\/sutusummit.com\/","logo":{"@type":"ImageObject","inLanguage":"es","@id":"https:\/\/sutusummit.com\/#\/schema\/logo\/image\/","url":"https:\/\/sutusummit.com\/web\/wp-content\/uploads\/2019\/01\/sutuscolor.png","contentUrl":"https:\/\/sutusummit.com\/web\/wp-content\/uploads\/2019\/01\/sutuscolor.png","width":268,"height":85,"caption":"SUTUS"},"image":{"@id":"https:\/\/sutusummit.com\/#\/schema\/logo\/image\/"}},{"@type":"Person","@id":"https:\/\/sutusummit.com\/#\/schema\/person\/bac7da778f75d94a53c944f5d4726a34","name":"Maria Medina Media"}]}},"_links":{"self":[{"href":"https:\/\/sutusummit.com\/es\/wp-json\/wp\/v2\/posts\/4515","targetHints":{"allow":["GET"]}}],"collection":[{"href":"https:\/\/sutusummit.com\/es\/wp-json\/wp\/v2\/posts"}],"about":[{"href":"https:\/\/sutusummit.com\/es\/wp-json\/wp\/v2\/types\/post"}],"author":[{"embeddable":true,"href":"https:\/\/sutusummit.com\/es\/wp-json\/wp\/v2\/users\/4"}],"replies":[{"embeddable":true,"href":"https:\/\/sutusummit.com\/es\/wp-json\/wp\/v2\/comments?post=4515"}],"version-history":[{"count":0,"href":"https:\/\/sutusummit.com\/es\/wp-json\/wp\/v2\/posts\/4515\/revisions"}],"wp:featuredmedia":[{"embeddable":true,"href":"https:\/\/sutusummit.com\/es\/wp-json\/wp\/v2\/media\/4516"}],"wp:attachment":[{"href":"https:\/\/sutusummit.com\/es\/wp-json\/wp\/v2\/media?parent=4515"}],"wp:term":[{"taxonomy":"category","embeddable":true,"href":"https:\/\/sutusummit.com\/es\/wp-json\/wp\/v2\/categories?post=4515"},{"taxonomy":"post_tag","embeddable":true,"href":"https:\/\/sutusummit.com\/es\/wp-json\/wp\/v2\/tags?post=4515"}],"curies":[{"name":"wp","href":"https:\/\/api.w.org\/{rel}","templated":true}]}}