{"id":4627,"date":"2019-09-25T12:15:38","date_gmt":"2019-09-25T12:15:38","guid":{"rendered":"https:\/\/sutusummit.com\/?p=4627"},"modified":"2019-09-25T12:15:41","modified_gmt":"2019-09-25T12:15:41","slug":"se-anuncia-sutus-2020-tras-el-exito-de-su-primera-edicion","status":"publish","type":"post","link":"https:\/\/sutusummit.com\/es\/se-anuncia-sutus-2020-tras-el-exito-de-su-primera-edicion\/","title":{"rendered":"SE ANUNCIA SUTUS 2020 TRAS EL \u00c9XITO DE SU PRIMERA EDICI\u00d3N"},"content":{"rendered":"\n<p>Tras el \u00e9xito de la&nbsp;<strong>primera cumbre internacional sobre Turismo Espacial y Subacu\u00e1tico (SUTUS 2019)<\/strong>, celebrada durante los d\u00edas 23 y 24 de septiembre en&nbsp;<strong>Les Roches Marbella<\/strong>, la organizaci\u00f3n anuncia ya&nbsp;<strong>nueva edici\u00f3n del evento en 2020<\/strong>, coincidiendo tambi\u00e9n con el Equinoccio de Oto\u00f1o.<\/p>\n\n\n\n<p><strong>M\u00e1s de 250 asistentes profesionales y alumnos de m\u00e1s de 90 pa\u00edses<\/strong>&nbsp;han seguido con gran inter\u00e9s las conferencias de primer nivel con delegados de la&nbsp;<strong>Nasa, ESA, Space Florida, Harris Corporation<\/strong>, etc. Adem\u00e1s, los asistentes a SUTUS&nbsp;<strong>valoraron los momentos de networking, as\u00ed como las experiencias de Realidad Virtual&nbsp;<\/strong>sobre el espacio y los oc\u00e9anos instaladas en la Demo Area.<\/p>\n\n\n\n<div class=\"wp-block-image\"><figure class=\"aligncenter\"><img loading=\"lazy\" decoding=\"async\" width=\"563\" height=\"176\" src=\"https:\/\/sutusummit.com\/wp-content\/uploads\/2019\/09\/sutus-1.png\" alt=\"\" class=\"wp-image-4628\" srcset=\"https:\/\/sutusummit.com\/web\/wp-content\/uploads\/2019\/09\/sutus-1.png 563w, https:\/\/sutusummit.com\/web\/wp-content\/uploads\/2019\/09\/sutus-1-300x94.png 300w\" sizes=\"auto, (max-width: 563px) 100vw, 563px\" \/><\/figure><\/div>\n\n\n\n<p><strong>SUTUS (Space &amp; Underwater Tourism Universal Summit)<\/strong>, organizado por\u00a0<strong>Les Roches Marbella<\/strong>\u00a0y\u00a0<strong>Medina Media Events<\/strong>, ha sido el primer evento internacional que ha tratado conjuntamente las nuevas fronteras que para el turismo se est\u00e1n alcanzando en el espacio y los abismos. En\u00a0<strong>esta primera edici\u00f3n SUTUS ha conseguido colgar el cartel de \u201cno hay billetes\u201d<\/strong>\u00a0y\u00a0<strong>atraer a periodistas especializados de China, Italia, Colombia, Portugal, B\u00e9lgica y Espa\u00f1a<\/strong>, adem\u00e1s de numerosos medios espa\u00f1oles. <\/p>\n\n\n\n<div class=\"wp-block-image\"><figure class=\"aligncenter\"><img loading=\"lazy\" decoding=\"async\" width=\"559\" height=\"366\" src=\"https:\/\/sutusummit.com\/wp-content\/uploads\/2019\/09\/sutus-2.png\" alt=\"\" class=\"wp-image-4630\" srcset=\"https:\/\/sutusummit.com\/web\/wp-content\/uploads\/2019\/09\/sutus-2.png 559w, https:\/\/sutusummit.com\/web\/wp-content\/uploads\/2019\/09\/sutus-2-300x196.png 300w\" sizes=\"auto, (max-width: 559px) 100vw, 559px\" \/><\/figure><\/div>\n\n\n\n<h2 class=\"wp-block-heading\"><strong>EL ESPACIO Y LOS OC\u00c9ANOS SE UNEN EN LA SEGUNDA JORNADA DE SUTUS<\/strong><\/h2>\n\n\n\n<p>La segunda jornada de SUTUS 2019 culmin\u00f3 en la tarde de ayer, martes 24 de septiembre, con las presentaciones de los distintos candidatos a turistas espaciales y del bloque tem\u00e1tico del mundo subacu\u00e1tico.<\/p>\n\n\n\n<p><strong>Ana Bru<\/strong>,&nbsp;<strong>primera mujer espa\u00f1ola que viajar\u00e1 a la estratosfera con Virgin Galactic&nbsp;<\/strong>y propietaria de la agencia de viajes exclusivos&nbsp;<strong>BRU&amp;BRU<\/strong>; el astronauta civil&nbsp;<strong>Eduardo Lurue\u00f1a<\/strong>; y&nbsp;<strong>\u00c1ngel Jan\u00e9<\/strong>, finalista del proyecto&nbsp;<strong>\u201cMars One\u201d<\/strong>&nbsp;para establecer una colonia en Marte, participaron junto a la periodista y escritora&nbsp;<strong>Cristina Mart\u00edn Jim\u00e9nez<\/strong>&nbsp;en una intensa sesi\u00f3n de debate sobre la existencia de indicios de vida fuera de nuestras fronteras en la que todos coincidieron afirmativamente.<\/p>\n\n\n\n<p><strong>Javier Noriega<\/strong>, presidente del&nbsp;<strong>Cl\u00faster Mar\u00edtimo Marino de Andaluc\u00eda<\/strong>, fue el encargado de abrir el bloque tem\u00e1tico del mundo subacu\u00e1tico, explicando a los asistentes las posibilidades que encierran los oc\u00e9anos:&nbsp;<em>\u201cviajar al mundo marino es viajar tambi\u00e9n a la profundidad. El medio marino es un cosmos m\u00e1s desconocido que el espacio\u201d<\/em>, ha apuntado Noriega.<\/p>\n\n\n\n<p>Despu\u00e9s de su intervenci\u00f3n, representantes de distintas universidades como&nbsp;<strong>Michele Stefanile<\/strong>, arque\u00f3logo submarino de la Universidad de N\u00e1poles \u00abL\u2019Orientale\u00bb;&nbsp;<strong>Jos\u00e9 Antonio Moya,&nbsp;<\/strong>periodista cient\u00edfico y profesor de Comunicaci\u00f3n Audiovisual en la Universidad de Alicante; y el profesor del M\u00e1ster de Arqueolog\u00eda N\u00e1utica y Subacu\u00e1tica de la Universidad de C\u00e1diz,&nbsp;<strong>Luis Carlos Zambrano<\/strong>, expusieron ante el auditorio distintos proyectos de turismo subacu\u00e1tico nacionales e internacionales, como el&nbsp;<strong>pecio del Bou Ferrer<\/strong>&nbsp;en Villajoyosa (Espa\u00f1a) y la&nbsp;<strong>ciudad submarina de Baia \u201cLa Pompeya Submarina\u201d<\/strong>, en N\u00e1poles (Italia).<\/p>\n\n\n\n<p><strong>Scott Waters, Project Manager de Pisces VI Submarine<\/strong>, fue el \u00faltimo en realizar su presentaci\u00f3n, donde habl\u00f3 sobre inmersiones subacu\u00e1ticas en grandes profundidades, donde se encuentran criaturas jam\u00e1s vistas por el ser humano; y sobre las posibilidades de turismo subacu\u00e1tico que ofrece el&nbsp;<strong>submarino Pisces VI<\/strong>, que recibir\u00e1 pr\u00f3ximamente a 5 turistas para realizar un viaje de 25 d\u00edas en la Ant\u00e1rtida.<\/p>\n\n\n\n<p><strong>Carlos D\u00edez de la Lastra<\/strong>,&nbsp;<strong>director general de Les Roches Marbella<\/strong>, ha sido&nbsp;el encargado de poner el broche final a la primera edici\u00f3n de&nbsp;<strong>Space &amp; Underwater Tourism Universal Summit (SUTUS)<\/strong>, quien ha agradecido&nbsp;la participaci\u00f3n y colaboraci\u00f3n tanto a profesionales, empresas y asistentes y anunci\u00f3 junto a&nbsp;<strong>Ricardo Medina, CEO de Medina Media Events<\/strong>, una nueva edici\u00f3n del evento en septiembre de 2020 coincidiendo, al igual que este a\u00f1o, con el Equinoccio de Oto\u00f1o.<\/p>\n\n\n\n<p><strong>SUTUS 2019<\/strong>, organizado por la instituci\u00f3n acad\u00e9mica suiza&nbsp;<strong>Les Roches<\/strong>&nbsp;y por&nbsp;<strong>Medina Media Events<\/strong>, ha contado con la colaboraci\u00f3n de<strong>&nbsp;EXTENDA&nbsp;<\/strong>(<strong>Agencia Andaluza de Promoci\u00f3n Exterior)<\/strong>, adem\u00e1s de&nbsp;<strong>Turismo de la Costa del Sol, de la Mancomunidad de Municipios de M\u00e1laga y del Ayuntamiento de Marbella<\/strong>.<\/p>\n","protected":false},"excerpt":{"rendered":"<p>Tras el \u00e9xito de la&nbsp;primera cumbre internacional sobre Turismo Espacial y Subacu\u00e1tico (SUTUS 2019), celebrada durante los d\u00edas 23 y 24 de septiembre en&nbsp;Les Roches Marbella, la organizaci\u00f3n anuncia ya&nbsp;nueva edici\u00f3n del evento en 2020, coincidiendo tambi\u00e9n con el Equinoccio de Oto\u00f1o. M\u00e1s de 250 asistentes profesionales y alumnos de m\u00e1s de 90 pa\u00edses&nbsp;han seguido [&hellip;]<\/p>\n","protected":false},"author":4,"featured_media":4632,"comment_status":"closed","ping_status":"closed","sticky":false,"template":"","format":"standard","meta":{"_acf_changed":false,"footnotes":""},"categories":[100],"tags":[],"class_list":["post-4627","post","type-post","status-publish","format-standard","has-post-thumbnail","hentry","category-evento"],"acf":[],"yoast_head":"<!-- This site is optimized with the Yoast SEO plugin v27.5 - https:\/\/yoast.com\/product\/yoast-seo-wordpress\/ -->\n<title>SE ANUNCIA SUTUS 2020 TRAS EL \u00c9XITO DE SU PRIMERA EDICI\u00d3N - SUTUS<\/title>\n<meta name=\"robots\" content=\"index, follow, max-snippet:-1, max-image-preview:large, max-video-preview:-1\" \/>\n<link rel=\"canonical\" href=\"https:\/\/sutusummit.com\/es\/se-anuncia-sutus-2020-tras-el-exito-de-su-primera-edicion\/\" \/>\n<meta property=\"og:locale\" content=\"es_ES\" \/>\n<meta property=\"og:type\" content=\"article\" \/>\n<meta property=\"og:title\" content=\"SE ANUNCIA SUTUS 2020 TRAS EL \u00c9XITO DE SU PRIMERA EDICI\u00d3N - SUTUS\" \/>\n<meta property=\"og:description\" content=\"Tras el \u00e9xito de la&nbsp;primera cumbre internacional sobre Turismo Espacial y Subacu\u00e1tico (SUTUS 2019), celebrada durante los d\u00edas 23 y 24 de septiembre en&nbsp;Les Roches Marbella, la organizaci\u00f3n anuncia ya&nbsp;nueva edici\u00f3n del evento en 2020, coincidiendo tambi\u00e9n con el Equinoccio de Oto\u00f1o. M\u00e1s de 250 asistentes profesionales y alumnos de m\u00e1s de 90 pa\u00edses&nbsp;han seguido [&hellip;]\" \/>\n<meta property=\"og:url\" content=\"https:\/\/sutusummit.com\/es\/se-anuncia-sutus-2020-tras-el-exito-de-su-primera-edicion\/\" \/>\n<meta property=\"og:site_name\" content=\"SUTUS\" \/>\n<meta property=\"article:published_time\" content=\"2019-09-25T12:15:38+00:00\" \/>\n<meta property=\"article:modified_time\" content=\"2019-09-25T12:15:41+00:00\" \/>\n<meta property=\"og:image\" content=\"https:\/\/sutusummit.com\/web\/wp-content\/uploads\/2019\/09\/377700b5-543a-4288-a829-0ee0e17dd92d-1.jpg\" \/>\n\t<meta property=\"og:image:width\" content=\"1920\" \/>\n\t<meta property=\"og:image:height\" content=\"1280\" \/>\n\t<meta property=\"og:image:type\" content=\"image\/jpeg\" \/>\n<meta name=\"author\" content=\"Maria Medina Media\" \/>\n<meta name=\"twitter:card\" content=\"summary_large_image\" \/>\n<meta name=\"twitter:label1\" content=\"Escrito por\" \/>\n\t<meta name=\"twitter:data1\" content=\"Maria Medina Media\" \/>\n\t<meta name=\"twitter:label2\" content=\"Tiempo de lectura\" \/>\n\t<meta name=\"twitter:data2\" content=\"4 minutos\" \/>\n<script type=\"application\/ld+json\" class=\"yoast-schema-graph\">{\"@context\":\"https:\\\/\\\/schema.org\",\"@graph\":[{\"@type\":\"Article\",\"@id\":\"https:\\\/\\\/sutusummit.com\\\/es\\\/se-anuncia-sutus-2020-tras-el-exito-de-su-primera-edicion\\\/#article\",\"isPartOf\":{\"@id\":\"https:\\\/\\\/sutusummit.com\\\/es\\\/se-anuncia-sutus-2020-tras-el-exito-de-su-primera-edicion\\\/\"},\"author\":{\"name\":\"Maria Medina Media\",\"@id\":\"https:\\\/\\\/sutusummit.com\\\/#\\\/schema\\\/person\\\/bac7da778f75d94a53c944f5d4726a34\"},\"headline\":\"SE ANUNCIA SUTUS 2020 TRAS EL \u00c9XITO DE SU PRIMERA EDICI\u00d3N\",\"datePublished\":\"2019-09-25T12:15:38+00:00\",\"dateModified\":\"2019-09-25T12:15:41+00:00\",\"mainEntityOfPage\":{\"@id\":\"https:\\\/\\\/sutusummit.com\\\/es\\\/se-anuncia-sutus-2020-tras-el-exito-de-su-primera-edicion\\\/\"},\"wordCount\":731,\"publisher\":{\"@id\":\"https:\\\/\\\/sutusummit.com\\\/#organization\"},\"image\":{\"@id\":\"https:\\\/\\\/sutusummit.com\\\/es\\\/se-anuncia-sutus-2020-tras-el-exito-de-su-primera-edicion\\\/#primaryimage\"},\"thumbnailUrl\":\"https:\\\/\\\/sutusummit.com\\\/web\\\/wp-content\\\/uploads\\\/2019\\\/09\\\/377700b5-543a-4288-a829-0ee0e17dd92d-1.jpg\",\"articleSection\":[\"Evento\"],\"inLanguage\":\"es\"},{\"@type\":\"WebPage\",\"@id\":\"https:\\\/\\\/sutusummit.com\\\/es\\\/se-anuncia-sutus-2020-tras-el-exito-de-su-primera-edicion\\\/\",\"url\":\"https:\\\/\\\/sutusummit.com\\\/es\\\/se-anuncia-sutus-2020-tras-el-exito-de-su-primera-edicion\\\/\",\"name\":\"SE ANUNCIA SUTUS 2020 TRAS EL \u00c9XITO DE SU PRIMERA EDICI\u00d3N - SUTUS\",\"isPartOf\":{\"@id\":\"https:\\\/\\\/sutusummit.com\\\/#website\"},\"primaryImageOfPage\":{\"@id\":\"https:\\\/\\\/sutusummit.com\\\/es\\\/se-anuncia-sutus-2020-tras-el-exito-de-su-primera-edicion\\\/#primaryimage\"},\"image\":{\"@id\":\"https:\\\/\\\/sutusummit.com\\\/es\\\/se-anuncia-sutus-2020-tras-el-exito-de-su-primera-edicion\\\/#primaryimage\"},\"thumbnailUrl\":\"https:\\\/\\\/sutusummit.com\\\/web\\\/wp-content\\\/uploads\\\/2019\\\/09\\\/377700b5-543a-4288-a829-0ee0e17dd92d-1.jpg\",\"datePublished\":\"2019-09-25T12:15:38+00:00\",\"dateModified\":\"2019-09-25T12:15:41+00:00\",\"breadcrumb\":{\"@id\":\"https:\\\/\\\/sutusummit.com\\\/es\\\/se-anuncia-sutus-2020-tras-el-exito-de-su-primera-edicion\\\/#breadcrumb\"},\"inLanguage\":\"es\",\"potentialAction\":[{\"@type\":\"ReadAction\",\"target\":[\"https:\\\/\\\/sutusummit.com\\\/es\\\/se-anuncia-sutus-2020-tras-el-exito-de-su-primera-edicion\\\/\"]}]},{\"@type\":\"ImageObject\",\"inLanguage\":\"es\",\"@id\":\"https:\\\/\\\/sutusummit.com\\\/es\\\/se-anuncia-sutus-2020-tras-el-exito-de-su-primera-edicion\\\/#primaryimage\",\"url\":\"https:\\\/\\\/sutusummit.com\\\/web\\\/wp-content\\\/uploads\\\/2019\\\/09\\\/377700b5-543a-4288-a829-0ee0e17dd92d-1.jpg\",\"contentUrl\":\"https:\\\/\\\/sutusummit.com\\\/web\\\/wp-content\\\/uploads\\\/2019\\\/09\\\/377700b5-543a-4288-a829-0ee0e17dd92d-1.jpg\",\"width\":1920,\"height\":1280},{\"@type\":\"BreadcrumbList\",\"@id\":\"https:\\\/\\\/sutusummit.com\\\/es\\\/se-anuncia-sutus-2020-tras-el-exito-de-su-primera-edicion\\\/#breadcrumb\",\"itemListElement\":[{\"@type\":\"ListItem\",\"position\":1,\"name\":\"Portada\",\"item\":\"https:\\\/\\\/sutusummit.com\\\/es\\\/\"},{\"@type\":\"ListItem\",\"position\":2,\"name\":\"SE ANUNCIA SUTUS 2020 TRAS EL \u00c9XITO DE SU PRIMERA EDICI\u00d3N\"}]},{\"@type\":\"WebSite\",\"@id\":\"https:\\\/\\\/sutusummit.com\\\/#website\",\"url\":\"https:\\\/\\\/sutusummit.com\\\/\",\"name\":\"SUTUS\",\"description\":\"Space &amp; Underwater Tourism Universal Summit\",\"publisher\":{\"@id\":\"https:\\\/\\\/sutusummit.com\\\/#organization\"},\"potentialAction\":[{\"@type\":\"SearchAction\",\"target\":{\"@type\":\"EntryPoint\",\"urlTemplate\":\"https:\\\/\\\/sutusummit.com\\\/?s={search_term_string}\"},\"query-input\":{\"@type\":\"PropertyValueSpecification\",\"valueRequired\":true,\"valueName\":\"search_term_string\"}}],\"inLanguage\":\"es\"},{\"@type\":\"Organization\",\"@id\":\"https:\\\/\\\/sutusummit.com\\\/#organization\",\"name\":\"SUTUS\",\"url\":\"https:\\\/\\\/sutusummit.com\\\/\",\"logo\":{\"@type\":\"ImageObject\",\"inLanguage\":\"es\",\"@id\":\"https:\\\/\\\/sutusummit.com\\\/#\\\/schema\\\/logo\\\/image\\\/\",\"url\":\"https:\\\/\\\/sutusummit.com\\\/web\\\/wp-content\\\/uploads\\\/2019\\\/01\\\/sutuscolor.png\",\"contentUrl\":\"https:\\\/\\\/sutusummit.com\\\/web\\\/wp-content\\\/uploads\\\/2019\\\/01\\\/sutuscolor.png\",\"width\":268,\"height\":85,\"caption\":\"SUTUS\"},\"image\":{\"@id\":\"https:\\\/\\\/sutusummit.com\\\/#\\\/schema\\\/logo\\\/image\\\/\"}},{\"@type\":\"Person\",\"@id\":\"https:\\\/\\\/sutusummit.com\\\/#\\\/schema\\\/person\\\/bac7da778f75d94a53c944f5d4726a34\",\"name\":\"Maria Medina Media\"}]}<\/script>\n<!-- \/ Yoast SEO plugin. -->","yoast_head_json":{"title":"SE ANUNCIA SUTUS 2020 TRAS EL \u00c9XITO DE SU PRIMERA EDICI\u00d3N - SUTUS","robots":{"index":"index","follow":"follow","max-snippet":"max-snippet:-1","max-image-preview":"max-image-preview:large","max-video-preview":"max-video-preview:-1"},"canonical":"https:\/\/sutusummit.com\/es\/se-anuncia-sutus-2020-tras-el-exito-de-su-primera-edicion\/","og_locale":"es_ES","og_type":"article","og_title":"SE ANUNCIA SUTUS 2020 TRAS EL \u00c9XITO DE SU PRIMERA EDICI\u00d3N - SUTUS","og_description":"Tras el \u00e9xito de la&nbsp;primera cumbre internacional sobre Turismo Espacial y Subacu\u00e1tico (SUTUS 2019), celebrada durante los d\u00edas 23 y 24 de septiembre en&nbsp;Les Roches Marbella, la organizaci\u00f3n anuncia ya&nbsp;nueva edici\u00f3n del evento en 2020, coincidiendo tambi\u00e9n con el Equinoccio de Oto\u00f1o. M\u00e1s de 250 asistentes profesionales y alumnos de m\u00e1s de 90 pa\u00edses&nbsp;han seguido [&hellip;]","og_url":"https:\/\/sutusummit.com\/es\/se-anuncia-sutus-2020-tras-el-exito-de-su-primera-edicion\/","og_site_name":"SUTUS","article_published_time":"2019-09-25T12:15:38+00:00","article_modified_time":"2019-09-25T12:15:41+00:00","og_image":[{"width":1920,"height":1280,"url":"https:\/\/sutusummit.com\/web\/wp-content\/uploads\/2019\/09\/377700b5-543a-4288-a829-0ee0e17dd92d-1.jpg","type":"image\/jpeg"}],"author":"Maria Medina Media","twitter_card":"summary_large_image","twitter_misc":{"Escrito por":"Maria Medina Media","Tiempo de lectura":"4 minutos"},"schema":{"@context":"https:\/\/schema.org","@graph":[{"@type":"Article","@id":"https:\/\/sutusummit.com\/es\/se-anuncia-sutus-2020-tras-el-exito-de-su-primera-edicion\/#article","isPartOf":{"@id":"https:\/\/sutusummit.com\/es\/se-anuncia-sutus-2020-tras-el-exito-de-su-primera-edicion\/"},"author":{"name":"Maria Medina Media","@id":"https:\/\/sutusummit.com\/#\/schema\/person\/bac7da778f75d94a53c944f5d4726a34"},"headline":"SE ANUNCIA SUTUS 2020 TRAS EL \u00c9XITO DE SU PRIMERA EDICI\u00d3N","datePublished":"2019-09-25T12:15:38+00:00","dateModified":"2019-09-25T12:15:41+00:00","mainEntityOfPage":{"@id":"https:\/\/sutusummit.com\/es\/se-anuncia-sutus-2020-tras-el-exito-de-su-primera-edicion\/"},"wordCount":731,"publisher":{"@id":"https:\/\/sutusummit.com\/#organization"},"image":{"@id":"https:\/\/sutusummit.com\/es\/se-anuncia-sutus-2020-tras-el-exito-de-su-primera-edicion\/#primaryimage"},"thumbnailUrl":"https:\/\/sutusummit.com\/web\/wp-content\/uploads\/2019\/09\/377700b5-543a-4288-a829-0ee0e17dd92d-1.jpg","articleSection":["Evento"],"inLanguage":"es"},{"@type":"WebPage","@id":"https:\/\/sutusummit.com\/es\/se-anuncia-sutus-2020-tras-el-exito-de-su-primera-edicion\/","url":"https:\/\/sutusummit.com\/es\/se-anuncia-sutus-2020-tras-el-exito-de-su-primera-edicion\/","name":"SE ANUNCIA SUTUS 2020 TRAS EL \u00c9XITO DE SU PRIMERA EDICI\u00d3N - SUTUS","isPartOf":{"@id":"https:\/\/sutusummit.com\/#website"},"primaryImageOfPage":{"@id":"https:\/\/sutusummit.com\/es\/se-anuncia-sutus-2020-tras-el-exito-de-su-primera-edicion\/#primaryimage"},"image":{"@id":"https:\/\/sutusummit.com\/es\/se-anuncia-sutus-2020-tras-el-exito-de-su-primera-edicion\/#primaryimage"},"thumbnailUrl":"https:\/\/sutusummit.com\/web\/wp-content\/uploads\/2019\/09\/377700b5-543a-4288-a829-0ee0e17dd92d-1.jpg","datePublished":"2019-09-25T12:15:38+00:00","dateModified":"2019-09-25T12:15:41+00:00","breadcrumb":{"@id":"https:\/\/sutusummit.com\/es\/se-anuncia-sutus-2020-tras-el-exito-de-su-primera-edicion\/#breadcrumb"},"inLanguage":"es","potentialAction":[{"@type":"ReadAction","target":["https:\/\/sutusummit.com\/es\/se-anuncia-sutus-2020-tras-el-exito-de-su-primera-edicion\/"]}]},{"@type":"ImageObject","inLanguage":"es","@id":"https:\/\/sutusummit.com\/es\/se-anuncia-sutus-2020-tras-el-exito-de-su-primera-edicion\/#primaryimage","url":"https:\/\/sutusummit.com\/web\/wp-content\/uploads\/2019\/09\/377700b5-543a-4288-a829-0ee0e17dd92d-1.jpg","contentUrl":"https:\/\/sutusummit.com\/web\/wp-content\/uploads\/2019\/09\/377700b5-543a-4288-a829-0ee0e17dd92d-1.jpg","width":1920,"height":1280},{"@type":"BreadcrumbList","@id":"https:\/\/sutusummit.com\/es\/se-anuncia-sutus-2020-tras-el-exito-de-su-primera-edicion\/#breadcrumb","itemListElement":[{"@type":"ListItem","position":1,"name":"Portada","item":"https:\/\/sutusummit.com\/es\/"},{"@type":"ListItem","position":2,"name":"SE ANUNCIA SUTUS 2020 TRAS EL \u00c9XITO DE SU PRIMERA EDICI\u00d3N"}]},{"@type":"WebSite","@id":"https:\/\/sutusummit.com\/#website","url":"https:\/\/sutusummit.com\/","name":"SUTUS","description":"Space &amp; Underwater Tourism Universal Summit","publisher":{"@id":"https:\/\/sutusummit.com\/#organization"},"potentialAction":[{"@type":"SearchAction","target":{"@type":"EntryPoint","urlTemplate":"https:\/\/sutusummit.com\/?s={search_term_string}"},"query-input":{"@type":"PropertyValueSpecification","valueRequired":true,"valueName":"search_term_string"}}],"inLanguage":"es"},{"@type":"Organization","@id":"https:\/\/sutusummit.com\/#organization","name":"SUTUS","url":"https:\/\/sutusummit.com\/","logo":{"@type":"ImageObject","inLanguage":"es","@id":"https:\/\/sutusummit.com\/#\/schema\/logo\/image\/","url":"https:\/\/sutusummit.com\/web\/wp-content\/uploads\/2019\/01\/sutuscolor.png","contentUrl":"https:\/\/sutusummit.com\/web\/wp-content\/uploads\/2019\/01\/sutuscolor.png","width":268,"height":85,"caption":"SUTUS"},"image":{"@id":"https:\/\/sutusummit.com\/#\/schema\/logo\/image\/"}},{"@type":"Person","@id":"https:\/\/sutusummit.com\/#\/schema\/person\/bac7da778f75d94a53c944f5d4726a34","name":"Maria Medina Media"}]}},"_links":{"self":[{"href":"https:\/\/sutusummit.com\/es\/wp-json\/wp\/v2\/posts\/4627","targetHints":{"allow":["GET"]}}],"collection":[{"href":"https:\/\/sutusummit.com\/es\/wp-json\/wp\/v2\/posts"}],"about":[{"href":"https:\/\/sutusummit.com\/es\/wp-json\/wp\/v2\/types\/post"}],"author":[{"embeddable":true,"href":"https:\/\/sutusummit.com\/es\/wp-json\/wp\/v2\/users\/4"}],"replies":[{"embeddable":true,"href":"https:\/\/sutusummit.com\/es\/wp-json\/wp\/v2\/comments?post=4627"}],"version-history":[{"count":0,"href":"https:\/\/sutusummit.com\/es\/wp-json\/wp\/v2\/posts\/4627\/revisions"}],"wp:featuredmedia":[{"embeddable":true,"href":"https:\/\/sutusummit.com\/es\/wp-json\/wp\/v2\/media\/4632"}],"wp:attachment":[{"href":"https:\/\/sutusummit.com\/es\/wp-json\/wp\/v2\/media?parent=4627"}],"wp:term":[{"taxonomy":"category","embeddable":true,"href":"https:\/\/sutusummit.com\/es\/wp-json\/wp\/v2\/categories?post=4627"},{"taxonomy":"post_tag","embeddable":true,"href":"https:\/\/sutusummit.com\/es\/wp-json\/wp\/v2\/tags?post=4627"}],"curies":[{"name":"wp","href":"https:\/\/api.w.org\/{rel}","templated":true}]}}