{"id":4656,"date":"2019-09-24T08:56:04","date_gmt":"2019-09-24T08:56:04","guid":{"rendered":"https:\/\/sutusummit.com\/?p=4656"},"modified":"2019-09-27T08:56:34","modified_gmt":"2019-09-27T08:56:34","slug":"sutus-2019-arranca-con-lleno-absoluto","status":"publish","type":"post","link":"https:\/\/sutusummit.com\/es\/sutus-2019-arranca-con-lleno-absoluto\/","title":{"rendered":"SUTUS 2019 ARRANCA CON LLENO ABSOLUTO"},"content":{"rendered":"\n<p>\n\nLa segunda jornada de SUTUS 2019,&nbsp;<strong>primera cumbre internacional sobre turismo espacial y subacu\u00e1tico<\/strong>, ha arrancado esta ma\u00f1ana en Les Roches Marbella con gran expectaci\u00f3n por parte de los asistentes tras el \u00e9xito de la jornada inaugural, con lleno absoluto del auditorio.<\/p>\n\n\n\n<p>El director general de Les Roches Marbella, Carlos D\u00edez de la Lastra, ha sido el primero en intervenir, hablando sobre los nuevos retos y el nuevo escenario del turismo en la actualidad:&nbsp;<strong>\u00abCustomer Experience\u00bb<\/strong>.&nbsp;<em>\u00abTenemos que demostrar que estamos dando valor al cliente con nuestro servicio\u00bb,&nbsp;<\/em>ha destacado D\u00edez de la Lastra.<\/p>\n\n\n\n<p>Desde la&nbsp;<strong>European Space Agency (ESA), Bernard Foing<\/strong>&nbsp;ha mostrado los proyectos aeroespaciales con los que trabajan desde esta gran compa\u00f1\u00eda, destacando el comienzo de una nueva misi\u00f3n para enviar presencia humana a la luna entre 2023 y 2024 por primera vez desde 1969.<\/p>\n\n\n\n<p>Por su parte,\u00a0<strong>Arthur Paolella, Senior Scientist en Harris Corporation<\/strong>, ha expuesto los estudios que desde su compa\u00f1\u00eda est\u00e1n desarrollando, como un sistema de comunicaci\u00f3n de radio que permitir\u00e1 conectar la Estaci\u00f3n Espacial Internacional (ISS) con la Tierra, as\u00ed como impresoras 3D que permitir\u00e1n crear objetos \u00fatiles para explorar el espacio. <\/p>\n\n\n\n<div class=\"wp-block-image\"><figure class=\"aligncenter\"><img loading=\"lazy\" decoding=\"async\" width=\"562\" height=\"570\" src=\"https:\/\/sutusummit.com\/wp-content\/uploads\/2019\/09\/Captura1.png\" alt=\"\" class=\"wp-image-4657\" srcset=\"https:\/\/sutusummit.com\/web\/wp-content\/uploads\/2019\/09\/Captura1.png 562w, https:\/\/sutusummit.com\/web\/wp-content\/uploads\/2019\/09\/Captura1-296x300.png 296w\" sizes=\"auto, (max-width: 562px) 100vw, 562px\" \/><\/figure><\/div>\n\n\n\n<p>\n\nTras el networking break coffee de media ma\u00f1ana, han continuado las ponencias en el auditorio con la participaci\u00f3n de entrenadores y turistas espaciales.<\/p>\n\n\n\n<p><strong>Nancy Vermeulen<\/strong>, entrenadora privada de astronautas y fundadora de&nbsp;<strong>Space Training Academy<\/strong>, ha compartido su historia de vida con los asistentes:<em>&nbsp;\u00abdesde muy peque\u00f1a supe que quer\u00eda ser astronauta\u00bb&nbsp;<\/em>y ha explicado cu\u00e1les son los programas de entrenamiento que ha puesto en marcha en su academia<em>.<\/em><\/p>\n\n\n\n<p>Por su parte, los turistas espaciales&nbsp;<strong>Ana Bru, Eduardo Lurue\u00f1a y \u00c1ngel Jan\u00e9<\/strong>, han contado sus experiencias, c\u00f3mo llegaron a ser turistas espaciales y qu\u00e9 retos les supone.<\/p>\n\n\n\n<p>La segunda jornada de SUTUS 2019 finalizar\u00e1 esta tarde con un\u00a0<strong>panel moderado por la periodista y escritora Cristina Mart\u00edn en el que participar\u00e1n los turistas espaciales<\/strong>\u00a0y con el\u00a0<strong>bloque tem\u00e1tico del mundo subacu\u00e1tico<\/strong>. <\/p>\n\n\n\n<div class=\"wp-block-image\"><figure class=\"aligncenter\"><img loading=\"lazy\" decoding=\"async\" width=\"565\" height=\"368\" src=\"https:\/\/sutusummit.com\/wp-content\/uploads\/2019\/09\/Captura2.png\" alt=\"\" class=\"wp-image-4659\" srcset=\"https:\/\/sutusummit.com\/web\/wp-content\/uploads\/2019\/09\/Captura2.png 565w, https:\/\/sutusummit.com\/web\/wp-content\/uploads\/2019\/09\/Captura2-300x195.png 300w\" sizes=\"auto, (max-width: 565px) 100vw, 565px\" \/><\/figure><\/div>\n\n\n\n<h4 class=\"wp-block-heading\">LLENO ABSOLUTO DEL AUDITORIO EN LA SESI\u00d3N INAUGURAL DE SUTUS 2019<\/h4>\n\n\n\n<div class=\"wp-block-image\"><figure class=\"aligncenter\"><img loading=\"lazy\" decoding=\"async\" width=\"561\" height=\"371\" src=\"https:\/\/sutusummit.com\/wp-content\/uploads\/2019\/09\/Captura3.png\" alt=\"\" class=\"wp-image-4661\" srcset=\"https:\/\/sutusummit.com\/web\/wp-content\/uploads\/2019\/09\/Captura3.png 561w, https:\/\/sutusummit.com\/web\/wp-content\/uploads\/2019\/09\/Captura3-300x198.png 300w\" sizes=\"auto, (max-width: 561px) 100vw, 561px\" \/><\/figure><\/div>\n\n\n\n<p>\n\nLa primera cumbre internacional sobre turismo espacial y subacu\u00e1tico,&nbsp;<strong>Space &amp; Underwater Universal Summit (SUTUS)<\/strong>, ha arrancado ayer con un lleno absoluto del auditorio, en el que se dieron cita grandes ponentes, de la talla de&nbsp;<strong>Tony Gannon, vicepresidente de Investigaci\u00f3n e Innovaci\u00f3n de Space Florida<\/strong>; y de&nbsp;<strong>Sam Scimemi, director de la ISS en la NASA<\/strong>.<\/p>\n\n\n\n<p>La primera jornada ha comenzado con los saludos de&nbsp;<strong>Ricardo Medina, CEO de Medina Media Events<\/strong>; y de&nbsp;<strong>Carlos D\u00edez de la Lastra, director general de Les Roches Marbella<\/strong>, organizadores del evento.<\/p>\n\n\n\n<p>A continuaci\u00f3n, distintos representantes institucionales como\u00a0<strong>F\u00e9lix Romero, primer teniente de alcalde del Ayuntamiento de Marbella; Margarita del Cid, vicepresidenta segunda de la Diputaci\u00f3n de M\u00e1laga; y Nuria Rodr\u00edguez, delegada territorial de Turismo, Regeneraci\u00f3n, Justicia y Administraci\u00f3n Local de la Junta de Andaluc\u00eda<\/strong>, han destacado ante los asistentes la importancia del turismo para Marbella y la apuesta por un nuevo turismo de lujo en el espacio y los oc\u00e9anos. <\/p>\n\n\n\n<div class=\"wp-block-image\"><figure class=\"aligncenter\"><img loading=\"lazy\" decoding=\"async\" width=\"565\" height=\"175\" src=\"https:\/\/sutusummit.com\/wp-content\/uploads\/2019\/09\/Captura4.png\" alt=\"\" class=\"wp-image-4663\" srcset=\"https:\/\/sutusummit.com\/web\/wp-content\/uploads\/2019\/09\/Captura4.png 565w, https:\/\/sutusummit.com\/web\/wp-content\/uploads\/2019\/09\/Captura4-300x93.png 300w\" sizes=\"auto, (max-width: 565px) 100vw, 565px\" \/><\/figure><\/div>\n\n\n\n<p>\n\nLas ponencias han comenzado con la intervenci\u00f3n de&nbsp;<strong>Adolfo Favieres, Spain and Latam Ambassador de World Travel &amp; Tourism Council (WTTC)<\/strong>, quien ha hablado sobre los nuevos retos y oportunidades que tiene el turismo en la actualidad.<\/p>\n\n\n\n<p>Tras Favieres, ha sido el turno de&nbsp;<strong>Tony Gannon, vicepresidente de Innovaci\u00f3n e Investigaci\u00f3n en Space Florida<\/strong>, quien de pie al auditorio, haciendo de su presentaci\u00f3n una exposici\u00f3n din\u00e1mica, exponiendo<strong>&nbsp;los avances tecnol\u00f3gicos en el \u00e1rea y su aplicaci\u00f3n para la conservaci\u00f3n medioambiental<\/strong>.<\/p>\n\n\n\n<p>La \u00faltima intervenci\u00f3n de la primera jornada ha estado a cargo del speaker de honor de SUTUS 2019,&nbsp;<strong>Sam Scimemi, director de la Estaci\u00f3n Espacial Internacional (ISS) en la NASA<\/strong>:&nbsp;<em>\u201cun vuelo espacial ronda los 250.000 d\u00f3lares por tripulante, si bien s\u00f3lo su asiento puede costar unos 80 millones de d\u00f3lares\u201d<\/em>, ha apuntado Scimemi.<\/p>\n\n\n\n<p>SUTUS 2019, est\u00e1 organizado por&nbsp;<strong>Les Roches Marbella<\/strong>&nbsp;y&nbsp;<strong>Medina Media Events<\/strong>, con la colaboraci\u00f3n de<strong>&nbsp;EXTENDA&nbsp;<\/strong>(<strong>Agencia Andaluza de Promoci\u00f3n Exterior)<\/strong>, adem\u00e1s de&nbsp;<strong>Turismo de la Costa del Sol, de la Mancomunidad de Municipios de M\u00e1laga y del Ayuntamiento de Marbella.<\/strong><\/p>\n","protected":false},"excerpt":{"rendered":"<p>La segunda jornada de SUTUS 2019,&nbsp;primera cumbre internacional sobre turismo espacial y subacu\u00e1tico, ha arrancado esta ma\u00f1ana en Les Roches Marbella con gran expectaci\u00f3n por parte de los asistentes tras el \u00e9xito de la jornada inaugural, con lleno absoluto del auditorio. El director general de Les Roches Marbella, Carlos D\u00edez de la Lastra, ha sido [&hellip;]<\/p>\n","protected":false},"author":4,"featured_media":4665,"comment_status":"closed","ping_status":"closed","sticky":false,"template":"","format":"standard","meta":{"_acf_changed":false,"footnotes":""},"categories":[100],"tags":[],"class_list":["post-4656","post","type-post","status-publish","format-standard","has-post-thumbnail","hentry","category-evento"],"acf":[],"yoast_head":"<!-- This site is optimized with the Yoast SEO plugin v27.4 - https:\/\/yoast.com\/product\/yoast-seo-wordpress\/ -->\n<title>SUTUS 2019 ARRANCA CON LLENO ABSOLUTO - SUTUS<\/title>\n<meta name=\"robots\" content=\"index, follow, max-snippet:-1, max-image-preview:large, max-video-preview:-1\" \/>\n<link rel=\"canonical\" href=\"https:\/\/sutusummit.com\/es\/sutus-2019-arranca-con-lleno-absoluto\/\" \/>\n<meta property=\"og:locale\" content=\"es_ES\" \/>\n<meta property=\"og:type\" content=\"article\" \/>\n<meta property=\"og:title\" content=\"SUTUS 2019 ARRANCA CON LLENO ABSOLUTO - SUTUS\" \/>\n<meta property=\"og:description\" content=\"La segunda jornada de SUTUS 2019,&nbsp;primera cumbre internacional sobre turismo espacial y subacu\u00e1tico, ha arrancado esta ma\u00f1ana en Les Roches Marbella con gran expectaci\u00f3n por parte de los asistentes tras el \u00e9xito de la jornada inaugural, con lleno absoluto del auditorio. El director general de Les Roches Marbella, Carlos D\u00edez de la Lastra, ha sido [&hellip;]\" \/>\n<meta property=\"og:url\" content=\"https:\/\/sutusummit.com\/es\/sutus-2019-arranca-con-lleno-absoluto\/\" \/>\n<meta property=\"og:site_name\" content=\"SUTUS\" \/>\n<meta property=\"article:published_time\" content=\"2019-09-24T08:56:04+00:00\" \/>\n<meta property=\"article:modified_time\" content=\"2019-09-27T08:56:34+00:00\" \/>\n<meta property=\"og:image\" content=\"https:\/\/sutusummit.com\/web\/wp-content\/uploads\/2019\/09\/11fd63c2-8702-482f-8529-fa0a02e25820.jpg\" \/>\n\t<meta property=\"og:image:width\" content=\"1920\" \/>\n\t<meta property=\"og:image:height\" content=\"1280\" \/>\n\t<meta property=\"og:image:type\" content=\"image\/jpeg\" \/>\n<meta name=\"author\" content=\"Maria Medina Media\" \/>\n<meta name=\"twitter:card\" content=\"summary_large_image\" \/>\n<meta name=\"twitter:label1\" content=\"Escrito por\" \/>\n\t<meta name=\"twitter:data1\" content=\"Maria Medina Media\" \/>\n\t<meta name=\"twitter:label2\" content=\"Tiempo de lectura\" \/>\n\t<meta name=\"twitter:data2\" content=\"4 minutos\" \/>\n<script type=\"application\/ld+json\" class=\"yoast-schema-graph\">{\"@context\":\"https:\\\/\\\/schema.org\",\"@graph\":[{\"@type\":\"Article\",\"@id\":\"https:\\\/\\\/sutusummit.com\\\/es\\\/sutus-2019-arranca-con-lleno-absoluto\\\/#article\",\"isPartOf\":{\"@id\":\"https:\\\/\\\/sutusummit.com\\\/es\\\/sutus-2019-arranca-con-lleno-absoluto\\\/\"},\"author\":{\"name\":\"Maria Medina Media\",\"@id\":\"https:\\\/\\\/sutusummit.com\\\/#\\\/schema\\\/person\\\/bac7da778f75d94a53c944f5d4726a34\"},\"headline\":\"SUTUS 2019 ARRANCA CON LLENO ABSOLUTO\",\"datePublished\":\"2019-09-24T08:56:04+00:00\",\"dateModified\":\"2019-09-27T08:56:34+00:00\",\"mainEntityOfPage\":{\"@id\":\"https:\\\/\\\/sutusummit.com\\\/es\\\/sutus-2019-arranca-con-lleno-absoluto\\\/\"},\"wordCount\":742,\"publisher\":{\"@id\":\"https:\\\/\\\/sutusummit.com\\\/#organization\"},\"image\":{\"@id\":\"https:\\\/\\\/sutusummit.com\\\/es\\\/sutus-2019-arranca-con-lleno-absoluto\\\/#primaryimage\"},\"thumbnailUrl\":\"https:\\\/\\\/sutusummit.com\\\/web\\\/wp-content\\\/uploads\\\/2019\\\/09\\\/11fd63c2-8702-482f-8529-fa0a02e25820.jpg\",\"articleSection\":[\"Evento\"],\"inLanguage\":\"es\"},{\"@type\":\"WebPage\",\"@id\":\"https:\\\/\\\/sutusummit.com\\\/es\\\/sutus-2019-arranca-con-lleno-absoluto\\\/\",\"url\":\"https:\\\/\\\/sutusummit.com\\\/es\\\/sutus-2019-arranca-con-lleno-absoluto\\\/\",\"name\":\"SUTUS 2019 ARRANCA CON LLENO ABSOLUTO - SUTUS\",\"isPartOf\":{\"@id\":\"https:\\\/\\\/sutusummit.com\\\/#website\"},\"primaryImageOfPage\":{\"@id\":\"https:\\\/\\\/sutusummit.com\\\/es\\\/sutus-2019-arranca-con-lleno-absoluto\\\/#primaryimage\"},\"image\":{\"@id\":\"https:\\\/\\\/sutusummit.com\\\/es\\\/sutus-2019-arranca-con-lleno-absoluto\\\/#primaryimage\"},\"thumbnailUrl\":\"https:\\\/\\\/sutusummit.com\\\/web\\\/wp-content\\\/uploads\\\/2019\\\/09\\\/11fd63c2-8702-482f-8529-fa0a02e25820.jpg\",\"datePublished\":\"2019-09-24T08:56:04+00:00\",\"dateModified\":\"2019-09-27T08:56:34+00:00\",\"breadcrumb\":{\"@id\":\"https:\\\/\\\/sutusummit.com\\\/es\\\/sutus-2019-arranca-con-lleno-absoluto\\\/#breadcrumb\"},\"inLanguage\":\"es\",\"potentialAction\":[{\"@type\":\"ReadAction\",\"target\":[\"https:\\\/\\\/sutusummit.com\\\/es\\\/sutus-2019-arranca-con-lleno-absoluto\\\/\"]}]},{\"@type\":\"ImageObject\",\"inLanguage\":\"es\",\"@id\":\"https:\\\/\\\/sutusummit.com\\\/es\\\/sutus-2019-arranca-con-lleno-absoluto\\\/#primaryimage\",\"url\":\"https:\\\/\\\/sutusummit.com\\\/web\\\/wp-content\\\/uploads\\\/2019\\\/09\\\/11fd63c2-8702-482f-8529-fa0a02e25820.jpg\",\"contentUrl\":\"https:\\\/\\\/sutusummit.com\\\/web\\\/wp-content\\\/uploads\\\/2019\\\/09\\\/11fd63c2-8702-482f-8529-fa0a02e25820.jpg\",\"width\":1920,\"height\":1280},{\"@type\":\"BreadcrumbList\",\"@id\":\"https:\\\/\\\/sutusummit.com\\\/es\\\/sutus-2019-arranca-con-lleno-absoluto\\\/#breadcrumb\",\"itemListElement\":[{\"@type\":\"ListItem\",\"position\":1,\"name\":\"Portada\",\"item\":\"https:\\\/\\\/sutusummit.com\\\/es\\\/\"},{\"@type\":\"ListItem\",\"position\":2,\"name\":\"SUTUS 2019 ARRANCA CON LLENO ABSOLUTO\"}]},{\"@type\":\"WebSite\",\"@id\":\"https:\\\/\\\/sutusummit.com\\\/#website\",\"url\":\"https:\\\/\\\/sutusummit.com\\\/\",\"name\":\"SUTUS\",\"description\":\"Space &amp; Underwater Tourism Universal Summit\",\"publisher\":{\"@id\":\"https:\\\/\\\/sutusummit.com\\\/#organization\"},\"potentialAction\":[{\"@type\":\"SearchAction\",\"target\":{\"@type\":\"EntryPoint\",\"urlTemplate\":\"https:\\\/\\\/sutusummit.com\\\/?s={search_term_string}\"},\"query-input\":{\"@type\":\"PropertyValueSpecification\",\"valueRequired\":true,\"valueName\":\"search_term_string\"}}],\"inLanguage\":\"es\"},{\"@type\":\"Organization\",\"@id\":\"https:\\\/\\\/sutusummit.com\\\/#organization\",\"name\":\"SUTUS\",\"url\":\"https:\\\/\\\/sutusummit.com\\\/\",\"logo\":{\"@type\":\"ImageObject\",\"inLanguage\":\"es\",\"@id\":\"https:\\\/\\\/sutusummit.com\\\/#\\\/schema\\\/logo\\\/image\\\/\",\"url\":\"https:\\\/\\\/sutusummit.com\\\/web\\\/wp-content\\\/uploads\\\/2019\\\/01\\\/sutuscolor.png\",\"contentUrl\":\"https:\\\/\\\/sutusummit.com\\\/web\\\/wp-content\\\/uploads\\\/2019\\\/01\\\/sutuscolor.png\",\"width\":268,\"height\":85,\"caption\":\"SUTUS\"},\"image\":{\"@id\":\"https:\\\/\\\/sutusummit.com\\\/#\\\/schema\\\/logo\\\/image\\\/\"}},{\"@type\":\"Person\",\"@id\":\"https:\\\/\\\/sutusummit.com\\\/#\\\/schema\\\/person\\\/bac7da778f75d94a53c944f5d4726a34\",\"name\":\"Maria Medina Media\"}]}<\/script>\n<!-- \/ Yoast SEO plugin. -->","yoast_head_json":{"title":"SUTUS 2019 ARRANCA CON LLENO ABSOLUTO - SUTUS","robots":{"index":"index","follow":"follow","max-snippet":"max-snippet:-1","max-image-preview":"max-image-preview:large","max-video-preview":"max-video-preview:-1"},"canonical":"https:\/\/sutusummit.com\/es\/sutus-2019-arranca-con-lleno-absoluto\/","og_locale":"es_ES","og_type":"article","og_title":"SUTUS 2019 ARRANCA CON LLENO ABSOLUTO - SUTUS","og_description":"La segunda jornada de SUTUS 2019,&nbsp;primera cumbre internacional sobre turismo espacial y subacu\u00e1tico, ha arrancado esta ma\u00f1ana en Les Roches Marbella con gran expectaci\u00f3n por parte de los asistentes tras el \u00e9xito de la jornada inaugural, con lleno absoluto del auditorio. El director general de Les Roches Marbella, Carlos D\u00edez de la Lastra, ha sido [&hellip;]","og_url":"https:\/\/sutusummit.com\/es\/sutus-2019-arranca-con-lleno-absoluto\/","og_site_name":"SUTUS","article_published_time":"2019-09-24T08:56:04+00:00","article_modified_time":"2019-09-27T08:56:34+00:00","og_image":[{"width":1920,"height":1280,"url":"https:\/\/sutusummit.com\/web\/wp-content\/uploads\/2019\/09\/11fd63c2-8702-482f-8529-fa0a02e25820.jpg","type":"image\/jpeg"}],"author":"Maria Medina Media","twitter_card":"summary_large_image","twitter_misc":{"Escrito por":"Maria Medina Media","Tiempo de lectura":"4 minutos"},"schema":{"@context":"https:\/\/schema.org","@graph":[{"@type":"Article","@id":"https:\/\/sutusummit.com\/es\/sutus-2019-arranca-con-lleno-absoluto\/#article","isPartOf":{"@id":"https:\/\/sutusummit.com\/es\/sutus-2019-arranca-con-lleno-absoluto\/"},"author":{"name":"Maria Medina Media","@id":"https:\/\/sutusummit.com\/#\/schema\/person\/bac7da778f75d94a53c944f5d4726a34"},"headline":"SUTUS 2019 ARRANCA CON LLENO ABSOLUTO","datePublished":"2019-09-24T08:56:04+00:00","dateModified":"2019-09-27T08:56:34+00:00","mainEntityOfPage":{"@id":"https:\/\/sutusummit.com\/es\/sutus-2019-arranca-con-lleno-absoluto\/"},"wordCount":742,"publisher":{"@id":"https:\/\/sutusummit.com\/#organization"},"image":{"@id":"https:\/\/sutusummit.com\/es\/sutus-2019-arranca-con-lleno-absoluto\/#primaryimage"},"thumbnailUrl":"https:\/\/sutusummit.com\/web\/wp-content\/uploads\/2019\/09\/11fd63c2-8702-482f-8529-fa0a02e25820.jpg","articleSection":["Evento"],"inLanguage":"es"},{"@type":"WebPage","@id":"https:\/\/sutusummit.com\/es\/sutus-2019-arranca-con-lleno-absoluto\/","url":"https:\/\/sutusummit.com\/es\/sutus-2019-arranca-con-lleno-absoluto\/","name":"SUTUS 2019 ARRANCA CON LLENO ABSOLUTO - SUTUS","isPartOf":{"@id":"https:\/\/sutusummit.com\/#website"},"primaryImageOfPage":{"@id":"https:\/\/sutusummit.com\/es\/sutus-2019-arranca-con-lleno-absoluto\/#primaryimage"},"image":{"@id":"https:\/\/sutusummit.com\/es\/sutus-2019-arranca-con-lleno-absoluto\/#primaryimage"},"thumbnailUrl":"https:\/\/sutusummit.com\/web\/wp-content\/uploads\/2019\/09\/11fd63c2-8702-482f-8529-fa0a02e25820.jpg","datePublished":"2019-09-24T08:56:04+00:00","dateModified":"2019-09-27T08:56:34+00:00","breadcrumb":{"@id":"https:\/\/sutusummit.com\/es\/sutus-2019-arranca-con-lleno-absoluto\/#breadcrumb"},"inLanguage":"es","potentialAction":[{"@type":"ReadAction","target":["https:\/\/sutusummit.com\/es\/sutus-2019-arranca-con-lleno-absoluto\/"]}]},{"@type":"ImageObject","inLanguage":"es","@id":"https:\/\/sutusummit.com\/es\/sutus-2019-arranca-con-lleno-absoluto\/#primaryimage","url":"https:\/\/sutusummit.com\/web\/wp-content\/uploads\/2019\/09\/11fd63c2-8702-482f-8529-fa0a02e25820.jpg","contentUrl":"https:\/\/sutusummit.com\/web\/wp-content\/uploads\/2019\/09\/11fd63c2-8702-482f-8529-fa0a02e25820.jpg","width":1920,"height":1280},{"@type":"BreadcrumbList","@id":"https:\/\/sutusummit.com\/es\/sutus-2019-arranca-con-lleno-absoluto\/#breadcrumb","itemListElement":[{"@type":"ListItem","position":1,"name":"Portada","item":"https:\/\/sutusummit.com\/es\/"},{"@type":"ListItem","position":2,"name":"SUTUS 2019 ARRANCA CON LLENO ABSOLUTO"}]},{"@type":"WebSite","@id":"https:\/\/sutusummit.com\/#website","url":"https:\/\/sutusummit.com\/","name":"SUTUS","description":"Space &amp; Underwater Tourism Universal Summit","publisher":{"@id":"https:\/\/sutusummit.com\/#organization"},"potentialAction":[{"@type":"SearchAction","target":{"@type":"EntryPoint","urlTemplate":"https:\/\/sutusummit.com\/?s={search_term_string}"},"query-input":{"@type":"PropertyValueSpecification","valueRequired":true,"valueName":"search_term_string"}}],"inLanguage":"es"},{"@type":"Organization","@id":"https:\/\/sutusummit.com\/#organization","name":"SUTUS","url":"https:\/\/sutusummit.com\/","logo":{"@type":"ImageObject","inLanguage":"es","@id":"https:\/\/sutusummit.com\/#\/schema\/logo\/image\/","url":"https:\/\/sutusummit.com\/web\/wp-content\/uploads\/2019\/01\/sutuscolor.png","contentUrl":"https:\/\/sutusummit.com\/web\/wp-content\/uploads\/2019\/01\/sutuscolor.png","width":268,"height":85,"caption":"SUTUS"},"image":{"@id":"https:\/\/sutusummit.com\/#\/schema\/logo\/image\/"}},{"@type":"Person","@id":"https:\/\/sutusummit.com\/#\/schema\/person\/bac7da778f75d94a53c944f5d4726a34","name":"Maria Medina Media"}]}},"_links":{"self":[{"href":"https:\/\/sutusummit.com\/es\/wp-json\/wp\/v2\/posts\/4656","targetHints":{"allow":["GET"]}}],"collection":[{"href":"https:\/\/sutusummit.com\/es\/wp-json\/wp\/v2\/posts"}],"about":[{"href":"https:\/\/sutusummit.com\/es\/wp-json\/wp\/v2\/types\/post"}],"author":[{"embeddable":true,"href":"https:\/\/sutusummit.com\/es\/wp-json\/wp\/v2\/users\/4"}],"replies":[{"embeddable":true,"href":"https:\/\/sutusummit.com\/es\/wp-json\/wp\/v2\/comments?post=4656"}],"version-history":[{"count":0,"href":"https:\/\/sutusummit.com\/es\/wp-json\/wp\/v2\/posts\/4656\/revisions"}],"wp:featuredmedia":[{"embeddable":true,"href":"https:\/\/sutusummit.com\/es\/wp-json\/wp\/v2\/media\/4665"}],"wp:attachment":[{"href":"https:\/\/sutusummit.com\/es\/wp-json\/wp\/v2\/media?parent=4656"}],"wp:term":[{"taxonomy":"category","embeddable":true,"href":"https:\/\/sutusummit.com\/es\/wp-json\/wp\/v2\/categories?post=4656"},{"taxonomy":"post_tag","embeddable":true,"href":"https:\/\/sutusummit.com\/es\/wp-json\/wp\/v2\/tags?post=4656"}],"curies":[{"name":"wp","href":"https:\/\/api.w.org\/{rel}","templated":true}]}}