{"id":5110,"date":"2021-08-09T06:00:33","date_gmt":"2021-08-09T06:00:33","guid":{"rendered":"https:\/\/sutusummit.com\/?p=5110"},"modified":"2021-08-09T17:02:49","modified_gmt":"2021-08-09T17:02:49","slug":"los-beneficios-de-la-exploracion-espacial-a-debate-en-sutus-2021","status":"publish","type":"post","link":"https:\/\/sutusummit.com\/es\/los-beneficios-de-la-exploracion-espacial-a-debate-en-sutus-2021\/","title":{"rendered":"Los beneficios de la exploraci\u00f3n espacial, a debate en SUTUS 2021"},"content":{"rendered":"<p dir=\"ltr\">Los\u00a0<strong>beneficios<\/strong>\u00a0que la\u00a0<strong>exploraci\u00f3n espacial<\/strong>\u00a0aporta a la evoluci\u00f3n de la Humanidad ser\u00e1n expuestos y examinados\u00a0<strong>en SUTUS 2021, el principal encuentro internacional sobre turismo espacial y subacu\u00e1tico<\/strong>\u00a0que se celebrar\u00e1 en\u00a0<strong>Les Roches Marbella del 22 al 24 de septiembre,<\/strong>\u00a0coincidiendo con el Equinoccio de Oto\u00f1o.<\/p>\n<p dir=\"ltr\"><strong>La presidenta de la Federaci\u00f3n Astron\u00e1utica Internacional (IAF), Pascale Ehrenfreund, participar\u00e1 en SUTUS 2021<\/strong>\u00a0para presentar las principales conclusiones de la Conferencia Global sobre Exploraci\u00f3n Espacial (GLEX 2021), que tuvo lugar en junio en San Petersburgo, y tambi\u00e9n conmemor\u00f3 el 60 aniversario del primer vuelo al espacio que realiz\u00f3 un ser humano, el ruso Yuri Gagarin.<\/p>\n<p><img loading=\"lazy\" decoding=\"async\" class=\"wp-image-5072 aligncenter\" src=\"https:\/\/sutusummit.com\/wp-content\/uploads\/2021\/08\/Pascale-Ehrenfreund-IAF-300x200.jpg\" alt=\"\" width=\"350\" height=\"230\" data-wp-editing=\"1\" \/><\/p>\n<p dir=\"ltr\">En San Petersburgo se reunieron ingenieros, cient\u00edficos, empresarios, educadores, representantes de las agencias espaciales y responsables pol\u00edticos para discutir los resultados recientes, los desaf\u00edos actuales y las soluciones innovadoras de la exploraci\u00f3n espacial.<\/p>\n<p dir=\"ltr\"><strong>La profesora Ehrenfreud es la pr\u00f3xima presidenta de la Universidad Internacional del Espacio, situada en Estrasburgo. El asteroide 9826 Ehrenfreund 2114 T-3 lleva su nombre.<\/strong><\/p>\n<p dir=\"ltr\">En\u00a0<strong>SUTUS 2021<\/strong>\u00a0(\u201cSpace &amp; Underwater Tourism Universal Summit\u201d),<strong>\u00a0Pascale Ehrenfreund participar\u00e1 por videoconferencia<\/strong> desde Estrasburgo en la segunda jornada del evento, en el que de forma presencial estar\u00e1n altos representantes de la <strong>NASA, la Agencia Espacial Europea<\/strong>\u00a0y la\u00a0<strong>Agencia Espacial de Jap\u00f3n,<\/strong>\u00a0entre otros, para contar sus planes y discutir c\u00f3mo se pueden aumentar los beneficios a trav\u00e9s de una planificaci\u00f3n reflexiva y la cooperaci\u00f3n internacional.<\/p>\n<p dir=\"ltr\"><strong>SUTUS es un evento pionero,<\/strong>\u00a0que coincidiendo con el 50 aniversario de la llegada del Hombre a la Luna tuvo en 2019 su primera edici\u00f3n.\u00a0<strong>SUTUS celebrar\u00e1 su segunda edici\u00f3n<\/strong>\u00a0en el campus universitario de\u00a0<strong>Les Roches Marbella,<\/strong>\u00a0que organiza el encuentro con\u00a0<strong>Medina Media Events.<\/strong><\/p>\n<p dir=\"ltr\">La tercera jornada de\u00a0<strong>SUTUS 2021<\/strong>\u00a0estar\u00e1 dedicada al turismo subacu\u00e1tico, con expertos y empresas internacionales que desgranar\u00e1n los esfuerzos que se est\u00e1n desarrollando en los mares del mundo.<\/p>\n<p dir=\"ltr\">Las\u00a0<strong>conferencias de SUTUS 2021<\/strong>\u00a0podr\u00e1n ser seguidas a nivel mundial a trav\u00e9s de la\u00a0<strong>Plataforma de Medina Media Events.<\/strong><\/p>\n<p dir=\"ltr\"><strong>SUTUS 2021<\/strong>\u00a0cuenta con el apoyo de la\u00a0<strong>Consejer\u00eda de Turismo de la Junta de Andaluc\u00eda, Turismo y Planificaci\u00f3n de la Costa del Sol, Extenda, Triton Submarines<\/strong>\u00a0y<strong>\u00a0Pisces VI.<\/strong><\/p>\n","protected":false},"excerpt":{"rendered":"<p>Los\u00a0beneficios\u00a0de la\u00a0exploraci\u00f3n espacial\u00a0a la evoluci\u00f3n de la Humanidad ser\u00e1n examinados\u00a0en SUTUS 2021, el principal encuentro internacional sobre turismo espacial y subacu\u00e1tico\u00a0que se celebrar\u00e1 en\u00a0Les Roches Marbella del 22 al 24 de septiembre.<\/p>\n","protected":false},"author":4,"featured_media":5117,"comment_status":"closed","ping_status":"closed","sticky":false,"template":"","format":"standard","meta":{"_acf_changed":false,"footnotes":""},"categories":[139],"tags":[],"class_list":["post-5110","post","type-post","status-publish","format-standard","has-post-thumbnail","hentry","category-espacio"],"acf":[],"yoast_head":"<!-- This site is optimized with the Yoast SEO plugin v27.4 - https:\/\/yoast.com\/product\/yoast-seo-wordpress\/ -->\n<title>Los beneficios de la exploraci\u00f3n espacial, a debate en SUTUS 2021 - SUTUS<\/title>\n<meta name=\"description\" content=\"La presidenta de la IAF, Pascale Ehrenfreund, participar\u00e1 este septiembre en SUTUS\u00a0para presentar las principales conclusiones de GLEX 2021.\" \/>\n<meta name=\"robots\" content=\"index, follow, max-snippet:-1, max-image-preview:large, max-video-preview:-1\" \/>\n<link rel=\"canonical\" href=\"https:\/\/sutusummit.com\/es\/los-beneficios-de-la-exploracion-espacial-a-debate-en-sutus-2021\/\" \/>\n<meta property=\"og:locale\" content=\"es_ES\" \/>\n<meta property=\"og:type\" content=\"article\" \/>\n<meta property=\"og:title\" content=\"Los beneficios de la exploraci\u00f3n espacial, a debate en SUTUS 2021 - SUTUS\" \/>\n<meta property=\"og:description\" content=\"La presidenta de la IAF, Pascale Ehrenfreund, participar\u00e1 este septiembre en SUTUS\u00a0para presentar las principales conclusiones de GLEX 2021.\" \/>\n<meta property=\"og:url\" content=\"https:\/\/sutusummit.com\/es\/los-beneficios-de-la-exploracion-espacial-a-debate-en-sutus-2021\/\" \/>\n<meta property=\"og:site_name\" content=\"SUTUS\" \/>\n<meta property=\"article:published_time\" content=\"2021-08-09T06:00:33+00:00\" \/>\n<meta property=\"article:modified_time\" content=\"2021-08-09T17:02:49+00:00\" \/>\n<meta property=\"og:image\" content=\"https:\/\/sutusummit.com\/web\/wp-content\/uploads\/2021\/08\/iStock-1198099008-scaled.jpg\" \/>\n\t<meta property=\"og:image:width\" content=\"2560\" \/>\n\t<meta property=\"og:image:height\" content=\"1707\" \/>\n\t<meta property=\"og:image:type\" content=\"image\/jpeg\" \/>\n<meta name=\"author\" content=\"Maria Medina Media\" \/>\n<meta name=\"twitter:card\" content=\"summary_large_image\" \/>\n<meta name=\"twitter:label1\" content=\"Escrito por\" \/>\n\t<meta name=\"twitter:data1\" content=\"Maria Medina Media\" \/>\n\t<meta name=\"twitter:label2\" content=\"Tiempo de lectura\" \/>\n\t<meta name=\"twitter:data2\" content=\"2 minutos\" \/>\n<script type=\"application\/ld+json\" class=\"yoast-schema-graph\">{\"@context\":\"https:\\\/\\\/schema.org\",\"@graph\":[{\"@type\":\"Article\",\"@id\":\"https:\\\/\\\/sutusummit.com\\\/es\\\/los-beneficios-de-la-exploracion-espacial-a-debate-en-sutus-2021\\\/#article\",\"isPartOf\":{\"@id\":\"https:\\\/\\\/sutusummit.com\\\/es\\\/los-beneficios-de-la-exploracion-espacial-a-debate-en-sutus-2021\\\/\"},\"author\":{\"name\":\"Maria Medina Media\",\"@id\":\"https:\\\/\\\/sutusummit.com\\\/#\\\/schema\\\/person\\\/bac7da778f75d94a53c944f5d4726a34\"},\"headline\":\"Los beneficios de la exploraci\u00f3n espacial, a debate en SUTUS 2021\",\"datePublished\":\"2021-08-09T06:00:33+00:00\",\"dateModified\":\"2021-08-09T17:02:49+00:00\",\"mainEntityOfPage\":{\"@id\":\"https:\\\/\\\/sutusummit.com\\\/es\\\/los-beneficios-de-la-exploracion-espacial-a-debate-en-sutus-2021\\\/\"},\"wordCount\":382,\"publisher\":{\"@id\":\"https:\\\/\\\/sutusummit.com\\\/#organization\"},\"image\":{\"@id\":\"https:\\\/\\\/sutusummit.com\\\/es\\\/los-beneficios-de-la-exploracion-espacial-a-debate-en-sutus-2021\\\/#primaryimage\"},\"thumbnailUrl\":\"https:\\\/\\\/sutusummit.com\\\/web\\\/wp-content\\\/uploads\\\/2021\\\/08\\\/iStock-1198099008-scaled.jpg\",\"articleSection\":[\"Espacio\"],\"inLanguage\":\"es\"},{\"@type\":\"WebPage\",\"@id\":\"https:\\\/\\\/sutusummit.com\\\/es\\\/los-beneficios-de-la-exploracion-espacial-a-debate-en-sutus-2021\\\/\",\"url\":\"https:\\\/\\\/sutusummit.com\\\/es\\\/los-beneficios-de-la-exploracion-espacial-a-debate-en-sutus-2021\\\/\",\"name\":\"Los beneficios de la exploraci\u00f3n espacial, a debate en SUTUS 2021 - SUTUS\",\"isPartOf\":{\"@id\":\"https:\\\/\\\/sutusummit.com\\\/#website\"},\"primaryImageOfPage\":{\"@id\":\"https:\\\/\\\/sutusummit.com\\\/es\\\/los-beneficios-de-la-exploracion-espacial-a-debate-en-sutus-2021\\\/#primaryimage\"},\"image\":{\"@id\":\"https:\\\/\\\/sutusummit.com\\\/es\\\/los-beneficios-de-la-exploracion-espacial-a-debate-en-sutus-2021\\\/#primaryimage\"},\"thumbnailUrl\":\"https:\\\/\\\/sutusummit.com\\\/web\\\/wp-content\\\/uploads\\\/2021\\\/08\\\/iStock-1198099008-scaled.jpg\",\"datePublished\":\"2021-08-09T06:00:33+00:00\",\"dateModified\":\"2021-08-09T17:02:49+00:00\",\"description\":\"La presidenta de la IAF, Pascale Ehrenfreund, participar\u00e1 este septiembre en SUTUS\u00a0para presentar las principales conclusiones de GLEX 2021.\",\"breadcrumb\":{\"@id\":\"https:\\\/\\\/sutusummit.com\\\/es\\\/los-beneficios-de-la-exploracion-espacial-a-debate-en-sutus-2021\\\/#breadcrumb\"},\"inLanguage\":\"es\",\"potentialAction\":[{\"@type\":\"ReadAction\",\"target\":[\"https:\\\/\\\/sutusummit.com\\\/es\\\/los-beneficios-de-la-exploracion-espacial-a-debate-en-sutus-2021\\\/\"]}]},{\"@type\":\"ImageObject\",\"inLanguage\":\"es\",\"@id\":\"https:\\\/\\\/sutusummit.com\\\/es\\\/los-beneficios-de-la-exploracion-espacial-a-debate-en-sutus-2021\\\/#primaryimage\",\"url\":\"https:\\\/\\\/sutusummit.com\\\/web\\\/wp-content\\\/uploads\\\/2021\\\/08\\\/iStock-1198099008-scaled.jpg\",\"contentUrl\":\"https:\\\/\\\/sutusummit.com\\\/web\\\/wp-content\\\/uploads\\\/2021\\\/08\\\/iStock-1198099008-scaled.jpg\",\"width\":2560,\"height\":1707,\"caption\":\"Solar system planets in a row, asteroid rain, comet, sun, dust and star. Giant luminous light ring. Science and education background. Elements of this image furnished by NASA. \\\/urls: https:\\\/\\\/solarsystem.nasa.gov\\\/resources\\\/678\\\/our-solar-system-artists-concept\\\/ https:\\\/\\\/images.nasa.gov\\\/details-PIA16610.html https:\\\/\\\/images-assets.nasa.gov\\\/image\\\/PIA06939\\\/PIA06939~orig.jpg https:\\\/\\\/images.nasa.gov\\\/details-PIA06939.html\"},{\"@type\":\"BreadcrumbList\",\"@id\":\"https:\\\/\\\/sutusummit.com\\\/es\\\/los-beneficios-de-la-exploracion-espacial-a-debate-en-sutus-2021\\\/#breadcrumb\",\"itemListElement\":[{\"@type\":\"ListItem\",\"position\":1,\"name\":\"Portada\",\"item\":\"https:\\\/\\\/sutusummit.com\\\/es\\\/\"},{\"@type\":\"ListItem\",\"position\":2,\"name\":\"Los beneficios de la exploraci\u00f3n espacial, a debate en SUTUS 2021\"}]},{\"@type\":\"WebSite\",\"@id\":\"https:\\\/\\\/sutusummit.com\\\/#website\",\"url\":\"https:\\\/\\\/sutusummit.com\\\/\",\"name\":\"SUTUS\",\"description\":\"Space &amp; Underwater Tourism Universal Summit\",\"publisher\":{\"@id\":\"https:\\\/\\\/sutusummit.com\\\/#organization\"},\"potentialAction\":[{\"@type\":\"SearchAction\",\"target\":{\"@type\":\"EntryPoint\",\"urlTemplate\":\"https:\\\/\\\/sutusummit.com\\\/?s={search_term_string}\"},\"query-input\":{\"@type\":\"PropertyValueSpecification\",\"valueRequired\":true,\"valueName\":\"search_term_string\"}}],\"inLanguage\":\"es\"},{\"@type\":\"Organization\",\"@id\":\"https:\\\/\\\/sutusummit.com\\\/#organization\",\"name\":\"SUTUS\",\"url\":\"https:\\\/\\\/sutusummit.com\\\/\",\"logo\":{\"@type\":\"ImageObject\",\"inLanguage\":\"es\",\"@id\":\"https:\\\/\\\/sutusummit.com\\\/#\\\/schema\\\/logo\\\/image\\\/\",\"url\":\"https:\\\/\\\/sutusummit.com\\\/web\\\/wp-content\\\/uploads\\\/2019\\\/01\\\/sutuscolor.png\",\"contentUrl\":\"https:\\\/\\\/sutusummit.com\\\/web\\\/wp-content\\\/uploads\\\/2019\\\/01\\\/sutuscolor.png\",\"width\":268,\"height\":85,\"caption\":\"SUTUS\"},\"image\":{\"@id\":\"https:\\\/\\\/sutusummit.com\\\/#\\\/schema\\\/logo\\\/image\\\/\"}},{\"@type\":\"Person\",\"@id\":\"https:\\\/\\\/sutusummit.com\\\/#\\\/schema\\\/person\\\/bac7da778f75d94a53c944f5d4726a34\",\"name\":\"Maria Medina Media\"}]}<\/script>\n<!-- \/ Yoast SEO plugin. -->","yoast_head_json":{"title":"Los beneficios de la exploraci\u00f3n espacial, a debate en SUTUS 2021 - SUTUS","description":"La presidenta de la IAF, Pascale Ehrenfreund, participar\u00e1 este septiembre en SUTUS\u00a0para presentar las principales conclusiones de GLEX 2021.","robots":{"index":"index","follow":"follow","max-snippet":"max-snippet:-1","max-image-preview":"max-image-preview:large","max-video-preview":"max-video-preview:-1"},"canonical":"https:\/\/sutusummit.com\/es\/los-beneficios-de-la-exploracion-espacial-a-debate-en-sutus-2021\/","og_locale":"es_ES","og_type":"article","og_title":"Los beneficios de la exploraci\u00f3n espacial, a debate en SUTUS 2021 - SUTUS","og_description":"La presidenta de la IAF, Pascale Ehrenfreund, participar\u00e1 este septiembre en SUTUS\u00a0para presentar las principales conclusiones de GLEX 2021.","og_url":"https:\/\/sutusummit.com\/es\/los-beneficios-de-la-exploracion-espacial-a-debate-en-sutus-2021\/","og_site_name":"SUTUS","article_published_time":"2021-08-09T06:00:33+00:00","article_modified_time":"2021-08-09T17:02:49+00:00","og_image":[{"width":2560,"height":1707,"url":"https:\/\/sutusummit.com\/web\/wp-content\/uploads\/2021\/08\/iStock-1198099008-scaled.jpg","type":"image\/jpeg"}],"author":"Maria Medina Media","twitter_card":"summary_large_image","twitter_misc":{"Escrito por":"Maria Medina Media","Tiempo de lectura":"2 minutos"},"schema":{"@context":"https:\/\/schema.org","@graph":[{"@type":"Article","@id":"https:\/\/sutusummit.com\/es\/los-beneficios-de-la-exploracion-espacial-a-debate-en-sutus-2021\/#article","isPartOf":{"@id":"https:\/\/sutusummit.com\/es\/los-beneficios-de-la-exploracion-espacial-a-debate-en-sutus-2021\/"},"author":{"name":"Maria Medina Media","@id":"https:\/\/sutusummit.com\/#\/schema\/person\/bac7da778f75d94a53c944f5d4726a34"},"headline":"Los beneficios de la exploraci\u00f3n espacial, a debate en SUTUS 2021","datePublished":"2021-08-09T06:00:33+00:00","dateModified":"2021-08-09T17:02:49+00:00","mainEntityOfPage":{"@id":"https:\/\/sutusummit.com\/es\/los-beneficios-de-la-exploracion-espacial-a-debate-en-sutus-2021\/"},"wordCount":382,"publisher":{"@id":"https:\/\/sutusummit.com\/#organization"},"image":{"@id":"https:\/\/sutusummit.com\/es\/los-beneficios-de-la-exploracion-espacial-a-debate-en-sutus-2021\/#primaryimage"},"thumbnailUrl":"https:\/\/sutusummit.com\/web\/wp-content\/uploads\/2021\/08\/iStock-1198099008-scaled.jpg","articleSection":["Espacio"],"inLanguage":"es"},{"@type":"WebPage","@id":"https:\/\/sutusummit.com\/es\/los-beneficios-de-la-exploracion-espacial-a-debate-en-sutus-2021\/","url":"https:\/\/sutusummit.com\/es\/los-beneficios-de-la-exploracion-espacial-a-debate-en-sutus-2021\/","name":"Los beneficios de la exploraci\u00f3n espacial, a debate en SUTUS 2021 - SUTUS","isPartOf":{"@id":"https:\/\/sutusummit.com\/#website"},"primaryImageOfPage":{"@id":"https:\/\/sutusummit.com\/es\/los-beneficios-de-la-exploracion-espacial-a-debate-en-sutus-2021\/#primaryimage"},"image":{"@id":"https:\/\/sutusummit.com\/es\/los-beneficios-de-la-exploracion-espacial-a-debate-en-sutus-2021\/#primaryimage"},"thumbnailUrl":"https:\/\/sutusummit.com\/web\/wp-content\/uploads\/2021\/08\/iStock-1198099008-scaled.jpg","datePublished":"2021-08-09T06:00:33+00:00","dateModified":"2021-08-09T17:02:49+00:00","description":"La presidenta de la IAF, Pascale Ehrenfreund, participar\u00e1 este septiembre en SUTUS\u00a0para presentar las principales conclusiones de GLEX 2021.","breadcrumb":{"@id":"https:\/\/sutusummit.com\/es\/los-beneficios-de-la-exploracion-espacial-a-debate-en-sutus-2021\/#breadcrumb"},"inLanguage":"es","potentialAction":[{"@type":"ReadAction","target":["https:\/\/sutusummit.com\/es\/los-beneficios-de-la-exploracion-espacial-a-debate-en-sutus-2021\/"]}]},{"@type":"ImageObject","inLanguage":"es","@id":"https:\/\/sutusummit.com\/es\/los-beneficios-de-la-exploracion-espacial-a-debate-en-sutus-2021\/#primaryimage","url":"https:\/\/sutusummit.com\/web\/wp-content\/uploads\/2021\/08\/iStock-1198099008-scaled.jpg","contentUrl":"https:\/\/sutusummit.com\/web\/wp-content\/uploads\/2021\/08\/iStock-1198099008-scaled.jpg","width":2560,"height":1707,"caption":"Solar system planets in a row, asteroid rain, comet, sun, dust and star. Giant luminous light ring. Science and education background. Elements of this image furnished by NASA. \/urls: https:\/\/solarsystem.nasa.gov\/resources\/678\/our-solar-system-artists-concept\/ https:\/\/images.nasa.gov\/details-PIA16610.html https:\/\/images-assets.nasa.gov\/image\/PIA06939\/PIA06939~orig.jpg https:\/\/images.nasa.gov\/details-PIA06939.html"},{"@type":"BreadcrumbList","@id":"https:\/\/sutusummit.com\/es\/los-beneficios-de-la-exploracion-espacial-a-debate-en-sutus-2021\/#breadcrumb","itemListElement":[{"@type":"ListItem","position":1,"name":"Portada","item":"https:\/\/sutusummit.com\/es\/"},{"@type":"ListItem","position":2,"name":"Los beneficios de la exploraci\u00f3n espacial, a debate en SUTUS 2021"}]},{"@type":"WebSite","@id":"https:\/\/sutusummit.com\/#website","url":"https:\/\/sutusummit.com\/","name":"SUTUS","description":"Space &amp; Underwater Tourism Universal Summit","publisher":{"@id":"https:\/\/sutusummit.com\/#organization"},"potentialAction":[{"@type":"SearchAction","target":{"@type":"EntryPoint","urlTemplate":"https:\/\/sutusummit.com\/?s={search_term_string}"},"query-input":{"@type":"PropertyValueSpecification","valueRequired":true,"valueName":"search_term_string"}}],"inLanguage":"es"},{"@type":"Organization","@id":"https:\/\/sutusummit.com\/#organization","name":"SUTUS","url":"https:\/\/sutusummit.com\/","logo":{"@type":"ImageObject","inLanguage":"es","@id":"https:\/\/sutusummit.com\/#\/schema\/logo\/image\/","url":"https:\/\/sutusummit.com\/web\/wp-content\/uploads\/2019\/01\/sutuscolor.png","contentUrl":"https:\/\/sutusummit.com\/web\/wp-content\/uploads\/2019\/01\/sutuscolor.png","width":268,"height":85,"caption":"SUTUS"},"image":{"@id":"https:\/\/sutusummit.com\/#\/schema\/logo\/image\/"}},{"@type":"Person","@id":"https:\/\/sutusummit.com\/#\/schema\/person\/bac7da778f75d94a53c944f5d4726a34","name":"Maria Medina Media"}]}},"_links":{"self":[{"href":"https:\/\/sutusummit.com\/es\/wp-json\/wp\/v2\/posts\/5110","targetHints":{"allow":["GET"]}}],"collection":[{"href":"https:\/\/sutusummit.com\/es\/wp-json\/wp\/v2\/posts"}],"about":[{"href":"https:\/\/sutusummit.com\/es\/wp-json\/wp\/v2\/types\/post"}],"author":[{"embeddable":true,"href":"https:\/\/sutusummit.com\/es\/wp-json\/wp\/v2\/users\/4"}],"replies":[{"embeddable":true,"href":"https:\/\/sutusummit.com\/es\/wp-json\/wp\/v2\/comments?post=5110"}],"version-history":[{"count":0,"href":"https:\/\/sutusummit.com\/es\/wp-json\/wp\/v2\/posts\/5110\/revisions"}],"wp:featuredmedia":[{"embeddable":true,"href":"https:\/\/sutusummit.com\/es\/wp-json\/wp\/v2\/media\/5117"}],"wp:attachment":[{"href":"https:\/\/sutusummit.com\/es\/wp-json\/wp\/v2\/media?parent=5110"}],"wp:term":[{"taxonomy":"category","embeddable":true,"href":"https:\/\/sutusummit.com\/es\/wp-json\/wp\/v2\/categories?post=5110"},{"taxonomy":"post_tag","embeddable":true,"href":"https:\/\/sutusummit.com\/es\/wp-json\/wp\/v2\/tags?post=5110"}],"curies":[{"name":"wp","href":"https:\/\/api.w.org\/{rel}","templated":true}]}}