{"id":5142,"date":"2021-08-11T06:00:31","date_gmt":"2021-08-11T06:00:31","guid":{"rendered":"https:\/\/sutusummit.com\/?p=5142"},"modified":"2021-08-10T09:40:08","modified_gmt":"2021-08-10T09:40:08","slug":"el-proyecto-del-superyate-futurista-earth-300-tambien-se-suma-a-sutus-2021","status":"publish","type":"post","link":"https:\/\/sutusummit.com\/es\/el-proyecto-del-superyate-futurista-earth-300-tambien-se-suma-a-sutus-2021\/","title":{"rendered":"El proyecto del superyate futurista \u201cEarth 300\u201d, tambi\u00e9n se suma a SUTUS 2021"},"content":{"rendered":"<ul style=\"font-weight: 400;\">\n<li><strong>SUTUS 2021 ser\u00e1 el primer lugar de Europa en el que se expondr\u00e1 el superyate \u00abEarth 300\u00bb<\/strong><\/li>\n<\/ul>\n<p dir=\"ltr\"><strong>El futurista proyecto de superyate at\u00f3mico \u00abEarth 300\u00bb,<\/strong>\u00a0con base en Singapur, que navegar\u00e1 por el mundo en su lucha contra el cambio clim\u00e1tico,\u00a0<strong>ser\u00e1 presentado por primera vez en Europa en SUTUS 2021,<\/strong>\u00a0el encuentro pionero que a\u00fana el turismo espacial y subacu\u00e1tico, que tendr\u00e1 lugar\u00a0<strong>del 22 al 24 de septiembre\u00a0<\/strong>en Les Roches Marbella.<\/p>\n<p dir=\"ltr\">El yate \u00abEarth 300\u00bb, de\u00a0<strong>300 metros de eslora, 46 de manga y 60 de altura, podr\u00e1 albergar a 425 personas,\u00a0<\/strong>entre las que se encuentran destacados cient\u00edficos, capitanes de la industria, humanistas globales, activistas medioambientales, estudiantes y miembros de la tripulaci\u00f3n, adem\u00e1s de un reducido n\u00famero de turistas adinerados, alojados en 10 suites VIP con balcones privados. Pagar\u00e1n alrededor de un mill\u00f3n de d\u00f3lares cada uno por un viaje de 10 d\u00edas, que financiar\u00e1 la ciencia seria y contribuir\u00e1 a la viabilidad econ\u00f3mica de la empresa.<\/p>\n<p><img loading=\"lazy\" decoding=\"async\" class=\"wp-image-5144 size-medium aligncenter\" src=\"https:\/\/sutusummit.com\/web\/wp-content\/uploads\/2021\/08\/Aaron-Olivera-Earth-300-CEO-Founder-1024x724-1-300x212.jpg\" alt=\"\" width=\"300\" height=\"212\" srcset=\"https:\/\/sutusummit.com\/web\/wp-content\/uploads\/2021\/08\/Aaron-Olivera-Earth-300-CEO-Founder-1024x724-1-300x212.jpg 300w, https:\/\/sutusummit.com\/web\/wp-content\/uploads\/2021\/08\/Aaron-Olivera-Earth-300-CEO-Founder-1024x724-1-768x543.jpg 768w, https:\/\/sutusummit.com\/web\/wp-content\/uploads\/2021\/08\/Aaron-Olivera-Earth-300-CEO-Founder-1024x724-1.jpg 1024w\" sizes=\"auto, (max-width: 300px) 100vw, 300px\" \/><\/p>\n<p dir=\"ltr\">El proyecto est\u00e1\u00a0<strong>dirigido por el empresario gibraltare\u00f1o Aaron Olivera,<\/strong>\u00a0que ha establecido la base del proyecto en Singapur, donde se present\u00f3 en abril y desde donde est\u00e1 recaudando capital para avanzar en la tan necesaria empresa, que pretende zarpar en 2025.<\/p>\n<p dir=\"ltr\">\u00abM\u00e1s que mirar hacia el cielo, pretendemos\u00a0<strong>centrarnos en preservar nuestro planeta.<\/strong>\u00a0S\u00f3lo tenemos un hogar, creemos que es obligatorio garantizar que los problemas medioambientales de nuestro planeta se solucionen para que podamos dejar una tierra segura a las pr\u00f3ximas generaciones.\u00a0<strong>Queremos lanzar una era de despertar ecol\u00f3gico centrada en la conservaci\u00f3n del planeta ofreciendo inspiraci\u00f3n\u00bb,<\/strong>\u00a0afirma Olivera.<\/p>\n<p dir=\"ltr\"><strong>Olivera colabor\u00f3 estrechamente con el galardonado ingeniero naval Iv\u00e1n Salas Jefferson, fundador de Iddes Yachts, con sede en Barcelona, en el dise\u00f1o de Earth 300,<\/strong>\u00a0que quer\u00eda que fuera \u00abuna escultura cient\u00edfica para los mares, como una balsa de rescate futurista de otro mundo\u00bb que combinara un dise\u00f1o moderno, tecnolog\u00eda sin emisiones e instalaciones de investigaci\u00f3n de vanguardia, incluidos<strong>\u00a022 laboratorios<\/strong>\u00a0situados en una \u00abesfera cient\u00edfica\u00bb de cristal de 13 pisos de altura.<\/p>\n<p dir=\"ltr\"><strong>SUTUS (\u00abSpace &amp; UnderwaterTourism Universal Summit\u00bb) es un evento pionero a nivel mundial\u00a0<\/strong>que ya ha confirmado la asistencia de las principales agencias espaciales de todo el mundo, desde la\u00a0<strong>NASA<\/strong>\u00a0a la\u00a0<strong>Agencia Espacial Europea (ESA)<\/strong>\u00a0y la\u00a0<strong>japonesa (JAXA),<\/strong>\u00a0entre otras grandes empresas vinculadas al reto de ampliar las fronteras que el ser humano tiene sobre nuestras cabezas y bajo el nivel del mar.<\/p>\n<p dir=\"ltr\">Coincidiendo con el Equinoccio de Oto\u00f1o, Les Roches Marbella y Medina Media Events han organizado esta segunda edici\u00f3n de SUTUS en formato h\u00edbrido, tras el \u00e9xito de la primera edici\u00f3n celebrada en 2019. La edici\u00f3n de 2020 se suspendi\u00f3 debido a la pandemia de COVID19.<\/p>\n<p dir=\"ltr\"><strong>SUTUS 2021<\/strong>\u00a0cuenta con el apoyo de la\u00a0<strong>Consejer\u00eda de Turismo de la Junta de Andaluc\u00eda, Turismo y Planificaci\u00f3n de la Costa del Sol, Extenda, Triton Submarines\u00a0<\/strong>y<strong>\u00a0Pisces VI.<\/strong><\/p>\n","protected":false},"excerpt":{"rendered":"<p>El futurista proyecto de superyate at\u00f3mico \u00abEarth 300\u00bb,\u00a0con base en Singapur, que navegar\u00e1 por el mundo en su lucha contra el cambio clim\u00e1tico,\u00a0ser\u00e1 presentado por primera vez en Europa en SUTUS 2021.<\/p>\n","protected":false},"author":4,"featured_media":5146,"comment_status":"closed","ping_status":"closed","sticky":false,"template":"","format":"standard","meta":{"_acf_changed":false,"footnotes":""},"categories":[140],"tags":[],"class_list":["post-5142","post","type-post","status-publish","format-standard","has-post-thumbnail","hentry","category-subacuatico"],"acf":[],"yoast_head":"<!-- This site is optimized with the Yoast SEO plugin v27.4 - https:\/\/yoast.com\/product\/yoast-seo-wordpress\/ -->\n<title>El proyecto del superyate futurista \u201cEarth 300\u201d, tambi\u00e9n se suma a SUTUS 2021 - SUTUS<\/title>\n<meta name=\"description\" content=\"El futurista proyecto de superyate at\u00f3mico &quot;Earth 300&quot;, que lucha contra el cambio clim\u00e1tico,\u00a0ser\u00e1 presentado por primera vez en Europa en SUTUS 2021.\" \/>\n<meta name=\"robots\" content=\"index, follow, max-snippet:-1, max-image-preview:large, max-video-preview:-1\" \/>\n<link rel=\"canonical\" href=\"https:\/\/sutusummit.com\/es\/el-proyecto-del-superyate-futurista-earth-300-tambien-se-suma-a-sutus-2021\/\" \/>\n<meta property=\"og:locale\" content=\"es_ES\" \/>\n<meta property=\"og:type\" content=\"article\" \/>\n<meta property=\"og:title\" content=\"El proyecto del superyate futurista \u201cEarth 300\u201d, tambi\u00e9n se suma a SUTUS 2021 - SUTUS\" \/>\n<meta property=\"og:description\" content=\"El futurista proyecto de superyate at\u00f3mico &quot;Earth 300&quot;, que lucha contra el cambio clim\u00e1tico,\u00a0ser\u00e1 presentado por primera vez en Europa en SUTUS 2021.\" \/>\n<meta property=\"og:url\" content=\"https:\/\/sutusummit.com\/es\/el-proyecto-del-superyate-futurista-earth-300-tambien-se-suma-a-sutus-2021\/\" \/>\n<meta property=\"og:site_name\" content=\"SUTUS\" \/>\n<meta property=\"article:published_time\" content=\"2021-08-11T06:00:31+00:00\" \/>\n<meta property=\"og:image\" content=\"https:\/\/sutusummit.com\/web\/wp-content\/uploads\/2021\/08\/EARTH300-Vessel-02-rs-1024x683-1.jpg\" \/>\n\t<meta property=\"og:image:width\" content=\"1024\" \/>\n\t<meta property=\"og:image:height\" content=\"683\" \/>\n\t<meta property=\"og:image:type\" content=\"image\/jpeg\" \/>\n<meta name=\"author\" content=\"Maria Medina Media\" \/>\n<meta name=\"twitter:card\" content=\"summary_large_image\" \/>\n<meta name=\"twitter:label1\" content=\"Escrito por\" \/>\n\t<meta name=\"twitter:data1\" content=\"Maria Medina Media\" \/>\n\t<meta name=\"twitter:label2\" content=\"Tiempo de lectura\" \/>\n\t<meta name=\"twitter:data2\" content=\"3 minutos\" \/>\n<script type=\"application\/ld+json\" class=\"yoast-schema-graph\">{\"@context\":\"https:\\\/\\\/schema.org\",\"@graph\":[{\"@type\":\"Article\",\"@id\":\"https:\\\/\\\/sutusummit.com\\\/es\\\/el-proyecto-del-superyate-futurista-earth-300-tambien-se-suma-a-sutus-2021\\\/#article\",\"isPartOf\":{\"@id\":\"https:\\\/\\\/sutusummit.com\\\/es\\\/el-proyecto-del-superyate-futurista-earth-300-tambien-se-suma-a-sutus-2021\\\/\"},\"author\":{\"name\":\"Maria Medina Media\",\"@id\":\"https:\\\/\\\/sutusummit.com\\\/#\\\/schema\\\/person\\\/bac7da778f75d94a53c944f5d4726a34\"},\"headline\":\"El proyecto del superyate futurista \u201cEarth 300\u201d, tambi\u00e9n se suma a SUTUS 2021\",\"datePublished\":\"2021-08-11T06:00:31+00:00\",\"mainEntityOfPage\":{\"@id\":\"https:\\\/\\\/sutusummit.com\\\/es\\\/el-proyecto-del-superyate-futurista-earth-300-tambien-se-suma-a-sutus-2021\\\/\"},\"wordCount\":503,\"publisher\":{\"@id\":\"https:\\\/\\\/sutusummit.com\\\/#organization\"},\"image\":{\"@id\":\"https:\\\/\\\/sutusummit.com\\\/es\\\/el-proyecto-del-superyate-futurista-earth-300-tambien-se-suma-a-sutus-2021\\\/#primaryimage\"},\"thumbnailUrl\":\"https:\\\/\\\/sutusummit.com\\\/web\\\/wp-content\\\/uploads\\\/2021\\\/08\\\/EARTH300-Vessel-02-rs-1024x683-1.jpg\",\"articleSection\":[\"Subacu\u00e1tico\"],\"inLanguage\":\"es\"},{\"@type\":\"WebPage\",\"@id\":\"https:\\\/\\\/sutusummit.com\\\/es\\\/el-proyecto-del-superyate-futurista-earth-300-tambien-se-suma-a-sutus-2021\\\/\",\"url\":\"https:\\\/\\\/sutusummit.com\\\/es\\\/el-proyecto-del-superyate-futurista-earth-300-tambien-se-suma-a-sutus-2021\\\/\",\"name\":\"El proyecto del superyate futurista \u201cEarth 300\u201d, tambi\u00e9n se suma a SUTUS 2021 - SUTUS\",\"isPartOf\":{\"@id\":\"https:\\\/\\\/sutusummit.com\\\/#website\"},\"primaryImageOfPage\":{\"@id\":\"https:\\\/\\\/sutusummit.com\\\/es\\\/el-proyecto-del-superyate-futurista-earth-300-tambien-se-suma-a-sutus-2021\\\/#primaryimage\"},\"image\":{\"@id\":\"https:\\\/\\\/sutusummit.com\\\/es\\\/el-proyecto-del-superyate-futurista-earth-300-tambien-se-suma-a-sutus-2021\\\/#primaryimage\"},\"thumbnailUrl\":\"https:\\\/\\\/sutusummit.com\\\/web\\\/wp-content\\\/uploads\\\/2021\\\/08\\\/EARTH300-Vessel-02-rs-1024x683-1.jpg\",\"datePublished\":\"2021-08-11T06:00:31+00:00\",\"description\":\"El futurista proyecto de superyate at\u00f3mico \\\"Earth 300\\\", que lucha contra el cambio clim\u00e1tico,\u00a0ser\u00e1 presentado por primera vez en Europa en SUTUS 2021.\",\"breadcrumb\":{\"@id\":\"https:\\\/\\\/sutusummit.com\\\/es\\\/el-proyecto-del-superyate-futurista-earth-300-tambien-se-suma-a-sutus-2021\\\/#breadcrumb\"},\"inLanguage\":\"es\",\"potentialAction\":[{\"@type\":\"ReadAction\",\"target\":[\"https:\\\/\\\/sutusummit.com\\\/es\\\/el-proyecto-del-superyate-futurista-earth-300-tambien-se-suma-a-sutus-2021\\\/\"]}]},{\"@type\":\"ImageObject\",\"inLanguage\":\"es\",\"@id\":\"https:\\\/\\\/sutusummit.com\\\/es\\\/el-proyecto-del-superyate-futurista-earth-300-tambien-se-suma-a-sutus-2021\\\/#primaryimage\",\"url\":\"https:\\\/\\\/sutusummit.com\\\/web\\\/wp-content\\\/uploads\\\/2021\\\/08\\\/EARTH300-Vessel-02-rs-1024x683-1.jpg\",\"contentUrl\":\"https:\\\/\\\/sutusummit.com\\\/web\\\/wp-content\\\/uploads\\\/2021\\\/08\\\/EARTH300-Vessel-02-rs-1024x683-1.jpg\",\"width\":1024,\"height\":683},{\"@type\":\"BreadcrumbList\",\"@id\":\"https:\\\/\\\/sutusummit.com\\\/es\\\/el-proyecto-del-superyate-futurista-earth-300-tambien-se-suma-a-sutus-2021\\\/#breadcrumb\",\"itemListElement\":[{\"@type\":\"ListItem\",\"position\":1,\"name\":\"Portada\",\"item\":\"https:\\\/\\\/sutusummit.com\\\/es\\\/\"},{\"@type\":\"ListItem\",\"position\":2,\"name\":\"El proyecto del superyate futurista \u201cEarth 300\u201d, tambi\u00e9n se suma a SUTUS 2021\"}]},{\"@type\":\"WebSite\",\"@id\":\"https:\\\/\\\/sutusummit.com\\\/#website\",\"url\":\"https:\\\/\\\/sutusummit.com\\\/\",\"name\":\"SUTUS\",\"description\":\"Space &amp; Underwater Tourism Universal Summit\",\"publisher\":{\"@id\":\"https:\\\/\\\/sutusummit.com\\\/#organization\"},\"potentialAction\":[{\"@type\":\"SearchAction\",\"target\":{\"@type\":\"EntryPoint\",\"urlTemplate\":\"https:\\\/\\\/sutusummit.com\\\/?s={search_term_string}\"},\"query-input\":{\"@type\":\"PropertyValueSpecification\",\"valueRequired\":true,\"valueName\":\"search_term_string\"}}],\"inLanguage\":\"es\"},{\"@type\":\"Organization\",\"@id\":\"https:\\\/\\\/sutusummit.com\\\/#organization\",\"name\":\"SUTUS\",\"url\":\"https:\\\/\\\/sutusummit.com\\\/\",\"logo\":{\"@type\":\"ImageObject\",\"inLanguage\":\"es\",\"@id\":\"https:\\\/\\\/sutusummit.com\\\/#\\\/schema\\\/logo\\\/image\\\/\",\"url\":\"https:\\\/\\\/sutusummit.com\\\/web\\\/wp-content\\\/uploads\\\/2019\\\/01\\\/sutuscolor.png\",\"contentUrl\":\"https:\\\/\\\/sutusummit.com\\\/web\\\/wp-content\\\/uploads\\\/2019\\\/01\\\/sutuscolor.png\",\"width\":268,\"height\":85,\"caption\":\"SUTUS\"},\"image\":{\"@id\":\"https:\\\/\\\/sutusummit.com\\\/#\\\/schema\\\/logo\\\/image\\\/\"}},{\"@type\":\"Person\",\"@id\":\"https:\\\/\\\/sutusummit.com\\\/#\\\/schema\\\/person\\\/bac7da778f75d94a53c944f5d4726a34\",\"name\":\"Maria Medina Media\"}]}<\/script>\n<!-- \/ Yoast SEO plugin. -->","yoast_head_json":{"title":"El proyecto del superyate futurista \u201cEarth 300\u201d, tambi\u00e9n se suma a SUTUS 2021 - SUTUS","description":"El futurista proyecto de superyate at\u00f3mico \"Earth 300\", que lucha contra el cambio clim\u00e1tico,\u00a0ser\u00e1 presentado por primera vez en Europa en SUTUS 2021.","robots":{"index":"index","follow":"follow","max-snippet":"max-snippet:-1","max-image-preview":"max-image-preview:large","max-video-preview":"max-video-preview:-1"},"canonical":"https:\/\/sutusummit.com\/es\/el-proyecto-del-superyate-futurista-earth-300-tambien-se-suma-a-sutus-2021\/","og_locale":"es_ES","og_type":"article","og_title":"El proyecto del superyate futurista \u201cEarth 300\u201d, tambi\u00e9n se suma a SUTUS 2021 - SUTUS","og_description":"El futurista proyecto de superyate at\u00f3mico \"Earth 300\", que lucha contra el cambio clim\u00e1tico,\u00a0ser\u00e1 presentado por primera vez en Europa en SUTUS 2021.","og_url":"https:\/\/sutusummit.com\/es\/el-proyecto-del-superyate-futurista-earth-300-tambien-se-suma-a-sutus-2021\/","og_site_name":"SUTUS","article_published_time":"2021-08-11T06:00:31+00:00","og_image":[{"width":1024,"height":683,"url":"https:\/\/sutusummit.com\/web\/wp-content\/uploads\/2021\/08\/EARTH300-Vessel-02-rs-1024x683-1.jpg","type":"image\/jpeg"}],"author":"Maria Medina Media","twitter_card":"summary_large_image","twitter_misc":{"Escrito por":"Maria Medina Media","Tiempo de lectura":"3 minutos"},"schema":{"@context":"https:\/\/schema.org","@graph":[{"@type":"Article","@id":"https:\/\/sutusummit.com\/es\/el-proyecto-del-superyate-futurista-earth-300-tambien-se-suma-a-sutus-2021\/#article","isPartOf":{"@id":"https:\/\/sutusummit.com\/es\/el-proyecto-del-superyate-futurista-earth-300-tambien-se-suma-a-sutus-2021\/"},"author":{"name":"Maria Medina Media","@id":"https:\/\/sutusummit.com\/#\/schema\/person\/bac7da778f75d94a53c944f5d4726a34"},"headline":"El proyecto del superyate futurista \u201cEarth 300\u201d, tambi\u00e9n se suma a SUTUS 2021","datePublished":"2021-08-11T06:00:31+00:00","mainEntityOfPage":{"@id":"https:\/\/sutusummit.com\/es\/el-proyecto-del-superyate-futurista-earth-300-tambien-se-suma-a-sutus-2021\/"},"wordCount":503,"publisher":{"@id":"https:\/\/sutusummit.com\/#organization"},"image":{"@id":"https:\/\/sutusummit.com\/es\/el-proyecto-del-superyate-futurista-earth-300-tambien-se-suma-a-sutus-2021\/#primaryimage"},"thumbnailUrl":"https:\/\/sutusummit.com\/web\/wp-content\/uploads\/2021\/08\/EARTH300-Vessel-02-rs-1024x683-1.jpg","articleSection":["Subacu\u00e1tico"],"inLanguage":"es"},{"@type":"WebPage","@id":"https:\/\/sutusummit.com\/es\/el-proyecto-del-superyate-futurista-earth-300-tambien-se-suma-a-sutus-2021\/","url":"https:\/\/sutusummit.com\/es\/el-proyecto-del-superyate-futurista-earth-300-tambien-se-suma-a-sutus-2021\/","name":"El proyecto del superyate futurista \u201cEarth 300\u201d, tambi\u00e9n se suma a SUTUS 2021 - SUTUS","isPartOf":{"@id":"https:\/\/sutusummit.com\/#website"},"primaryImageOfPage":{"@id":"https:\/\/sutusummit.com\/es\/el-proyecto-del-superyate-futurista-earth-300-tambien-se-suma-a-sutus-2021\/#primaryimage"},"image":{"@id":"https:\/\/sutusummit.com\/es\/el-proyecto-del-superyate-futurista-earth-300-tambien-se-suma-a-sutus-2021\/#primaryimage"},"thumbnailUrl":"https:\/\/sutusummit.com\/web\/wp-content\/uploads\/2021\/08\/EARTH300-Vessel-02-rs-1024x683-1.jpg","datePublished":"2021-08-11T06:00:31+00:00","description":"El futurista proyecto de superyate at\u00f3mico \"Earth 300\", que lucha contra el cambio clim\u00e1tico,\u00a0ser\u00e1 presentado por primera vez en Europa en SUTUS 2021.","breadcrumb":{"@id":"https:\/\/sutusummit.com\/es\/el-proyecto-del-superyate-futurista-earth-300-tambien-se-suma-a-sutus-2021\/#breadcrumb"},"inLanguage":"es","potentialAction":[{"@type":"ReadAction","target":["https:\/\/sutusummit.com\/es\/el-proyecto-del-superyate-futurista-earth-300-tambien-se-suma-a-sutus-2021\/"]}]},{"@type":"ImageObject","inLanguage":"es","@id":"https:\/\/sutusummit.com\/es\/el-proyecto-del-superyate-futurista-earth-300-tambien-se-suma-a-sutus-2021\/#primaryimage","url":"https:\/\/sutusummit.com\/web\/wp-content\/uploads\/2021\/08\/EARTH300-Vessel-02-rs-1024x683-1.jpg","contentUrl":"https:\/\/sutusummit.com\/web\/wp-content\/uploads\/2021\/08\/EARTH300-Vessel-02-rs-1024x683-1.jpg","width":1024,"height":683},{"@type":"BreadcrumbList","@id":"https:\/\/sutusummit.com\/es\/el-proyecto-del-superyate-futurista-earth-300-tambien-se-suma-a-sutus-2021\/#breadcrumb","itemListElement":[{"@type":"ListItem","position":1,"name":"Portada","item":"https:\/\/sutusummit.com\/es\/"},{"@type":"ListItem","position":2,"name":"El proyecto del superyate futurista \u201cEarth 300\u201d, tambi\u00e9n se suma a SUTUS 2021"}]},{"@type":"WebSite","@id":"https:\/\/sutusummit.com\/#website","url":"https:\/\/sutusummit.com\/","name":"SUTUS","description":"Space &amp; Underwater Tourism Universal Summit","publisher":{"@id":"https:\/\/sutusummit.com\/#organization"},"potentialAction":[{"@type":"SearchAction","target":{"@type":"EntryPoint","urlTemplate":"https:\/\/sutusummit.com\/?s={search_term_string}"},"query-input":{"@type":"PropertyValueSpecification","valueRequired":true,"valueName":"search_term_string"}}],"inLanguage":"es"},{"@type":"Organization","@id":"https:\/\/sutusummit.com\/#organization","name":"SUTUS","url":"https:\/\/sutusummit.com\/","logo":{"@type":"ImageObject","inLanguage":"es","@id":"https:\/\/sutusummit.com\/#\/schema\/logo\/image\/","url":"https:\/\/sutusummit.com\/web\/wp-content\/uploads\/2019\/01\/sutuscolor.png","contentUrl":"https:\/\/sutusummit.com\/web\/wp-content\/uploads\/2019\/01\/sutuscolor.png","width":268,"height":85,"caption":"SUTUS"},"image":{"@id":"https:\/\/sutusummit.com\/#\/schema\/logo\/image\/"}},{"@type":"Person","@id":"https:\/\/sutusummit.com\/#\/schema\/person\/bac7da778f75d94a53c944f5d4726a34","name":"Maria Medina Media"}]}},"_links":{"self":[{"href":"https:\/\/sutusummit.com\/es\/wp-json\/wp\/v2\/posts\/5142","targetHints":{"allow":["GET"]}}],"collection":[{"href":"https:\/\/sutusummit.com\/es\/wp-json\/wp\/v2\/posts"}],"about":[{"href":"https:\/\/sutusummit.com\/es\/wp-json\/wp\/v2\/types\/post"}],"author":[{"embeddable":true,"href":"https:\/\/sutusummit.com\/es\/wp-json\/wp\/v2\/users\/4"}],"replies":[{"embeddable":true,"href":"https:\/\/sutusummit.com\/es\/wp-json\/wp\/v2\/comments?post=5142"}],"version-history":[{"count":0,"href":"https:\/\/sutusummit.com\/es\/wp-json\/wp\/v2\/posts\/5142\/revisions"}],"wp:featuredmedia":[{"embeddable":true,"href":"https:\/\/sutusummit.com\/es\/wp-json\/wp\/v2\/media\/5146"}],"wp:attachment":[{"href":"https:\/\/sutusummit.com\/es\/wp-json\/wp\/v2\/media?parent=5142"}],"wp:term":[{"taxonomy":"category","embeddable":true,"href":"https:\/\/sutusummit.com\/es\/wp-json\/wp\/v2\/categories?post=5142"},{"taxonomy":"post_tag","embeddable":true,"href":"https:\/\/sutusummit.com\/es\/wp-json\/wp\/v2\/tags?post=5142"}],"curies":[{"name":"wp","href":"https:\/\/api.w.org\/{rel}","templated":true}]}}