{"id":5408,"date":"2021-09-01T07:22:33","date_gmt":"2021-09-01T07:22:33","guid":{"rendered":"https:\/\/sutusummit.com\/?p=5408"},"modified":"2021-09-01T12:43:34","modified_gmt":"2021-09-01T12:43:34","slug":"sutus-2021-mostrara-los-grandes-proyectos-del-turismo-subacuatico-de-lujo","status":"publish","type":"post","link":"https:\/\/sutusummit.com\/es\/sutus-2021-mostrara-los-grandes-proyectos-del-turismo-subacuatico-de-lujo\/","title":{"rendered":"SUTUS 2021 abre registro y avanza los grandes proyectos del turismo subacu\u00e1tico de lujo de su tercera jornada"},"content":{"rendered":"<p dir=\"ltr\"><strong>SUTUS 2021,\u00a0<\/strong>el evento pionero a nivel mundial que ofrece una visi\u00f3n conjunta de los proyectos del turismo de lujo relacionados con el Espacio y con los Oc\u00e9anos en el siglo XXI,\u00a0<strong>dedicar\u00e1 su tercera jornada (viernes 24 de septiembre)<\/strong>\u00a0al mundo subacu\u00e1tico, con proyectos de vanguardia de Estados Unidos, Indonesia, Italia, Espa\u00f1a y Francia, incluido el del nieto del legendario acuanauta franc\u00e9s Jacques Cousteau.<\/p>\n<p dir=\"ltr\"><strong>SUTUS (\u201cSpace &amp; Underwater Tourism Universal Summit\u201d) tendr\u00e1 lugar con un formato h\u00edbrido del 22 al 24 de septiembre en Les Roches Marbella,<\/strong>\u00a0en la Costa del Sol espa\u00f1ola, coincidiendo con el equinoccio de oto\u00f1o, un d\u00eda marcado en el calendario desde las civilizaciones m\u00e1s antiguas como la egipcia o la maya por la influencia que el Sol tiene en el sistema solar y en las mareas de todos los mares de la Tierra.<\/p>\n<p dir=\"ltr\">Despu\u00e9s de la primera jornada presencial, en la que participar\u00e1n entre otros las agencias espaciales de Estados Unidos (NASA), la Uni\u00f3n Europea (ESA) y Jap\u00f3n (JAXA),\u00a0<strong>el segundo d\u00eda estar\u00e1 dedicado a proyectos aeroespaciales de Estados Unidos, China, B\u00e9lgica y Espa\u00f1a,<\/strong>\u00a0adem\u00e1s de a la Federaci\u00f3n Astron\u00e1utica Internacional (IAF) y al Consejo Mundial de Viajes y Turismo (WTTC)<\/p>\n<p dir=\"ltr\"><strong>Fabien Cousteau,\u00a0<\/strong>nieto del inolvidable Jacques Cousteau, presentar\u00e1 desde Cura\u00e7ao su proyecto\u00a0<strong>\u201cProteus\u201d,<\/strong>\u00a0que pretende ser la\u00a0<strong>r\u00e9plica subacu\u00e1tica de la Estaci\u00f3n Espacial Internacional (ISS)\u00a0<\/strong>para albergar durante largos per\u00edodos de tiempo a 12 cient\u00edficos para tomar muestras y estudiar la biodiversidad del oc\u00e9ano.<\/p>\n<p dir=\"ltr\">Para hacer realidad el proyecto \u201cProteus\u201d, Fabien Costeau estima una<strong>\u00a0inversi\u00f3n de 135 millones\u00a0<\/strong>de d\u00f3lares, que esperan conseguir de aqu\u00ed a 2023, para tener terminada la estaci\u00f3n submarina unos 36 meses despu\u00e9s, en 2026.<\/p>\n<p dir=\"ltr\">Otro ambicioso proyecto para el estudio de los oc\u00e9anos es\u00a0<strong>\u201cEarth 300\u201d,<\/strong> que tiene su base en Singapur y que lidera el empresario gibraltare\u00f1o <strong>Aaron Olivera. \u201cEarth 300\u201d es un proyecto de super-yate, de 300 metros<\/strong>\u00a0de eslora, 46 de manga y 60 de altura, para albergar a 425 personas entre cient\u00edficos, humanistas, medioambientalistas y turistas que podr\u00e1n disfrutar de una experiencia \u00fanica a raz\u00f3n de un mill\u00f3n de d\u00f3lares por una estancia de diez d\u00edas en este \u201cArca de No\u00e9\u201d futurista.<\/p>\n<p dir=\"ltr\">Despu\u00e9s de sus presentaciones, Fabien Cousteau y Aaron Olivera mantendr\u00e1n una charla inspirada en el futuro del Planeta y el necesario compromiso medioambiental para no da\u00f1arlo m\u00e1s.<\/p>\n<p dir=\"ltr\">El futuro del turismo subacu\u00e1tico tambi\u00e9n pasa por\u00a0<strong>bucear entre barcos griegos y romanos, galeras de la batalla de Lepanto o portaaviones brit\u00e1nicos de la II Guerra Mundial,<\/strong>\u00a0como explicar\u00e1\u00a0<strong>Javier Noriega,<\/strong>\u00a0presidente del\u00a0<strong>Cl\u00faster Marino Mar\u00edtimo de Andaluc\u00eda,<\/strong>\u00a0que presentar\u00e1 el `proyecto denominado<strong>\u00a0\u201cSenda Azul\u201d,<\/strong>\u00a0por\u00a0<strong>180 kil\u00f3metros de la Costa del Sol espa\u00f1ola.<\/strong><\/p>\n<p dir=\"ltr\">La historiadora y arque\u00f3loga submarina\u00a0<strong>Carlota P\u00e9rez-Reverte tambi\u00e9n estar\u00e1 en SUTUS 2021<\/strong>\u00a0para hablar sobre el<strong>\u00a0turismo y el patrimonio subacu\u00e1tico\u00a0<\/strong>y explicar\u00e1 las oportunidades que las Nuevas Tecnolog\u00edas brindan a los turistas, las empresas y las administraciones p\u00fablicas para atraer y dar visibilidad al patrimonio sumergido.<\/p>\n<p dir=\"ltr\">El profesor<strong>\u00a0Michele Stefanile, de la Universidad L\u00b4Oriental de N\u00e1poles (Italia),<\/strong>\u00a0har\u00e1 un repaso a los proyectos tur\u00edsticos subacu\u00e1ticos que se est\u00e1n desarrollando en el Mediterr\u00e1neo, con atenci\u00f3n especial a las ruinas sumergidas de la ciudad de Baiae por las erupciones del Vesubio.<\/p>\n<p dir=\"ltr\">Tambi\u00e9n,\u00a0<strong>el ingeniero espa\u00f1ol H\u00e9ctor Salvador,\u00a0<\/strong>que baj\u00f3 hasta una profundidad de\u00a0<strong>10.700 metros de profundidad en las Marianas,<\/strong>\u00a0contar\u00e1 su experiencia personal en la tercera jornada de SUTUS.<\/p>\n<p dir=\"ltr\">A continuaci\u00f3n Carlota P\u00e9rez-Reverte, Michele Stefanile y H\u00e9ctor Salvador mantendr\u00e1n una charla informal sobre el futuro del turismo subacu\u00e1tico.<\/p>\n<p dir=\"ltr\">Adem\u00e1s de esta agenda de la tercera jornada,<strong>\u00a0los temas subacu\u00e1ticos tendr\u00e1n una amplia visibilidad en la segunda edici\u00f3n de SUTUS<\/strong>\u00a0(la primera fue en 2019 y la de 2020 no se celebr\u00f3 por la pandemia del COVID19), ya que se ha ampliado a tres d\u00edas la agenda del evento y en la jornada inaugural (presencial) se han incorporado el proyecto audiovisual franc\u00e9s\u00a0<strong>The Explorers<\/strong>\u00a0y los de las compa\u00f1\u00edas estadounidenses de submarinos\u00a0<strong>Triton y Pisces VI,<\/strong>\u00a0que realizar\u00e1n sendas presentaciones.<\/p>\n<p dir=\"ltr\">Las conferencias y charlas podr\u00e1n seguirse (previo registro) a trav\u00e9s de la\u00a0<strong>Plataforma de Medina Media Events,<\/strong>\u00a0que junto a\u00a0<strong>Les Roches Marbella<\/strong>\u00a0organizan este evento inspiracional y pionero en el que participan, entre otros, la agencia espacial estadounidense (NASA), la europea (ESA) y la japonesa (JAXA).<\/p>\n<p dir=\"ltr\">La agenda de las tres jornadas est\u00e1 ya disponible en la\u00a0<a href=\"https:\/\/sutusummit.com\/es\/agenda\/\" target=\"_blank\" rel=\"noopener\"><strong>web oficial de SUTUS<\/strong>.<\/a><\/p>\n<p dir=\"ltr\">Para inscribirse puede visitarse\u00a0<a href=\"https:\/\/sutusummit.com\/es\/registro\/\" target=\"_blank\" rel=\"noopener\"><strong>este enlace<\/strong>.<\/a><\/p>\n<p dir=\"ltr\">La<strong>\u00a0segunda edici\u00f3n de SUTUS tendr\u00e1 un formato h\u00edbrido,<\/strong>\u00a0<strong>con una primera jornada presencial, el 22 de septiembre, en el campus de de Les Roches Marbella,<\/strong>\u00a0y dos m\u00e1s virtuales, 23 y 24 de septiembre.\u00a0<strong>Las tres jornadas podr\u00e1n seguirse previo registro a trav\u00e9s de la plataforma virtual de Medina Media Events,<\/strong>\u00a0a trav\u00e9s de la cual los asistentes podr\u00e1n agendar video reuniones con otros participantes y ponentes, adem\u00e1s de visitar exclusivas demos online.<\/p>\n<p dir=\"ltr\"><strong>SUTUS 2021\u00a0<\/strong>cuenta con el apoyo de la<strong>\u00a0Consejer\u00eda de Turismo de Andaluc\u00eda, Turismo y Planificaci\u00f3n Costa del Sol, Extenda, Triton Submarines<\/strong>\u00a0y<strong>\u00a0Pisces VI.<\/strong><\/p>\n","protected":false},"excerpt":{"rendered":"<p>SUTUS 2021,\u00a0el evento pionero a nivel mundial que ofrece una visi\u00f3n conjunta de los proyectos del turismo de lujo relacionados con el Espacio y con los Oc\u00e9anos en el siglo XXI,\u00a0dedicar\u00e1 su tercera jornada (viernes 24 de septiembre)\u00a0al mundo subacu\u00e1tico, con proyectos de vanguardia de Estados Unidos, Indonesia, Italia, Espa\u00f1a y Francia, incluido el del nieto del legendario acuanauta franc\u00e9s Jacques Cousteau.<\/p>\n","protected":false},"author":4,"featured_media":5426,"comment_status":"closed","ping_status":"closed","sticky":false,"template":"","format":"standard","meta":{"_acf_changed":false,"footnotes":""},"categories":[100],"tags":[],"class_list":["post-5408","post","type-post","status-publish","format-standard","has-post-thumbnail","hentry","category-evento"],"acf":[],"yoast_head":"<!-- This site is optimized with the Yoast SEO plugin v27.5 - https:\/\/yoast.com\/product\/yoast-seo-wordpress\/ -->\n<title>SUTUS 2021 abre registro y avanza los grandes proyectos del turismo subacu\u00e1tico de lujo de su tercera jornada - SUTUS<\/title>\n<meta name=\"description\" content=\"SUTUS 2021\u00a0dedicar\u00e1 su tercera jornada al mundo subacu\u00e1tico, con proyectos de vanguardia, incluido el del nieto del legendario franc\u00e9s Jacques Cousteau.\" \/>\n<meta name=\"robots\" content=\"index, follow, max-snippet:-1, max-image-preview:large, max-video-preview:-1\" \/>\n<link rel=\"canonical\" href=\"https:\/\/sutusummit.com\/es\/sutus-2021-mostrara-los-grandes-proyectos-del-turismo-subacuatico-de-lujo\/\" \/>\n<meta property=\"og:locale\" content=\"es_ES\" \/>\n<meta property=\"og:type\" content=\"article\" \/>\n<meta property=\"og:title\" content=\"SUTUS 2021 abre registro y avanza los grandes proyectos del turismo subacu\u00e1tico de lujo de su tercera jornada - SUTUS\" \/>\n<meta property=\"og:description\" content=\"SUTUS 2021\u00a0dedicar\u00e1 su tercera jornada al mundo subacu\u00e1tico, con proyectos de vanguardia, incluido el del nieto del legendario franc\u00e9s Jacques Cousteau.\" \/>\n<meta property=\"og:url\" content=\"https:\/\/sutusummit.com\/es\/sutus-2021-mostrara-los-grandes-proyectos-del-turismo-subacuatico-de-lujo\/\" \/>\n<meta property=\"og:site_name\" content=\"SUTUS\" \/>\n<meta property=\"article:published_time\" content=\"2021-09-01T07:22:33+00:00\" \/>\n<meta property=\"article:modified_time\" content=\"2021-09-01T12:43:34+00:00\" \/>\n<meta property=\"og:image\" content=\"https:\/\/sutusummit.com\/web\/wp-content\/uploads\/2021\/08\/A11-1-scaled.jpg\" \/>\n\t<meta property=\"og:image:width\" content=\"2560\" \/>\n\t<meta property=\"og:image:height\" content=\"1280\" \/>\n\t<meta property=\"og:image:type\" content=\"image\/jpeg\" \/>\n<meta name=\"author\" content=\"Maria Medina Media\" \/>\n<meta name=\"twitter:card\" content=\"summary_large_image\" \/>\n<meta name=\"twitter:label1\" content=\"Escrito por\" \/>\n\t<meta name=\"twitter:data1\" content=\"Maria Medina Media\" \/>\n\t<meta name=\"twitter:label2\" content=\"Tiempo de lectura\" \/>\n\t<meta name=\"twitter:data2\" content=\"4 minutos\" \/>\n<script type=\"application\/ld+json\" class=\"yoast-schema-graph\">{\"@context\":\"https:\\\/\\\/schema.org\",\"@graph\":[{\"@type\":\"Article\",\"@id\":\"https:\\\/\\\/sutusummit.com\\\/es\\\/sutus-2021-mostrara-los-grandes-proyectos-del-turismo-subacuatico-de-lujo\\\/#article\",\"isPartOf\":{\"@id\":\"https:\\\/\\\/sutusummit.com\\\/es\\\/sutus-2021-mostrara-los-grandes-proyectos-del-turismo-subacuatico-de-lujo\\\/\"},\"author\":{\"name\":\"Maria Medina Media\",\"@id\":\"https:\\\/\\\/sutusummit.com\\\/#\\\/schema\\\/person\\\/bac7da778f75d94a53c944f5d4726a34\"},\"headline\":\"SUTUS 2021 abre registro y avanza los grandes proyectos del turismo subacu\u00e1tico de lujo de su tercera jornada\",\"datePublished\":\"2021-09-01T07:22:33+00:00\",\"dateModified\":\"2021-09-01T12:43:34+00:00\",\"mainEntityOfPage\":{\"@id\":\"https:\\\/\\\/sutusummit.com\\\/es\\\/sutus-2021-mostrara-los-grandes-proyectos-del-turismo-subacuatico-de-lujo\\\/\"},\"wordCount\":913,\"publisher\":{\"@id\":\"https:\\\/\\\/sutusummit.com\\\/#organization\"},\"image\":{\"@id\":\"https:\\\/\\\/sutusummit.com\\\/es\\\/sutus-2021-mostrara-los-grandes-proyectos-del-turismo-subacuatico-de-lujo\\\/#primaryimage\"},\"thumbnailUrl\":\"https:\\\/\\\/sutusummit.com\\\/web\\\/wp-content\\\/uploads\\\/2021\\\/08\\\/A11-1-scaled.jpg\",\"articleSection\":[\"Evento\"],\"inLanguage\":\"es\"},{\"@type\":\"WebPage\",\"@id\":\"https:\\\/\\\/sutusummit.com\\\/es\\\/sutus-2021-mostrara-los-grandes-proyectos-del-turismo-subacuatico-de-lujo\\\/\",\"url\":\"https:\\\/\\\/sutusummit.com\\\/es\\\/sutus-2021-mostrara-los-grandes-proyectos-del-turismo-subacuatico-de-lujo\\\/\",\"name\":\"SUTUS 2021 abre registro y avanza los grandes proyectos del turismo subacu\u00e1tico de lujo de su tercera jornada - SUTUS\",\"isPartOf\":{\"@id\":\"https:\\\/\\\/sutusummit.com\\\/#website\"},\"primaryImageOfPage\":{\"@id\":\"https:\\\/\\\/sutusummit.com\\\/es\\\/sutus-2021-mostrara-los-grandes-proyectos-del-turismo-subacuatico-de-lujo\\\/#primaryimage\"},\"image\":{\"@id\":\"https:\\\/\\\/sutusummit.com\\\/es\\\/sutus-2021-mostrara-los-grandes-proyectos-del-turismo-subacuatico-de-lujo\\\/#primaryimage\"},\"thumbnailUrl\":\"https:\\\/\\\/sutusummit.com\\\/web\\\/wp-content\\\/uploads\\\/2021\\\/08\\\/A11-1-scaled.jpg\",\"datePublished\":\"2021-09-01T07:22:33+00:00\",\"dateModified\":\"2021-09-01T12:43:34+00:00\",\"description\":\"SUTUS 2021\u00a0dedicar\u00e1 su tercera jornada al mundo subacu\u00e1tico, con proyectos de vanguardia, incluido el del nieto del legendario franc\u00e9s Jacques Cousteau.\",\"breadcrumb\":{\"@id\":\"https:\\\/\\\/sutusummit.com\\\/es\\\/sutus-2021-mostrara-los-grandes-proyectos-del-turismo-subacuatico-de-lujo\\\/#breadcrumb\"},\"inLanguage\":\"es\",\"potentialAction\":[{\"@type\":\"ReadAction\",\"target\":[\"https:\\\/\\\/sutusummit.com\\\/es\\\/sutus-2021-mostrara-los-grandes-proyectos-del-turismo-subacuatico-de-lujo\\\/\"]}]},{\"@type\":\"ImageObject\",\"inLanguage\":\"es\",\"@id\":\"https:\\\/\\\/sutusummit.com\\\/es\\\/sutus-2021-mostrara-los-grandes-proyectos-del-turismo-subacuatico-de-lujo\\\/#primaryimage\",\"url\":\"https:\\\/\\\/sutusummit.com\\\/web\\\/wp-content\\\/uploads\\\/2021\\\/08\\\/A11-1-scaled.jpg\",\"contentUrl\":\"https:\\\/\\\/sutusummit.com\\\/web\\\/wp-content\\\/uploads\\\/2021\\\/08\\\/A11-1-scaled.jpg\",\"width\":2560,\"height\":1280},{\"@type\":\"BreadcrumbList\",\"@id\":\"https:\\\/\\\/sutusummit.com\\\/es\\\/sutus-2021-mostrara-los-grandes-proyectos-del-turismo-subacuatico-de-lujo\\\/#breadcrumb\",\"itemListElement\":[{\"@type\":\"ListItem\",\"position\":1,\"name\":\"Portada\",\"item\":\"https:\\\/\\\/sutusummit.com\\\/es\\\/\"},{\"@type\":\"ListItem\",\"position\":2,\"name\":\"SUTUS 2021 abre registro y avanza los grandes proyectos del turismo subacu\u00e1tico de lujo de su tercera jornada\"}]},{\"@type\":\"WebSite\",\"@id\":\"https:\\\/\\\/sutusummit.com\\\/#website\",\"url\":\"https:\\\/\\\/sutusummit.com\\\/\",\"name\":\"SUTUS\",\"description\":\"Space &amp; Underwater Tourism Universal Summit\",\"publisher\":{\"@id\":\"https:\\\/\\\/sutusummit.com\\\/#organization\"},\"potentialAction\":[{\"@type\":\"SearchAction\",\"target\":{\"@type\":\"EntryPoint\",\"urlTemplate\":\"https:\\\/\\\/sutusummit.com\\\/?s={search_term_string}\"},\"query-input\":{\"@type\":\"PropertyValueSpecification\",\"valueRequired\":true,\"valueName\":\"search_term_string\"}}],\"inLanguage\":\"es\"},{\"@type\":\"Organization\",\"@id\":\"https:\\\/\\\/sutusummit.com\\\/#organization\",\"name\":\"SUTUS\",\"url\":\"https:\\\/\\\/sutusummit.com\\\/\",\"logo\":{\"@type\":\"ImageObject\",\"inLanguage\":\"es\",\"@id\":\"https:\\\/\\\/sutusummit.com\\\/#\\\/schema\\\/logo\\\/image\\\/\",\"url\":\"https:\\\/\\\/sutusummit.com\\\/web\\\/wp-content\\\/uploads\\\/2019\\\/01\\\/sutuscolor.png\",\"contentUrl\":\"https:\\\/\\\/sutusummit.com\\\/web\\\/wp-content\\\/uploads\\\/2019\\\/01\\\/sutuscolor.png\",\"width\":268,\"height\":85,\"caption\":\"SUTUS\"},\"image\":{\"@id\":\"https:\\\/\\\/sutusummit.com\\\/#\\\/schema\\\/logo\\\/image\\\/\"}},{\"@type\":\"Person\",\"@id\":\"https:\\\/\\\/sutusummit.com\\\/#\\\/schema\\\/person\\\/bac7da778f75d94a53c944f5d4726a34\",\"name\":\"Maria Medina Media\"}]}<\/script>\n<!-- \/ Yoast SEO plugin. -->","yoast_head_json":{"title":"SUTUS 2021 abre registro y avanza los grandes proyectos del turismo subacu\u00e1tico de lujo de su tercera jornada - SUTUS","description":"SUTUS 2021\u00a0dedicar\u00e1 su tercera jornada al mundo subacu\u00e1tico, con proyectos de vanguardia, incluido el del nieto del legendario franc\u00e9s Jacques Cousteau.","robots":{"index":"index","follow":"follow","max-snippet":"max-snippet:-1","max-image-preview":"max-image-preview:large","max-video-preview":"max-video-preview:-1"},"canonical":"https:\/\/sutusummit.com\/es\/sutus-2021-mostrara-los-grandes-proyectos-del-turismo-subacuatico-de-lujo\/","og_locale":"es_ES","og_type":"article","og_title":"SUTUS 2021 abre registro y avanza los grandes proyectos del turismo subacu\u00e1tico de lujo de su tercera jornada - SUTUS","og_description":"SUTUS 2021\u00a0dedicar\u00e1 su tercera jornada al mundo subacu\u00e1tico, con proyectos de vanguardia, incluido el del nieto del legendario franc\u00e9s Jacques Cousteau.","og_url":"https:\/\/sutusummit.com\/es\/sutus-2021-mostrara-los-grandes-proyectos-del-turismo-subacuatico-de-lujo\/","og_site_name":"SUTUS","article_published_time":"2021-09-01T07:22:33+00:00","article_modified_time":"2021-09-01T12:43:34+00:00","og_image":[{"width":2560,"height":1280,"url":"https:\/\/sutusummit.com\/web\/wp-content\/uploads\/2021\/08\/A11-1-scaled.jpg","type":"image\/jpeg"}],"author":"Maria Medina Media","twitter_card":"summary_large_image","twitter_misc":{"Escrito por":"Maria Medina Media","Tiempo de lectura":"4 minutos"},"schema":{"@context":"https:\/\/schema.org","@graph":[{"@type":"Article","@id":"https:\/\/sutusummit.com\/es\/sutus-2021-mostrara-los-grandes-proyectos-del-turismo-subacuatico-de-lujo\/#article","isPartOf":{"@id":"https:\/\/sutusummit.com\/es\/sutus-2021-mostrara-los-grandes-proyectos-del-turismo-subacuatico-de-lujo\/"},"author":{"name":"Maria Medina Media","@id":"https:\/\/sutusummit.com\/#\/schema\/person\/bac7da778f75d94a53c944f5d4726a34"},"headline":"SUTUS 2021 abre registro y avanza los grandes proyectos del turismo subacu\u00e1tico de lujo de su tercera jornada","datePublished":"2021-09-01T07:22:33+00:00","dateModified":"2021-09-01T12:43:34+00:00","mainEntityOfPage":{"@id":"https:\/\/sutusummit.com\/es\/sutus-2021-mostrara-los-grandes-proyectos-del-turismo-subacuatico-de-lujo\/"},"wordCount":913,"publisher":{"@id":"https:\/\/sutusummit.com\/#organization"},"image":{"@id":"https:\/\/sutusummit.com\/es\/sutus-2021-mostrara-los-grandes-proyectos-del-turismo-subacuatico-de-lujo\/#primaryimage"},"thumbnailUrl":"https:\/\/sutusummit.com\/web\/wp-content\/uploads\/2021\/08\/A11-1-scaled.jpg","articleSection":["Evento"],"inLanguage":"es"},{"@type":"WebPage","@id":"https:\/\/sutusummit.com\/es\/sutus-2021-mostrara-los-grandes-proyectos-del-turismo-subacuatico-de-lujo\/","url":"https:\/\/sutusummit.com\/es\/sutus-2021-mostrara-los-grandes-proyectos-del-turismo-subacuatico-de-lujo\/","name":"SUTUS 2021 abre registro y avanza los grandes proyectos del turismo subacu\u00e1tico de lujo de su tercera jornada - SUTUS","isPartOf":{"@id":"https:\/\/sutusummit.com\/#website"},"primaryImageOfPage":{"@id":"https:\/\/sutusummit.com\/es\/sutus-2021-mostrara-los-grandes-proyectos-del-turismo-subacuatico-de-lujo\/#primaryimage"},"image":{"@id":"https:\/\/sutusummit.com\/es\/sutus-2021-mostrara-los-grandes-proyectos-del-turismo-subacuatico-de-lujo\/#primaryimage"},"thumbnailUrl":"https:\/\/sutusummit.com\/web\/wp-content\/uploads\/2021\/08\/A11-1-scaled.jpg","datePublished":"2021-09-01T07:22:33+00:00","dateModified":"2021-09-01T12:43:34+00:00","description":"SUTUS 2021\u00a0dedicar\u00e1 su tercera jornada al mundo subacu\u00e1tico, con proyectos de vanguardia, incluido el del nieto del legendario franc\u00e9s Jacques Cousteau.","breadcrumb":{"@id":"https:\/\/sutusummit.com\/es\/sutus-2021-mostrara-los-grandes-proyectos-del-turismo-subacuatico-de-lujo\/#breadcrumb"},"inLanguage":"es","potentialAction":[{"@type":"ReadAction","target":["https:\/\/sutusummit.com\/es\/sutus-2021-mostrara-los-grandes-proyectos-del-turismo-subacuatico-de-lujo\/"]}]},{"@type":"ImageObject","inLanguage":"es","@id":"https:\/\/sutusummit.com\/es\/sutus-2021-mostrara-los-grandes-proyectos-del-turismo-subacuatico-de-lujo\/#primaryimage","url":"https:\/\/sutusummit.com\/web\/wp-content\/uploads\/2021\/08\/A11-1-scaled.jpg","contentUrl":"https:\/\/sutusummit.com\/web\/wp-content\/uploads\/2021\/08\/A11-1-scaled.jpg","width":2560,"height":1280},{"@type":"BreadcrumbList","@id":"https:\/\/sutusummit.com\/es\/sutus-2021-mostrara-los-grandes-proyectos-del-turismo-subacuatico-de-lujo\/#breadcrumb","itemListElement":[{"@type":"ListItem","position":1,"name":"Portada","item":"https:\/\/sutusummit.com\/es\/"},{"@type":"ListItem","position":2,"name":"SUTUS 2021 abre registro y avanza los grandes proyectos del turismo subacu\u00e1tico de lujo de su tercera jornada"}]},{"@type":"WebSite","@id":"https:\/\/sutusummit.com\/#website","url":"https:\/\/sutusummit.com\/","name":"SUTUS","description":"Space &amp; Underwater Tourism Universal Summit","publisher":{"@id":"https:\/\/sutusummit.com\/#organization"},"potentialAction":[{"@type":"SearchAction","target":{"@type":"EntryPoint","urlTemplate":"https:\/\/sutusummit.com\/?s={search_term_string}"},"query-input":{"@type":"PropertyValueSpecification","valueRequired":true,"valueName":"search_term_string"}}],"inLanguage":"es"},{"@type":"Organization","@id":"https:\/\/sutusummit.com\/#organization","name":"SUTUS","url":"https:\/\/sutusummit.com\/","logo":{"@type":"ImageObject","inLanguage":"es","@id":"https:\/\/sutusummit.com\/#\/schema\/logo\/image\/","url":"https:\/\/sutusummit.com\/web\/wp-content\/uploads\/2019\/01\/sutuscolor.png","contentUrl":"https:\/\/sutusummit.com\/web\/wp-content\/uploads\/2019\/01\/sutuscolor.png","width":268,"height":85,"caption":"SUTUS"},"image":{"@id":"https:\/\/sutusummit.com\/#\/schema\/logo\/image\/"}},{"@type":"Person","@id":"https:\/\/sutusummit.com\/#\/schema\/person\/bac7da778f75d94a53c944f5d4726a34","name":"Maria Medina Media"}]}},"_links":{"self":[{"href":"https:\/\/sutusummit.com\/es\/wp-json\/wp\/v2\/posts\/5408","targetHints":{"allow":["GET"]}}],"collection":[{"href":"https:\/\/sutusummit.com\/es\/wp-json\/wp\/v2\/posts"}],"about":[{"href":"https:\/\/sutusummit.com\/es\/wp-json\/wp\/v2\/types\/post"}],"author":[{"embeddable":true,"href":"https:\/\/sutusummit.com\/es\/wp-json\/wp\/v2\/users\/4"}],"replies":[{"embeddable":true,"href":"https:\/\/sutusummit.com\/es\/wp-json\/wp\/v2\/comments?post=5408"}],"version-history":[{"count":0,"href":"https:\/\/sutusummit.com\/es\/wp-json\/wp\/v2\/posts\/5408\/revisions"}],"wp:featuredmedia":[{"embeddable":true,"href":"https:\/\/sutusummit.com\/es\/wp-json\/wp\/v2\/media\/5426"}],"wp:attachment":[{"href":"https:\/\/sutusummit.com\/es\/wp-json\/wp\/v2\/media?parent=5408"}],"wp:term":[{"taxonomy":"category","embeddable":true,"href":"https:\/\/sutusummit.com\/es\/wp-json\/wp\/v2\/categories?post=5408"},{"taxonomy":"post_tag","embeddable":true,"href":"https:\/\/sutusummit.com\/es\/wp-json\/wp\/v2\/tags?post=5408"}],"curies":[{"name":"wp","href":"https:\/\/api.w.org\/{rel}","templated":true}]}}