{"id":7015,"date":"2022-07-27T07:06:15","date_gmt":"2022-07-27T07:06:15","guid":{"rendered":"https:\/\/sutusummit.com\/?p=7015"},"modified":"2022-07-27T07:36:27","modified_gmt":"2022-07-27T07:36:27","slug":"la-universidad-del-espacio-dara-las-claves-en-sutus-para-la-next-generation-espacial","status":"publish","type":"post","link":"https:\/\/sutusummit.com\/es\/la-universidad-del-espacio-dara-las-claves-en-sutus-para-la-next-generation-espacial\/","title":{"rendered":"La Universidad del Espacio dar\u00e1 las claves en SUTUS para la Next Generation Espacial"},"content":{"rendered":"<ul>\n<li style=\"font-weight: 400;\" aria-level=\"1\"><strong>La Universidad Espacial Internacional confirma su presencia en SUTUS by Les Roches.\u00a0<\/strong><\/li>\n<li style=\"font-weight: 400;\" aria-level=\"1\"><strong>Pascale Ehrenfreund, presidenta de la ISU, hablar\u00e1 sobre la importancia de formar a los futuros l\u00edderes espaciales para crear un desarrollo sostenible en el espacio.<\/strong><\/li>\n<\/ul>\n<p><span style=\"font-weight: 400;\">El desarrollo sostenible en el espacio es muy importante a corto plazo, pero \u00bfY a largo plazo? En las pr\u00f3ximas d\u00e9cadas quiz\u00e1s sea m\u00e1s relevante a\u00fan. Este importante hecho va a ser uno de los temas candentes en <\/span><b>SUTUS by Les Roches.<\/b><span style=\"font-weight: 400;\"> Se celebrar\u00e1 en<\/span><b> formato h\u00edbrido<\/b><span style=\"font-weight: 400;\"> los d\u00edas <\/span><b>28<\/b><span style=\"font-weight: 400;\"> -jornada presencial en Marbella-, <\/span><b>29 y 30 de septiembre<\/b><span style=\"font-weight: 400;\"> -jornadas virtuales-.\u00a0<\/span><\/p>\n<p><span style=\"font-weight: 400;\">Y es que la <\/span><b>Universidad Internacional del Espacio ha confirmado su participaci\u00f3n<\/b><span style=\"font-weight: 400;\"> en SUTUS 2022. Pascale Ehrenfreund, presidenta de la ISU, ser\u00e1 la representante de la universidad m\u00e1s importante del mundo, en este \u00e1mbito, que acuda a Marbella.\u00a0<\/span><\/p>\n<h2><b>Los futuros pasos en el espacio dependen de las pr\u00f3ximas generaciones<\/b><\/h2>\n<p><span style=\"font-weight: 400;\">La <\/span><b>presidenta de la Universidad Espacial Internacional, Pascale Ehrenfreund<\/b><span style=\"font-weight: 400;\">, ser\u00e1 protagonista en la jornada inaugural de SUTUS by Les Roches, el pr\u00f3ximo 28 de septiembre en Marbella, lanzando un mensaje inspirador a todos los presentes sobre el trabajo que se realiza desde la ISU con las pr\u00f3ximas generaciones que trabajar\u00e1n, en los pr\u00f3ximos a\u00f1os, para seguir dando pasos agigantados m\u00e1s all\u00e1 de nuestro planeta.<\/span><\/p>\n<p><span style=\"font-weight: 400;\">Posteriormente, en la primera jornada virtual el 29 de septiembre, Ehrenfreund volver\u00e1 a ser protagonista para explicar, en su ponencia, c\u00f3mo<\/span><b> \u201cEducar a la pr\u00f3xima generaci\u00f3n de l\u00edderes espaciales\u201d.\u00a0<\/b><\/p>\n<p><span style=\"font-weight: 400;\">Las aplicaciones espaciales son parte de nuestra vida diaria y los servicios y aplicaciones espaciales son, al mismo tiempo, una columna vertebral importante de nuestras econom\u00edas y nuestra sociedad, necesaria para un desarrollo sostenible.\u00a0 Para Ehrenfreund es necesario \u201cuna fuerza laboral capacitada para el sector espacial, que sea capaz de pensar fuera de la caja y pueda respaldar las futuras tendencias de la econom\u00eda espacial y sus aplicaciones para la sociedad.\u201d.\u00a0<\/span><\/p>\n<h2><img loading=\"lazy\" decoding=\"async\" class=\"aligncenter wp-image-7002 size-large\" src=\"https:\/\/sutusummit.com\/web\/wp-content\/uploads\/2022\/07\/NP-27_7-1-1024x683.jpg\" alt=\"\" width=\"1024\" height=\"683\" srcset=\"https:\/\/sutusummit.com\/web\/wp-content\/uploads\/2022\/07\/NP-27_7-1-1024x683.jpg 1024w, https:\/\/sutusummit.com\/web\/wp-content\/uploads\/2022\/07\/NP-27_7-1-300x200.jpg 300w, https:\/\/sutusummit.com\/web\/wp-content\/uploads\/2022\/07\/NP-27_7-1-768x512.jpg 768w, https:\/\/sutusummit.com\/web\/wp-content\/uploads\/2022\/07\/NP-27_7-1-1536x1024.jpg 1536w, https:\/\/sutusummit.com\/web\/wp-content\/uploads\/2022\/07\/NP-27_7-1-2048x1365.jpg 2048w\" sizes=\"auto, (max-width: 1024px) 100vw, 1024px\" \/><\/h2>\n<h2><b>Una ponente que tiene un asteroide con su nombre<\/b><\/h2>\n<p><span style=\"font-weight: 400;\">Pascale Ehrenfreund, nacida en Austria, adem\u00e1s de ser presidenta de la Universidad Espacial Internacional, es una aut\u00e9ntica instituci\u00f3n dentro del mundo espacial y con una trayectoria sobresaliente.\u00a0<\/span><\/p>\n<p><span style=\"font-weight: 400;\">Ehrenfreund es <\/span><b>una de las astrobi\u00f3logas m\u00e1s importantes del mundo<\/b><span style=\"font-weight: 400;\">. Actualmente, tambi\u00e9n es profesora de investigaci\u00f3n de pol\u00edtica espacial y asuntos internacionales en el Instituto de Pol\u00edtica Espacial en la Universidad George Washington en Washington DC.\u00a0<\/span><\/p>\n<p><span style=\"font-weight: 400;\">Adem\u00e1s, durante tres d\u00e9cadas, ha contribuido como investigadora principal, co-investigadora y l\u00edder de equipo en misiones astron\u00f3micas y planetarias de la ESA y la NASA. As\u00ed como, en experimentos en \u00f3rbita terrestre baja y en la Estaci\u00f3n Espacial Internacional. Pascale Ehrenfreund tiene una Maestr\u00eda en Biolog\u00eda Molecular, un Doctorado en Astrof\u00edsica y una Maestr\u00eda en Gesti\u00f3n y Liderazgo. <\/span><b>El asteroide \u00ab9826 Ehrenfreund 2114 T-3\u00bb lleva su nombre.<\/b><\/p>\n<h2><b>Una universidad que lleva formando a los l\u00edderes espaciales 35 a\u00f1os<\/b><\/h2>\n<p><span style=\"font-weight: 400;\">La presencia en SUTUS 2022 de la Universidad Internacional del Espacio es un hito tit\u00e1nico, ya que esta instituci\u00f3n <\/span><b>lleva educando a l\u00edderes espaciales m\u00e1s de tres d\u00e9cadas.\u00a0<\/b><\/p>\n<p><span style=\"font-weight: 400;\">La ISU fue fundada en 1987 y <\/span><b>se dedica al descubrimiento, la investigaci\u00f3n, y el desarrollo del espacio exterior para fines pac\u00edficos<\/b><span style=\"font-weight: 400;\">, a trav\u00e9s de la educaci\u00f3n internacional y multidisciplinaria, y los programas de investigaci\u00f3n y desarrollo.\u00a0\u00a0<\/span><\/p>\n<p><span style=\"font-weight: 400;\">Es una universidad interdisciplinaria que ofrece un m\u00e1ster en ciencias de los estudios espaciales, adem\u00e1s del buque insignia, el programa de estudios espaciales, un programa de desarrollo en varios lugares alrededor del mundo.\u00a0<\/span><\/p>\n<p><span style=\"font-weight: 400;\">La ISU fue fundada siguiendo tres principios: deb\u00eda de ser una universidad interdisciplinaria, intercultural, y contar con un entorno internacional, para educar y entrenar a los profesionales del espacio. Esta Universidad cuenta con m\u00e1s de 3500 alumnos procedentes de m\u00e1s de 100 pa\u00edses.\u00a0<\/span><\/p>\n<p><span style=\"font-weight: 400;\">La tercera edici\u00f3n de <\/span><b>SUTUS<\/b><span style=\"font-weight: 400;\">, cuyo lema es \u00abTurismo m\u00e1s all\u00e1 de las fronteras naturales\u00bb.\u00a0 Se desarrollar\u00e1 en un formato h\u00edbrido con una primera jornada presencial el <\/span><b>28 de septiembre en Les Roches Marbella y dos jornadas virtuales, los d\u00edas 29 y 30 de septiembre.<\/b><\/p>\n<p><span style=\"font-weight: 400;\">Todas las sesiones se podr\u00e1n seguir previo registro a trav\u00e9s de la plataforma virtual Medina Media Events. En la misma,\u00a0 los asistentes podr\u00e1n programar videoencuentros con otros participantes y ponentes, adem\u00e1s de visitar demos online exclusivas.<\/span><\/p>\n<p><span style=\"font-weight: 400;\">SUTUS 2022 est\u00e1 impulsado por Les Roches\u00a0 y cuenta con el apoyo de\u00a0 la Consejer\u00eda de Turismo de la Junta de Andaluc\u00eda, Extenda, Turismo y Planificaci\u00f3n de la Costa del Sol, Acosol y Pisces VI.<\/span><\/p>\n","protected":false},"excerpt":{"rendered":"<p>La Universidad Espacial Internacional confirma su presencia en SUTUS by Les Roches.\u00a0 Pascale Ehrenfreund, presidenta de la ISU, hablar\u00e1 sobre la importancia de formar a los futuros l\u00edderes espaciales para crear un desarrollo sostenible en el espacio. El desarrollo sostenible en el espacio es muy importante a corto plazo, pero \u00bfY a largo plazo? En [&hellip;]<\/p>\n","protected":false},"author":4,"featured_media":7004,"comment_status":"closed","ping_status":"closed","sticky":false,"template":"","format":"standard","meta":{"_acf_changed":false,"footnotes":""},"categories":[139],"tags":[165,163,166,167,157,164],"class_list":["post-7015","post","type-post","status-publish","format-standard","has-post-thumbnail","hentry","category-espacio","tag-educacion","tag-espacio","tag-isu-es","tag-pascale-ehrenfreund-es","tag-sutus-es","tag-universidad"],"acf":[],"yoast_head":"<!-- This site is optimized with the Yoast SEO plugin v27.5 - https:\/\/yoast.com\/product\/yoast-seo-wordpress\/ -->\n<title>La Universidad del Espacio dar\u00e1 las claves en SUTUS para la Next Generation Espacial - SUTUS<\/title>\n<meta name=\"description\" content=\"La Universidad Espacial Internacional confirma su presencia en SUTUS y Pascale Ehrenfreund, presidenta de la ISU, hablar\u00e1 sobre la importancia de formar a los futuros l\u00edderes espaciales para crear un desarrollo sostenible en el espacio.\" \/>\n<meta name=\"robots\" content=\"index, follow, max-snippet:-1, max-image-preview:large, max-video-preview:-1\" \/>\n<link rel=\"canonical\" href=\"https:\/\/sutusummit.com\/es\/la-universidad-del-espacio-dara-las-claves-en-sutus-para-la-next-generation-espacial\/\" \/>\n<meta property=\"og:locale\" content=\"es_ES\" \/>\n<meta property=\"og:type\" content=\"article\" \/>\n<meta property=\"og:title\" content=\"La Universidad del Espacio dar\u00e1 las claves en SUTUS para la Next Generation Espacial - SUTUS\" \/>\n<meta property=\"og:description\" content=\"La Universidad Espacial Internacional confirma su presencia en SUTUS y Pascale Ehrenfreund, presidenta de la ISU, hablar\u00e1 sobre la importancia de formar a los futuros l\u00edderes espaciales para crear un desarrollo sostenible en el espacio.\" \/>\n<meta property=\"og:url\" content=\"https:\/\/sutusummit.com\/es\/la-universidad-del-espacio-dara-las-claves-en-sutus-para-la-next-generation-espacial\/\" \/>\n<meta property=\"og:site_name\" content=\"SUTUS\" \/>\n<meta property=\"article:published_time\" content=\"2022-07-27T07:06:15+00:00\" \/>\n<meta property=\"article:modified_time\" content=\"2022-07-27T07:36:27+00:00\" \/>\n<meta property=\"og:image\" content=\"https:\/\/sutusummit.com\/web\/wp-content\/uploads\/2022\/07\/NP-27_7-PRINCIPAL-scaled.jpg\" \/>\n\t<meta property=\"og:image:width\" content=\"2560\" \/>\n\t<meta property=\"og:image:height\" content=\"1700\" \/>\n\t<meta property=\"og:image:type\" content=\"image\/jpeg\" \/>\n<meta name=\"author\" content=\"Maria Medina Media\" \/>\n<meta name=\"twitter:card\" content=\"summary_large_image\" \/>\n<meta name=\"twitter:label1\" content=\"Escrito por\" \/>\n\t<meta name=\"twitter:data1\" content=\"Maria Medina Media\" \/>\n\t<meta name=\"twitter:label2\" content=\"Tiempo de lectura\" \/>\n\t<meta name=\"twitter:data2\" content=\"4 minutos\" \/>\n<script type=\"application\/ld+json\" class=\"yoast-schema-graph\">{\"@context\":\"https:\\\/\\\/schema.org\",\"@graph\":[{\"@type\":\"Article\",\"@id\":\"https:\\\/\\\/sutusummit.com\\\/es\\\/la-universidad-del-espacio-dara-las-claves-en-sutus-para-la-next-generation-espacial\\\/#article\",\"isPartOf\":{\"@id\":\"https:\\\/\\\/sutusummit.com\\\/es\\\/la-universidad-del-espacio-dara-las-claves-en-sutus-para-la-next-generation-espacial\\\/\"},\"author\":{\"name\":\"Maria Medina Media\",\"@id\":\"https:\\\/\\\/sutusummit.com\\\/#\\\/schema\\\/person\\\/bac7da778f75d94a53c944f5d4726a34\"},\"headline\":\"La Universidad del Espacio dar\u00e1 las claves en SUTUS para la Next Generation Espacial\",\"datePublished\":\"2022-07-27T07:06:15+00:00\",\"dateModified\":\"2022-07-27T07:36:27+00:00\",\"mainEntityOfPage\":{\"@id\":\"https:\\\/\\\/sutusummit.com\\\/es\\\/la-universidad-del-espacio-dara-las-claves-en-sutus-para-la-next-generation-espacial\\\/\"},\"wordCount\":786,\"publisher\":{\"@id\":\"https:\\\/\\\/sutusummit.com\\\/#organization\"},\"image\":{\"@id\":\"https:\\\/\\\/sutusummit.com\\\/es\\\/la-universidad-del-espacio-dara-las-claves-en-sutus-para-la-next-generation-espacial\\\/#primaryimage\"},\"thumbnailUrl\":\"https:\\\/\\\/sutusummit.com\\\/web\\\/wp-content\\\/uploads\\\/2022\\\/07\\\/NP-27_7-PRINCIPAL-scaled.jpg\",\"keywords\":[\"educaci\u00f3n\",\"Espacio\",\"ISU\",\"Pascale Ehrenfreund\",\"sutus\",\"Universidad\"],\"articleSection\":[\"Espacio\"],\"inLanguage\":\"es\"},{\"@type\":\"WebPage\",\"@id\":\"https:\\\/\\\/sutusummit.com\\\/es\\\/la-universidad-del-espacio-dara-las-claves-en-sutus-para-la-next-generation-espacial\\\/\",\"url\":\"https:\\\/\\\/sutusummit.com\\\/es\\\/la-universidad-del-espacio-dara-las-claves-en-sutus-para-la-next-generation-espacial\\\/\",\"name\":\"La Universidad del Espacio dar\u00e1 las claves en SUTUS para la Next Generation Espacial - SUTUS\",\"isPartOf\":{\"@id\":\"https:\\\/\\\/sutusummit.com\\\/#website\"},\"primaryImageOfPage\":{\"@id\":\"https:\\\/\\\/sutusummit.com\\\/es\\\/la-universidad-del-espacio-dara-las-claves-en-sutus-para-la-next-generation-espacial\\\/#primaryimage\"},\"image\":{\"@id\":\"https:\\\/\\\/sutusummit.com\\\/es\\\/la-universidad-del-espacio-dara-las-claves-en-sutus-para-la-next-generation-espacial\\\/#primaryimage\"},\"thumbnailUrl\":\"https:\\\/\\\/sutusummit.com\\\/web\\\/wp-content\\\/uploads\\\/2022\\\/07\\\/NP-27_7-PRINCIPAL-scaled.jpg\",\"datePublished\":\"2022-07-27T07:06:15+00:00\",\"dateModified\":\"2022-07-27T07:36:27+00:00\",\"description\":\"La Universidad Espacial Internacional confirma su presencia en SUTUS y Pascale Ehrenfreund, presidenta de la ISU, hablar\u00e1 sobre la importancia de formar a los futuros l\u00edderes espaciales para crear un desarrollo sostenible en el espacio.\",\"breadcrumb\":{\"@id\":\"https:\\\/\\\/sutusummit.com\\\/es\\\/la-universidad-del-espacio-dara-las-claves-en-sutus-para-la-next-generation-espacial\\\/#breadcrumb\"},\"inLanguage\":\"es\",\"potentialAction\":[{\"@type\":\"ReadAction\",\"target\":[\"https:\\\/\\\/sutusummit.com\\\/es\\\/la-universidad-del-espacio-dara-las-claves-en-sutus-para-la-next-generation-espacial\\\/\"]}]},{\"@type\":\"ImageObject\",\"inLanguage\":\"es\",\"@id\":\"https:\\\/\\\/sutusummit.com\\\/es\\\/la-universidad-del-espacio-dara-las-claves-en-sutus-para-la-next-generation-espacial\\\/#primaryimage\",\"url\":\"https:\\\/\\\/sutusummit.com\\\/web\\\/wp-content\\\/uploads\\\/2022\\\/07\\\/NP-27_7-PRINCIPAL-scaled.jpg\",\"contentUrl\":\"https:\\\/\\\/sutusummit.com\\\/web\\\/wp-content\\\/uploads\\\/2022\\\/07\\\/NP-27_7-PRINCIPAL-scaled.jpg\",\"width\":2560,\"height\":1700},{\"@type\":\"BreadcrumbList\",\"@id\":\"https:\\\/\\\/sutusummit.com\\\/es\\\/la-universidad-del-espacio-dara-las-claves-en-sutus-para-la-next-generation-espacial\\\/#breadcrumb\",\"itemListElement\":[{\"@type\":\"ListItem\",\"position\":1,\"name\":\"Portada\",\"item\":\"https:\\\/\\\/sutusummit.com\\\/es\\\/\"},{\"@type\":\"ListItem\",\"position\":2,\"name\":\"La Universidad del Espacio dar\u00e1 las claves en SUTUS para la Next Generation Espacial\"}]},{\"@type\":\"WebSite\",\"@id\":\"https:\\\/\\\/sutusummit.com\\\/#website\",\"url\":\"https:\\\/\\\/sutusummit.com\\\/\",\"name\":\"SUTUS\",\"description\":\"Space &amp; Underwater Tourism Universal Summit\",\"publisher\":{\"@id\":\"https:\\\/\\\/sutusummit.com\\\/#organization\"},\"potentialAction\":[{\"@type\":\"SearchAction\",\"target\":{\"@type\":\"EntryPoint\",\"urlTemplate\":\"https:\\\/\\\/sutusummit.com\\\/?s={search_term_string}\"},\"query-input\":{\"@type\":\"PropertyValueSpecification\",\"valueRequired\":true,\"valueName\":\"search_term_string\"}}],\"inLanguage\":\"es\"},{\"@type\":\"Organization\",\"@id\":\"https:\\\/\\\/sutusummit.com\\\/#organization\",\"name\":\"SUTUS\",\"url\":\"https:\\\/\\\/sutusummit.com\\\/\",\"logo\":{\"@type\":\"ImageObject\",\"inLanguage\":\"es\",\"@id\":\"https:\\\/\\\/sutusummit.com\\\/#\\\/schema\\\/logo\\\/image\\\/\",\"url\":\"https:\\\/\\\/sutusummit.com\\\/web\\\/wp-content\\\/uploads\\\/2019\\\/01\\\/sutuscolor.png\",\"contentUrl\":\"https:\\\/\\\/sutusummit.com\\\/web\\\/wp-content\\\/uploads\\\/2019\\\/01\\\/sutuscolor.png\",\"width\":268,\"height\":85,\"caption\":\"SUTUS\"},\"image\":{\"@id\":\"https:\\\/\\\/sutusummit.com\\\/#\\\/schema\\\/logo\\\/image\\\/\"}},{\"@type\":\"Person\",\"@id\":\"https:\\\/\\\/sutusummit.com\\\/#\\\/schema\\\/person\\\/bac7da778f75d94a53c944f5d4726a34\",\"name\":\"Maria Medina Media\"}]}<\/script>\n<!-- \/ Yoast SEO plugin. -->","yoast_head_json":{"title":"La Universidad del Espacio dar\u00e1 las claves en SUTUS para la Next Generation Espacial - SUTUS","description":"La Universidad Espacial Internacional confirma su presencia en SUTUS y Pascale Ehrenfreund, presidenta de la ISU, hablar\u00e1 sobre la importancia de formar a los futuros l\u00edderes espaciales para crear un desarrollo sostenible en el espacio.","robots":{"index":"index","follow":"follow","max-snippet":"max-snippet:-1","max-image-preview":"max-image-preview:large","max-video-preview":"max-video-preview:-1"},"canonical":"https:\/\/sutusummit.com\/es\/la-universidad-del-espacio-dara-las-claves-en-sutus-para-la-next-generation-espacial\/","og_locale":"es_ES","og_type":"article","og_title":"La Universidad del Espacio dar\u00e1 las claves en SUTUS para la Next Generation Espacial - SUTUS","og_description":"La Universidad Espacial Internacional confirma su presencia en SUTUS y Pascale Ehrenfreund, presidenta de la ISU, hablar\u00e1 sobre la importancia de formar a los futuros l\u00edderes espaciales para crear un desarrollo sostenible en el espacio.","og_url":"https:\/\/sutusummit.com\/es\/la-universidad-del-espacio-dara-las-claves-en-sutus-para-la-next-generation-espacial\/","og_site_name":"SUTUS","article_published_time":"2022-07-27T07:06:15+00:00","article_modified_time":"2022-07-27T07:36:27+00:00","og_image":[{"width":2560,"height":1700,"url":"https:\/\/sutusummit.com\/web\/wp-content\/uploads\/2022\/07\/NP-27_7-PRINCIPAL-scaled.jpg","type":"image\/jpeg"}],"author":"Maria Medina Media","twitter_card":"summary_large_image","twitter_misc":{"Escrito por":"Maria Medina Media","Tiempo de lectura":"4 minutos"},"schema":{"@context":"https:\/\/schema.org","@graph":[{"@type":"Article","@id":"https:\/\/sutusummit.com\/es\/la-universidad-del-espacio-dara-las-claves-en-sutus-para-la-next-generation-espacial\/#article","isPartOf":{"@id":"https:\/\/sutusummit.com\/es\/la-universidad-del-espacio-dara-las-claves-en-sutus-para-la-next-generation-espacial\/"},"author":{"name":"Maria Medina Media","@id":"https:\/\/sutusummit.com\/#\/schema\/person\/bac7da778f75d94a53c944f5d4726a34"},"headline":"La Universidad del Espacio dar\u00e1 las claves en SUTUS para la Next Generation Espacial","datePublished":"2022-07-27T07:06:15+00:00","dateModified":"2022-07-27T07:36:27+00:00","mainEntityOfPage":{"@id":"https:\/\/sutusummit.com\/es\/la-universidad-del-espacio-dara-las-claves-en-sutus-para-la-next-generation-espacial\/"},"wordCount":786,"publisher":{"@id":"https:\/\/sutusummit.com\/#organization"},"image":{"@id":"https:\/\/sutusummit.com\/es\/la-universidad-del-espacio-dara-las-claves-en-sutus-para-la-next-generation-espacial\/#primaryimage"},"thumbnailUrl":"https:\/\/sutusummit.com\/web\/wp-content\/uploads\/2022\/07\/NP-27_7-PRINCIPAL-scaled.jpg","keywords":["educaci\u00f3n","Espacio","ISU","Pascale Ehrenfreund","sutus","Universidad"],"articleSection":["Espacio"],"inLanguage":"es"},{"@type":"WebPage","@id":"https:\/\/sutusummit.com\/es\/la-universidad-del-espacio-dara-las-claves-en-sutus-para-la-next-generation-espacial\/","url":"https:\/\/sutusummit.com\/es\/la-universidad-del-espacio-dara-las-claves-en-sutus-para-la-next-generation-espacial\/","name":"La Universidad del Espacio dar\u00e1 las claves en SUTUS para la Next Generation Espacial - SUTUS","isPartOf":{"@id":"https:\/\/sutusummit.com\/#website"},"primaryImageOfPage":{"@id":"https:\/\/sutusummit.com\/es\/la-universidad-del-espacio-dara-las-claves-en-sutus-para-la-next-generation-espacial\/#primaryimage"},"image":{"@id":"https:\/\/sutusummit.com\/es\/la-universidad-del-espacio-dara-las-claves-en-sutus-para-la-next-generation-espacial\/#primaryimage"},"thumbnailUrl":"https:\/\/sutusummit.com\/web\/wp-content\/uploads\/2022\/07\/NP-27_7-PRINCIPAL-scaled.jpg","datePublished":"2022-07-27T07:06:15+00:00","dateModified":"2022-07-27T07:36:27+00:00","description":"La Universidad Espacial Internacional confirma su presencia en SUTUS y Pascale Ehrenfreund, presidenta de la ISU, hablar\u00e1 sobre la importancia de formar a los futuros l\u00edderes espaciales para crear un desarrollo sostenible en el espacio.","breadcrumb":{"@id":"https:\/\/sutusummit.com\/es\/la-universidad-del-espacio-dara-las-claves-en-sutus-para-la-next-generation-espacial\/#breadcrumb"},"inLanguage":"es","potentialAction":[{"@type":"ReadAction","target":["https:\/\/sutusummit.com\/es\/la-universidad-del-espacio-dara-las-claves-en-sutus-para-la-next-generation-espacial\/"]}]},{"@type":"ImageObject","inLanguage":"es","@id":"https:\/\/sutusummit.com\/es\/la-universidad-del-espacio-dara-las-claves-en-sutus-para-la-next-generation-espacial\/#primaryimage","url":"https:\/\/sutusummit.com\/web\/wp-content\/uploads\/2022\/07\/NP-27_7-PRINCIPAL-scaled.jpg","contentUrl":"https:\/\/sutusummit.com\/web\/wp-content\/uploads\/2022\/07\/NP-27_7-PRINCIPAL-scaled.jpg","width":2560,"height":1700},{"@type":"BreadcrumbList","@id":"https:\/\/sutusummit.com\/es\/la-universidad-del-espacio-dara-las-claves-en-sutus-para-la-next-generation-espacial\/#breadcrumb","itemListElement":[{"@type":"ListItem","position":1,"name":"Portada","item":"https:\/\/sutusummit.com\/es\/"},{"@type":"ListItem","position":2,"name":"La Universidad del Espacio dar\u00e1 las claves en SUTUS para la Next Generation Espacial"}]},{"@type":"WebSite","@id":"https:\/\/sutusummit.com\/#website","url":"https:\/\/sutusummit.com\/","name":"SUTUS","description":"Space &amp; Underwater Tourism Universal Summit","publisher":{"@id":"https:\/\/sutusummit.com\/#organization"},"potentialAction":[{"@type":"SearchAction","target":{"@type":"EntryPoint","urlTemplate":"https:\/\/sutusummit.com\/?s={search_term_string}"},"query-input":{"@type":"PropertyValueSpecification","valueRequired":true,"valueName":"search_term_string"}}],"inLanguage":"es"},{"@type":"Organization","@id":"https:\/\/sutusummit.com\/#organization","name":"SUTUS","url":"https:\/\/sutusummit.com\/","logo":{"@type":"ImageObject","inLanguage":"es","@id":"https:\/\/sutusummit.com\/#\/schema\/logo\/image\/","url":"https:\/\/sutusummit.com\/web\/wp-content\/uploads\/2019\/01\/sutuscolor.png","contentUrl":"https:\/\/sutusummit.com\/web\/wp-content\/uploads\/2019\/01\/sutuscolor.png","width":268,"height":85,"caption":"SUTUS"},"image":{"@id":"https:\/\/sutusummit.com\/#\/schema\/logo\/image\/"}},{"@type":"Person","@id":"https:\/\/sutusummit.com\/#\/schema\/person\/bac7da778f75d94a53c944f5d4726a34","name":"Maria Medina Media"}]}},"_links":{"self":[{"href":"https:\/\/sutusummit.com\/es\/wp-json\/wp\/v2\/posts\/7015","targetHints":{"allow":["GET"]}}],"collection":[{"href":"https:\/\/sutusummit.com\/es\/wp-json\/wp\/v2\/posts"}],"about":[{"href":"https:\/\/sutusummit.com\/es\/wp-json\/wp\/v2\/types\/post"}],"author":[{"embeddable":true,"href":"https:\/\/sutusummit.com\/es\/wp-json\/wp\/v2\/users\/4"}],"replies":[{"embeddable":true,"href":"https:\/\/sutusummit.com\/es\/wp-json\/wp\/v2\/comments?post=7015"}],"version-history":[{"count":0,"href":"https:\/\/sutusummit.com\/es\/wp-json\/wp\/v2\/posts\/7015\/revisions"}],"wp:featuredmedia":[{"embeddable":true,"href":"https:\/\/sutusummit.com\/es\/wp-json\/wp\/v2\/media\/7004"}],"wp:attachment":[{"href":"https:\/\/sutusummit.com\/es\/wp-json\/wp\/v2\/media?parent=7015"}],"wp:term":[{"taxonomy":"category","embeddable":true,"href":"https:\/\/sutusummit.com\/es\/wp-json\/wp\/v2\/categories?post=7015"},{"taxonomy":"post_tag","embeddable":true,"href":"https:\/\/sutusummit.com\/es\/wp-json\/wp\/v2\/tags?post=7015"}],"curies":[{"name":"wp","href":"https:\/\/api.w.org\/{rel}","templated":true}]}}