{"id":7082,"date":"2022-08-26T07:26:41","date_gmt":"2022-08-26T07:26:41","guid":{"rendered":"https:\/\/sutusummit.com\/?p=7082"},"modified":"2022-08-26T07:26:41","modified_gmt":"2022-08-26T07:26:41","slug":"septiembre-mes-estrella-en-el-turismo-espacial-que-culminara-con-sutus-22-en-marbella","status":"publish","type":"post","link":"https:\/\/sutusummit.com\/es\/septiembre-mes-estrella-en-el-turismo-espacial-que-culminara-con-sutus-22-en-marbella\/","title":{"rendered":"Septiembre, mes estrella en el turismo espacial, que culminar\u00e1 con SUTUS 22, en Marbella"},"content":{"rendered":"<ul>\n<li aria-level=\"1\"><b>Este mes comenzar\u00e1n\u00a0 los vuelos de la misi\u00f3n \u00abArtemis\u00bb para el regreso del Hombre a la Luna.<\/b><\/li>\n<\/ul>\n<ul>\n<li aria-level=\"1\"><b>Coincidiendo con SUTUS 22, la NASA lanzar\u00e1 la misi\u00f3n CREW-5, para estudiar la microgravedad.<\/b><\/li>\n<\/ul>\n<p>Madrid\/Marbella, 26 de agosto de 2022<\/p>\n<p><span style=\"font-weight: 400;\">El mes de <\/span><b>Septiembre va a ser el mes estrella de 2022 en la nueva era del Turismo Espacial <\/b><span style=\"font-weight: 400;\">con una serie de hitos hist\u00f3ricos, como el comienzo de los vuelos de la misi\u00f3n \u00abArtemisa\u00bb para el regreso del Hombre a la Luna, una nueva expedici\u00f3n de seis meses a la Estaci\u00f3n Espacial Internacional y cumbres mundiales de especialistas, que culminar\u00e1 con la cumbre internacional SUTUS 22, que se celebrar\u00e1 en Marbella los d\u00edas 28, 29 y 30.<\/span><\/p>\n<p><b>La cumbre SUTUS<\/b><span style=\"font-weight: 400;\"> (Space &amp; Underwater Tourism Universal Summit, o cumbre universal del turismo espacial y subacu\u00e1tico) es un evento pionero a nivel mundial en el que las agencias espaciales de Estados Unidos (NASA), Europa (ESA) y Jap\u00f3n (JAXA), adem\u00e1s de la Universidad Internacional del Espacio, la Agencia Suiza de Turismo Espacial y empresas pioneras como Axiom Space, se dan cita anualmente desde 2019 en Les Roches-Marbella para actualizar todos los avances que se van haciendo en este nuevo reto del ser humano.<\/span><\/p>\n<p><span style=\"font-weight: 400;\">Justo la semana anterior a SUTUS 22 tendr\u00e1 lugar en Par\u00eds <\/span><b>el 73\u00ba Congreso Astron\u00e1utico <\/b><b>Internacional<\/b><span style=\"font-weight: 400;\">, que del 18 al 22 de Septiembre congregar\u00e1 en la capital francesa a miles de <\/span><span style=\"font-weight: 400;\">empresas y expertos, algunos de los cuales unos d\u00edas despu\u00e9s exponen sus conclusiones e impresiones de forma m\u00e1s relajada en Les Roches Marbella. Este multitudinario evento est\u00e1 organizado por la <\/span><span style=\"font-weight: 400;\">Federaci\u00f3n Internacional de Astron\u00e1utica, que fue fundada en 1951, y es una organizaci\u00f3n a nivel mundial que aglutina las diferentes organizaciones aeron\u00e1uticas de cada pa\u00eds. A este congreso asisten los directores de las agencias y los principales ejecutivos de las empresas espaciales, al igual que en SUTUS.<\/span><\/p>\n<p><img loading=\"lazy\" decoding=\"async\" class=\"wp-image-7085 size-large aligncenter\" src=\"https:\/\/sutusummit.com\/web\/wp-content\/uploads\/2022\/08\/pexels-pixabay-41162-1-1-1024x1024.jpg\" alt=\"\" width=\"1024\" height=\"1024\" srcset=\"https:\/\/sutusummit.com\/web\/wp-content\/uploads\/2022\/08\/pexels-pixabay-41162-1-1.jpg 1024w, https:\/\/sutusummit.com\/web\/wp-content\/uploads\/2022\/08\/pexels-pixabay-41162-1-1-300x300.jpg 300w, https:\/\/sutusummit.com\/web\/wp-content\/uploads\/2022\/08\/pexels-pixabay-41162-1-1-150x150.jpg 150w, https:\/\/sutusummit.com\/web\/wp-content\/uploads\/2022\/08\/pexels-pixabay-41162-1-1-768x768.jpg 768w\" sizes=\"auto, (max-width: 1024px) 100vw, 1024px\" \/><\/p>\n<p><b>El ambicioso plan de la NASA<\/b><\/p>\n<p><span style=\"font-weight: 400;\">Mientras los expertos se re\u00fanen en Marbella, <\/span><b>la misi\u00f3n \u00abArtemis-1\u00bb<\/b><span style=\"font-weight: 400;\"> estar\u00e1 sobrevolando sus <\/span><span style=\"font-weight: 400;\">cabezas en una misi\u00f3n no tripulada de tres semanas que supone el pistoletazo de salida al <\/span><span style=\"font-weight: 400;\">proyecto \u00abArtemis\u00bb, que llevar\u00e1 al Hombre a la Luna en 2025.<\/span><\/p>\n<p><span style=\"font-weight: 400;\">El mayor cohete espacial jam\u00e1s construido por el hombre, el SLS (Space Launch System) ser\u00e1 lanzado el 29 de Agosto desde Cabo Ca\u00f1averal en una misi\u00f3n de tres semanas, para poner en \u00f3rbita a la nave Orion, con tres maniqu\u00eds robotizados a bordo para comprobar los posibles da\u00f1os que pueden sufrir los humanos en sus futuros viajes a la Luna y a Marte.<\/span><\/p>\n<p><span style=\"font-weight: 400;\">La NASA puso el nombre de Artemis a este proyecto en homenaje a la diosa griega que era hermana gemela de Apolo, dios que dio nombre a toda la primera etapa de vuelos espaciales que con el Apolo XI llevaron al Hombre a la Luna en 1969.<\/span><\/p>\n<p><span style=\"font-weight: 400;\">Este plan<\/span> <span style=\"font-weight: 400;\">internacional para vuelos espaciales tripulados y rob\u00f3ticos, dirigido por la NASA, tiene como objetivo primordial expandir la exploraci\u00f3n y la industria comercial alrededor y en la luna. Se espera que participen empresas comerciales de vuelos espaciales de los Estados Unidos, junto con otras agencias y empresas de todo el mundo. La meta de este programa es volver a explorar la Luna y traer a la primera mujer a este sat\u00e9lite y al pr\u00f3ximo hombre.<\/span><\/p>\n<p><span style=\"font-weight: 400;\">La NASA visualiza a Artemis como <\/span><b>el pr\u00f3ximo paso hacia el objetivo a largo plazo de establecer una presencia sostenible en la Luna y en la \u00f3rbita lunar,<\/b><span style=\"font-weight: 400;\"> y eventualmente en Marte. Y de esta manera sentar las bases para que las empresas privadas fortalezcan una econom\u00eda lunar y por extensi\u00f3n a Marte.<\/span><\/p>\n<p><b>Otros hitos hist\u00f3ricos para el turismo espacial<\/b><\/p>\n<p><span style=\"font-weight: 400;\">Coincidiendo con SUTUS 22, la NASA lanzar\u00e1 el 29 de Septiembre<\/span><b> la misi\u00f3n CREW-5<\/b><span style=\"font-weight: 400;\">, en <\/span><span style=\"font-weight: 400;\">colaboraci\u00f3n con Space X, la compa\u00f1\u00eda del multimillonario Elon Musk. La nave de Space X<\/span><\/p>\n<p><span style=\"font-weight: 400;\">llevar\u00e1 a cuatro astronautas (dos de USA, un japon\u00e9s y una rusa) para una misi\u00f3n cient\u00edfica de seis meses en la Estaci\u00f3n Espacial Internacional para estudiar la microgravedad.<\/span><\/p>\n<p><b>SpaceX Crew-5<\/b><span style=\"font-weight: 400;\"> ser\u00e1 el quinto vuelo operacional de una nave Crew Dragon<\/span><span style=\"font-weight: 400;\">, el s\u00e9ptimo vuelo tripulado a la ISS y el octavo tripulado en general. Los astronautas de la NASA Nicole Aunapu Mann y Josh A. Cassada <\/span><span style=\"font-weight: 400;\">fueron anunciados el 7 de octubre de 2021. Posteriormente, el astronauta de la JAXA, Koichi Wakata <\/span><span style=\"font-weight: 400;\">fue anunciado como tercer pasajero. Finalmente, el cuarto miembro de la tripulaci\u00f3n ser\u00e1 Anna K\u00edkina, <\/span><span style=\"font-weight: 400;\">la \u00fanica cosmonauta femenina en activo de la agencia rusa Roscosmos.<\/span><span style=\"font-weight: 400;\">\u00a0<\/span><\/p>\n<p><span style=\"font-weight: 400;\">Unos d\u00edas antes, el 21 de Septiembre, est\u00e1 previsto el lanzamiento del Soyuz MS-22 desde el Cosm\u00f3dromo de Baikonur (Kazajist\u00e1n) rumbo a la Estaci\u00f3n Espacial Internacional (ISS) en una misi\u00f3n de tres meses con tres tripulantes, dos rusos, <\/span><span style=\"font-weight: 400;\">Sergei Prokopyev y Dmitry Petelin,<\/span><span style=\"font-weight: 400;\"> y el norteamericano Frank Rubio, de ascendencia salvadore\u00f1a, que fue confirmado en julio. <\/span><b>Soyuz MS-22<\/b><span style=\"font-weight: 400;\"> ser\u00e1 el vuelo 150 tripulado de una misi\u00f3n de la nave rusa Soyuz.<\/span><\/p>\n<p><span style=\"font-weight: 400;\">Adem\u00e1s, precisamente, Septiembre ser\u00e1 testigo de otro hecho hist\u00f3rico en la historia de la <\/span><span style=\"font-weight: 400;\">Humanidad. Entre el 26 de septiembre y el 1 de octubre<\/span><b> la nave espacial DART<\/b><span style=\"font-weight: 400;\">, que fue lanzada el 24 de noviembre de 2021, chocar\u00e1 con el asteroide Dimorphosa, con la intenci\u00f3n de desviarlo de su trayectoria pr\u00f3xima a la Tierra.<\/span><\/p>\n<p><b>Un mes hist\u00f3rico que culminar\u00e1 con SUTUS 2022<\/b><\/p>\n<p><span style=\"font-weight: 400;\">La tercera edici\u00f3n de <\/span><b>SUTUS<\/b><span style=\"font-weight: 400;\">, cuyo lema es \u00abTurismo m\u00e1s all\u00e1 de las fronteras naturales\u00bb.\u00a0 Se desarrollar\u00e1 en un formato h\u00edbrido con una primera jornada presencial el <\/span><b>28 de septiembre en Les Roches Marbella y dos jornadas virtuales, los d\u00edas 29 y 30 de septiembre.<\/b><\/p>\n<p><span style=\"font-weight: 400;\">En esta edici\u00f3n, se hablar\u00e1n de grandes hitos que se ir\u00e1n trabajando durante los pr\u00f3ximos a\u00f1os, adem\u00e1s de contar con la presencia de altos representantes de las principales agencias espaciales internacionales, como la<\/span><b> NASA, la ESA o la JAXA<\/b><span style=\"font-weight: 400;\">. Tambi\u00e9n grandes multinacionales dedicadas al turismo espacial y al turismo subacu\u00e1tico y, por supuesto, grandes protagonistas -que contar\u00e1n su experiencia- del mundo m\u00e1s all\u00e1 del planeta tierra.\u00a0<\/span><\/p>\n<p><span style=\"font-weight: 400;\">Se presentar\u00e1 tambi\u00e9n el primer hotel espacial con gravedad, que pretende ser una realidad en 2025. <\/span><span style=\"font-weight: 400;\">Orbital Assembly, que lidera este proyecto tit\u00e1nico, lanzar\u00e1<\/span><b> dos estaciones espaciales con alojamiento para turistas:<\/b><span style=\"font-weight: 400;\"> la primera ya en 2025 y la segunda prevista para 2027.<\/span><\/p>\n<p><b>La estaci\u00f3n Pioneer<\/b><span style=\"font-weight: 400;\">, que estar\u00e1 operativa en poco m\u00e1s de tres a\u00f1os, tendr\u00e1 <\/span><b>capacidad para albergar hasta 28 personas<\/b><span style=\"font-weight: 400;\">. Por otro lado, <\/span><b>la estaci\u00f3n Voyager<\/b><span style=\"font-weight: 400;\">, con sus primeros componentes previstos para lanzarse dentro de 5 a\u00f1os, <\/span><b>podr\u00e1 albergar hasta 400 personas<\/b><span style=\"font-weight: 400;\"> una vez que est\u00e9 terminada.<\/span><\/p>\n<p><img loading=\"lazy\" decoding=\"async\" class=\"wp-image-6924 size-large aligncenter\" src=\"https:\/\/sutusummit.com\/web\/wp-content\/uploads\/2022\/07\/20-1223-Voyager-Station-1-1-1024x576.jpg\" alt=\"\" width=\"1024\" height=\"576\" srcset=\"https:\/\/sutusummit.com\/web\/wp-content\/uploads\/2022\/07\/20-1223-Voyager-Station-1-1-1024x576.jpg 1024w, https:\/\/sutusummit.com\/web\/wp-content\/uploads\/2022\/07\/20-1223-Voyager-Station-1-1-300x169.jpg 300w, https:\/\/sutusummit.com\/web\/wp-content\/uploads\/2022\/07\/20-1223-Voyager-Station-1-1-768x432.jpg 768w, https:\/\/sutusummit.com\/web\/wp-content\/uploads\/2022\/07\/20-1223-Voyager-Station-1-1-1536x864.jpg 1536w, https:\/\/sutusummit.com\/web\/wp-content\/uploads\/2022\/07\/20-1223-Voyager-Station-1-1.jpg 1920w\" sizes=\"auto, (max-width: 1024px) 100vw, 1024px\" \/><\/p>\n<p><span style=\"font-weight: 400;\">Adem\u00e1s, el <\/span><b>Proyecto Espacial SST-6 (Swiss Space Tourism-6) tambi\u00e9n ser\u00e1 protagonista en SUTUS 2022. <\/b><span style=\"font-weight: 400;\">Consiste en la organizaci\u00f3n y realizaci\u00f3n de un vuelo suborbital, como parte de un programa cient\u00edfico y educativo destinado a animar a los ni\u00f1os de todo el mundo a prestar m\u00e1s atenci\u00f3n al espacio y las ciencias afines.<\/span><b>Se pondr\u00e1n a la venta un total de 5 plazas\u00a0 para aquellos miembros interesados en llenar la nave espacial. El sexto asiento lo ocupar\u00e1 el comandante de la misi\u00f3n, Boris Otter<\/b><span style=\"font-weight: 400;\">.<\/span><\/p>\n<p><span style=\"font-weight: 400;\">Por otro lado,\u00a0 los objetivos principales de Swiss Space Tourism-6 son el apoyo a la investigaci\u00f3n cient\u00edfica en el campo espacial, promover el turismo espacial en el mundo y su acceso, as\u00ed como sensibilizar a los miembros sobre el aspecto ecol\u00f3gico, la fragilidad del planeta y la cuesti\u00f3n ambiental.<\/span><\/p>\n<p><span style=\"font-weight: 400;\">Tambi\u00e9n, la cumbre pionera del turismo espacial, SUTUS 2022, convocar\u00e1 en Marbella a <\/span><b>las ciudades candidatas a ser sede de la Agencia Espacial Espa\u00f1ola<\/b><span style=\"font-weight: 400;\"> para presentar sus proyectos ante las principales agencias espaciales de todo el mundo<\/span><\/p>\n<p><span style=\"font-weight: 400;\">Todas las sesiones se podr\u00e1n seguir previo registro a trav\u00e9s de la plataforma virtual Medina Media Events. En la misma,\u00a0 los asistentes podr\u00e1n programar videoencuentros con otros participantes y ponentes, adem\u00e1s de visitar demos online exclusivas.<\/span><\/p>\n<p><span style=\"font-weight: 400;\">SUTUS 2022 est\u00e1 impulsado por Les Roches\u00a0 y cuenta con el apoyo de\u00a0 la Consejer\u00eda de Turismo de la Junta de Andaluc\u00eda, Extenda, Turismo y Planificaci\u00f3n de la Costa del Sol, Acosol y Pisces VI.<\/span><\/p>\n","protected":false},"excerpt":{"rendered":"<p>Este mes comenzar\u00e1n\u00a0 los vuelos de la misi\u00f3n \u00abArtemis\u00bb para el regreso del Hombre a la Luna. Coincidiendo con SUTUS 22, la NASA lanzar\u00e1 la misi\u00f3n CREW-5, para estudiar la microgravedad. Madrid\/Marbella, 26 de agosto de 2022 El mes de Septiembre va a ser el mes estrella de 2022 en la nueva era del Turismo [&hellip;]<\/p>\n","protected":false},"author":4,"featured_media":7083,"comment_status":"closed","ping_status":"closed","sticky":false,"template":"","format":"standard","meta":{"_acf_changed":false,"footnotes":""},"categories":[139],"tags":[163,173,172,171,170],"class_list":["post-7082","post","type-post","status-publish","format-standard","has-post-thumbnail","hentry","category-espacio","tag-espacio","tag-marbella","tag-nasa","tag-septiembre","tag-sutus-22"],"acf":[],"yoast_head":"<!-- This site is optimized with the Yoast SEO plugin v27.5 - https:\/\/yoast.com\/product\/yoast-seo-wordpress\/ -->\n<title>Septiembre, mes estrella en el turismo espacial, que culminar\u00e1 con SUTUS 22, en Marbella - SUTUS<\/title>\n<meta name=\"robots\" content=\"index, follow, max-snippet:-1, max-image-preview:large, max-video-preview:-1\" \/>\n<link rel=\"canonical\" href=\"https:\/\/sutusummit.com\/es\/septiembre-mes-estrella-en-el-turismo-espacial-que-culminara-con-sutus-22-en-marbella\/\" \/>\n<meta property=\"og:locale\" content=\"es_ES\" \/>\n<meta property=\"og:type\" content=\"article\" \/>\n<meta property=\"og:title\" content=\"Septiembre, mes estrella en el turismo espacial, que culminar\u00e1 con SUTUS 22, en Marbella - SUTUS\" \/>\n<meta property=\"og:description\" content=\"Este mes comenzar\u00e1n\u00a0 los vuelos de la misi\u00f3n \u00abArtemis\u00bb para el regreso del Hombre a la Luna. Coincidiendo con SUTUS 22, la NASA lanzar\u00e1 la misi\u00f3n CREW-5, para estudiar la microgravedad. Madrid\/Marbella, 26 de agosto de 2022 El mes de Septiembre va a ser el mes estrella de 2022 en la nueva era del Turismo [&hellip;]\" \/>\n<meta property=\"og:url\" content=\"https:\/\/sutusummit.com\/es\/septiembre-mes-estrella-en-el-turismo-espacial-que-culminara-con-sutus-22-en-marbella\/\" \/>\n<meta property=\"og:site_name\" content=\"SUTUS\" \/>\n<meta property=\"article:published_time\" content=\"2022-08-26T07:26:41+00:00\" \/>\n<meta property=\"og:image\" content=\"https:\/\/sutusummit.com\/web\/wp-content\/uploads\/2022\/08\/pexels-pixabay-355956-scaled.jpg\" \/>\n\t<meta property=\"og:image:width\" content=\"2551\" \/>\n\t<meta property=\"og:image:height\" content=\"2560\" \/>\n\t<meta property=\"og:image:type\" content=\"image\/jpeg\" \/>\n<meta name=\"author\" content=\"Maria Medina Media\" \/>\n<meta name=\"twitter:card\" content=\"summary_large_image\" \/>\n<meta name=\"twitter:label1\" content=\"Escrito por\" \/>\n\t<meta name=\"twitter:data1\" content=\"Maria Medina Media\" \/>\n\t<meta name=\"twitter:label2\" content=\"Tiempo de lectura\" \/>\n\t<meta name=\"twitter:data2\" content=\"7 minutos\" \/>\n<script type=\"application\/ld+json\" class=\"yoast-schema-graph\">{\"@context\":\"https:\\\/\\\/schema.org\",\"@graph\":[{\"@type\":\"Article\",\"@id\":\"https:\\\/\\\/sutusummit.com\\\/es\\\/septiembre-mes-estrella-en-el-turismo-espacial-que-culminara-con-sutus-22-en-marbella\\\/#article\",\"isPartOf\":{\"@id\":\"https:\\\/\\\/sutusummit.com\\\/es\\\/septiembre-mes-estrella-en-el-turismo-espacial-que-culminara-con-sutus-22-en-marbella\\\/\"},\"author\":{\"name\":\"Maria Medina Media\",\"@id\":\"https:\\\/\\\/sutusummit.com\\\/#\\\/schema\\\/person\\\/bac7da778f75d94a53c944f5d4726a34\"},\"headline\":\"Septiembre, mes estrella en el turismo espacial, que culminar\u00e1 con SUTUS 22, en Marbella\",\"datePublished\":\"2022-08-26T07:26:41+00:00\",\"mainEntityOfPage\":{\"@id\":\"https:\\\/\\\/sutusummit.com\\\/es\\\/septiembre-mes-estrella-en-el-turismo-espacial-que-culminara-con-sutus-22-en-marbella\\\/\"},\"wordCount\":1384,\"publisher\":{\"@id\":\"https:\\\/\\\/sutusummit.com\\\/#organization\"},\"image\":{\"@id\":\"https:\\\/\\\/sutusummit.com\\\/es\\\/septiembre-mes-estrella-en-el-turismo-espacial-que-culminara-con-sutus-22-en-marbella\\\/#primaryimage\"},\"thumbnailUrl\":\"https:\\\/\\\/sutusummit.com\\\/web\\\/wp-content\\\/uploads\\\/2022\\\/08\\\/pexels-pixabay-355956-scaled.jpg\",\"keywords\":[\"Espacio\",\"Marbella\",\"Nasa\",\"septiembre\",\"Sutus 22\"],\"articleSection\":[\"Espacio\"],\"inLanguage\":\"es\"},{\"@type\":\"WebPage\",\"@id\":\"https:\\\/\\\/sutusummit.com\\\/es\\\/septiembre-mes-estrella-en-el-turismo-espacial-que-culminara-con-sutus-22-en-marbella\\\/\",\"url\":\"https:\\\/\\\/sutusummit.com\\\/es\\\/septiembre-mes-estrella-en-el-turismo-espacial-que-culminara-con-sutus-22-en-marbella\\\/\",\"name\":\"Septiembre, mes estrella en el turismo espacial, que culminar\u00e1 con SUTUS 22, en Marbella - SUTUS\",\"isPartOf\":{\"@id\":\"https:\\\/\\\/sutusummit.com\\\/#website\"},\"primaryImageOfPage\":{\"@id\":\"https:\\\/\\\/sutusummit.com\\\/es\\\/septiembre-mes-estrella-en-el-turismo-espacial-que-culminara-con-sutus-22-en-marbella\\\/#primaryimage\"},\"image\":{\"@id\":\"https:\\\/\\\/sutusummit.com\\\/es\\\/septiembre-mes-estrella-en-el-turismo-espacial-que-culminara-con-sutus-22-en-marbella\\\/#primaryimage\"},\"thumbnailUrl\":\"https:\\\/\\\/sutusummit.com\\\/web\\\/wp-content\\\/uploads\\\/2022\\\/08\\\/pexels-pixabay-355956-scaled.jpg\",\"datePublished\":\"2022-08-26T07:26:41+00:00\",\"breadcrumb\":{\"@id\":\"https:\\\/\\\/sutusummit.com\\\/es\\\/septiembre-mes-estrella-en-el-turismo-espacial-que-culminara-con-sutus-22-en-marbella\\\/#breadcrumb\"},\"inLanguage\":\"es\",\"potentialAction\":[{\"@type\":\"ReadAction\",\"target\":[\"https:\\\/\\\/sutusummit.com\\\/es\\\/septiembre-mes-estrella-en-el-turismo-espacial-que-culminara-con-sutus-22-en-marbella\\\/\"]}]},{\"@type\":\"ImageObject\",\"inLanguage\":\"es\",\"@id\":\"https:\\\/\\\/sutusummit.com\\\/es\\\/septiembre-mes-estrella-en-el-turismo-espacial-que-culminara-con-sutus-22-en-marbella\\\/#primaryimage\",\"url\":\"https:\\\/\\\/sutusummit.com\\\/web\\\/wp-content\\\/uploads\\\/2022\\\/08\\\/pexels-pixabay-355956-scaled.jpg\",\"contentUrl\":\"https:\\\/\\\/sutusummit.com\\\/web\\\/wp-content\\\/uploads\\\/2022\\\/08\\\/pexels-pixabay-355956-scaled.jpg\",\"width\":2551,\"height\":2560},{\"@type\":\"BreadcrumbList\",\"@id\":\"https:\\\/\\\/sutusummit.com\\\/es\\\/septiembre-mes-estrella-en-el-turismo-espacial-que-culminara-con-sutus-22-en-marbella\\\/#breadcrumb\",\"itemListElement\":[{\"@type\":\"ListItem\",\"position\":1,\"name\":\"Portada\",\"item\":\"https:\\\/\\\/sutusummit.com\\\/es\\\/\"},{\"@type\":\"ListItem\",\"position\":2,\"name\":\"Septiembre, mes estrella en el turismo espacial, que culminar\u00e1 con SUTUS 22, en Marbella\"}]},{\"@type\":\"WebSite\",\"@id\":\"https:\\\/\\\/sutusummit.com\\\/#website\",\"url\":\"https:\\\/\\\/sutusummit.com\\\/\",\"name\":\"SUTUS\",\"description\":\"Space &amp; Underwater Tourism Universal Summit\",\"publisher\":{\"@id\":\"https:\\\/\\\/sutusummit.com\\\/#organization\"},\"potentialAction\":[{\"@type\":\"SearchAction\",\"target\":{\"@type\":\"EntryPoint\",\"urlTemplate\":\"https:\\\/\\\/sutusummit.com\\\/?s={search_term_string}\"},\"query-input\":{\"@type\":\"PropertyValueSpecification\",\"valueRequired\":true,\"valueName\":\"search_term_string\"}}],\"inLanguage\":\"es\"},{\"@type\":\"Organization\",\"@id\":\"https:\\\/\\\/sutusummit.com\\\/#organization\",\"name\":\"SUTUS\",\"url\":\"https:\\\/\\\/sutusummit.com\\\/\",\"logo\":{\"@type\":\"ImageObject\",\"inLanguage\":\"es\",\"@id\":\"https:\\\/\\\/sutusummit.com\\\/#\\\/schema\\\/logo\\\/image\\\/\",\"url\":\"https:\\\/\\\/sutusummit.com\\\/web\\\/wp-content\\\/uploads\\\/2019\\\/01\\\/sutuscolor.png\",\"contentUrl\":\"https:\\\/\\\/sutusummit.com\\\/web\\\/wp-content\\\/uploads\\\/2019\\\/01\\\/sutuscolor.png\",\"width\":268,\"height\":85,\"caption\":\"SUTUS\"},\"image\":{\"@id\":\"https:\\\/\\\/sutusummit.com\\\/#\\\/schema\\\/logo\\\/image\\\/\"}},{\"@type\":\"Person\",\"@id\":\"https:\\\/\\\/sutusummit.com\\\/#\\\/schema\\\/person\\\/bac7da778f75d94a53c944f5d4726a34\",\"name\":\"Maria Medina Media\"}]}<\/script>\n<!-- \/ Yoast SEO plugin. -->","yoast_head_json":{"title":"Septiembre, mes estrella en el turismo espacial, que culminar\u00e1 con SUTUS 22, en Marbella - SUTUS","robots":{"index":"index","follow":"follow","max-snippet":"max-snippet:-1","max-image-preview":"max-image-preview:large","max-video-preview":"max-video-preview:-1"},"canonical":"https:\/\/sutusummit.com\/es\/septiembre-mes-estrella-en-el-turismo-espacial-que-culminara-con-sutus-22-en-marbella\/","og_locale":"es_ES","og_type":"article","og_title":"Septiembre, mes estrella en el turismo espacial, que culminar\u00e1 con SUTUS 22, en Marbella - SUTUS","og_description":"Este mes comenzar\u00e1n\u00a0 los vuelos de la misi\u00f3n \u00abArtemis\u00bb para el regreso del Hombre a la Luna. Coincidiendo con SUTUS 22, la NASA lanzar\u00e1 la misi\u00f3n CREW-5, para estudiar la microgravedad. Madrid\/Marbella, 26 de agosto de 2022 El mes de Septiembre va a ser el mes estrella de 2022 en la nueva era del Turismo [&hellip;]","og_url":"https:\/\/sutusummit.com\/es\/septiembre-mes-estrella-en-el-turismo-espacial-que-culminara-con-sutus-22-en-marbella\/","og_site_name":"SUTUS","article_published_time":"2022-08-26T07:26:41+00:00","og_image":[{"width":2551,"height":2560,"url":"https:\/\/sutusummit.com\/web\/wp-content\/uploads\/2022\/08\/pexels-pixabay-355956-scaled.jpg","type":"image\/jpeg"}],"author":"Maria Medina Media","twitter_card":"summary_large_image","twitter_misc":{"Escrito por":"Maria Medina Media","Tiempo de lectura":"7 minutos"},"schema":{"@context":"https:\/\/schema.org","@graph":[{"@type":"Article","@id":"https:\/\/sutusummit.com\/es\/septiembre-mes-estrella-en-el-turismo-espacial-que-culminara-con-sutus-22-en-marbella\/#article","isPartOf":{"@id":"https:\/\/sutusummit.com\/es\/septiembre-mes-estrella-en-el-turismo-espacial-que-culminara-con-sutus-22-en-marbella\/"},"author":{"name":"Maria Medina Media","@id":"https:\/\/sutusummit.com\/#\/schema\/person\/bac7da778f75d94a53c944f5d4726a34"},"headline":"Septiembre, mes estrella en el turismo espacial, que culminar\u00e1 con SUTUS 22, en Marbella","datePublished":"2022-08-26T07:26:41+00:00","mainEntityOfPage":{"@id":"https:\/\/sutusummit.com\/es\/septiembre-mes-estrella-en-el-turismo-espacial-que-culminara-con-sutus-22-en-marbella\/"},"wordCount":1384,"publisher":{"@id":"https:\/\/sutusummit.com\/#organization"},"image":{"@id":"https:\/\/sutusummit.com\/es\/septiembre-mes-estrella-en-el-turismo-espacial-que-culminara-con-sutus-22-en-marbella\/#primaryimage"},"thumbnailUrl":"https:\/\/sutusummit.com\/web\/wp-content\/uploads\/2022\/08\/pexels-pixabay-355956-scaled.jpg","keywords":["Espacio","Marbella","Nasa","septiembre","Sutus 22"],"articleSection":["Espacio"],"inLanguage":"es"},{"@type":"WebPage","@id":"https:\/\/sutusummit.com\/es\/septiembre-mes-estrella-en-el-turismo-espacial-que-culminara-con-sutus-22-en-marbella\/","url":"https:\/\/sutusummit.com\/es\/septiembre-mes-estrella-en-el-turismo-espacial-que-culminara-con-sutus-22-en-marbella\/","name":"Septiembre, mes estrella en el turismo espacial, que culminar\u00e1 con SUTUS 22, en Marbella - SUTUS","isPartOf":{"@id":"https:\/\/sutusummit.com\/#website"},"primaryImageOfPage":{"@id":"https:\/\/sutusummit.com\/es\/septiembre-mes-estrella-en-el-turismo-espacial-que-culminara-con-sutus-22-en-marbella\/#primaryimage"},"image":{"@id":"https:\/\/sutusummit.com\/es\/septiembre-mes-estrella-en-el-turismo-espacial-que-culminara-con-sutus-22-en-marbella\/#primaryimage"},"thumbnailUrl":"https:\/\/sutusummit.com\/web\/wp-content\/uploads\/2022\/08\/pexels-pixabay-355956-scaled.jpg","datePublished":"2022-08-26T07:26:41+00:00","breadcrumb":{"@id":"https:\/\/sutusummit.com\/es\/septiembre-mes-estrella-en-el-turismo-espacial-que-culminara-con-sutus-22-en-marbella\/#breadcrumb"},"inLanguage":"es","potentialAction":[{"@type":"ReadAction","target":["https:\/\/sutusummit.com\/es\/septiembre-mes-estrella-en-el-turismo-espacial-que-culminara-con-sutus-22-en-marbella\/"]}]},{"@type":"ImageObject","inLanguage":"es","@id":"https:\/\/sutusummit.com\/es\/septiembre-mes-estrella-en-el-turismo-espacial-que-culminara-con-sutus-22-en-marbella\/#primaryimage","url":"https:\/\/sutusummit.com\/web\/wp-content\/uploads\/2022\/08\/pexels-pixabay-355956-scaled.jpg","contentUrl":"https:\/\/sutusummit.com\/web\/wp-content\/uploads\/2022\/08\/pexels-pixabay-355956-scaled.jpg","width":2551,"height":2560},{"@type":"BreadcrumbList","@id":"https:\/\/sutusummit.com\/es\/septiembre-mes-estrella-en-el-turismo-espacial-que-culminara-con-sutus-22-en-marbella\/#breadcrumb","itemListElement":[{"@type":"ListItem","position":1,"name":"Portada","item":"https:\/\/sutusummit.com\/es\/"},{"@type":"ListItem","position":2,"name":"Septiembre, mes estrella en el turismo espacial, que culminar\u00e1 con SUTUS 22, en Marbella"}]},{"@type":"WebSite","@id":"https:\/\/sutusummit.com\/#website","url":"https:\/\/sutusummit.com\/","name":"SUTUS","description":"Space &amp; Underwater Tourism Universal Summit","publisher":{"@id":"https:\/\/sutusummit.com\/#organization"},"potentialAction":[{"@type":"SearchAction","target":{"@type":"EntryPoint","urlTemplate":"https:\/\/sutusummit.com\/?s={search_term_string}"},"query-input":{"@type":"PropertyValueSpecification","valueRequired":true,"valueName":"search_term_string"}}],"inLanguage":"es"},{"@type":"Organization","@id":"https:\/\/sutusummit.com\/#organization","name":"SUTUS","url":"https:\/\/sutusummit.com\/","logo":{"@type":"ImageObject","inLanguage":"es","@id":"https:\/\/sutusummit.com\/#\/schema\/logo\/image\/","url":"https:\/\/sutusummit.com\/web\/wp-content\/uploads\/2019\/01\/sutuscolor.png","contentUrl":"https:\/\/sutusummit.com\/web\/wp-content\/uploads\/2019\/01\/sutuscolor.png","width":268,"height":85,"caption":"SUTUS"},"image":{"@id":"https:\/\/sutusummit.com\/#\/schema\/logo\/image\/"}},{"@type":"Person","@id":"https:\/\/sutusummit.com\/#\/schema\/person\/bac7da778f75d94a53c944f5d4726a34","name":"Maria Medina Media"}]}},"_links":{"self":[{"href":"https:\/\/sutusummit.com\/es\/wp-json\/wp\/v2\/posts\/7082","targetHints":{"allow":["GET"]}}],"collection":[{"href":"https:\/\/sutusummit.com\/es\/wp-json\/wp\/v2\/posts"}],"about":[{"href":"https:\/\/sutusummit.com\/es\/wp-json\/wp\/v2\/types\/post"}],"author":[{"embeddable":true,"href":"https:\/\/sutusummit.com\/es\/wp-json\/wp\/v2\/users\/4"}],"replies":[{"embeddable":true,"href":"https:\/\/sutusummit.com\/es\/wp-json\/wp\/v2\/comments?post=7082"}],"version-history":[{"count":0,"href":"https:\/\/sutusummit.com\/es\/wp-json\/wp\/v2\/posts\/7082\/revisions"}],"wp:featuredmedia":[{"embeddable":true,"href":"https:\/\/sutusummit.com\/es\/wp-json\/wp\/v2\/media\/7083"}],"wp:attachment":[{"href":"https:\/\/sutusummit.com\/es\/wp-json\/wp\/v2\/media?parent=7082"}],"wp:term":[{"taxonomy":"category","embeddable":true,"href":"https:\/\/sutusummit.com\/es\/wp-json\/wp\/v2\/categories?post=7082"},{"taxonomy":"post_tag","embeddable":true,"href":"https:\/\/sutusummit.com\/es\/wp-json\/wp\/v2\/tags?post=7082"}],"curies":[{"name":"wp","href":"https:\/\/api.w.org\/{rel}","templated":true}]}}