{"id":7577,"date":"2022-09-14T07:03:09","date_gmt":"2022-09-14T07:03:09","guid":{"rendered":"https:\/\/sutusummit.com\/?p=7577"},"modified":"2022-09-14T07:03:09","modified_gmt":"2022-09-14T07:03:09","slug":"como-seran-las-vacaciones-en-el-espacio-las-respuestas-en-sutus","status":"publish","type":"post","link":"https:\/\/sutusummit.com\/es\/como-seran-las-vacaciones-en-el-espacio-las-respuestas-en-sutus\/","title":{"rendered":"\u00bfC\u00f3mo ser\u00e1n las vacaciones en el Espacio? Las respuestas en SUTUS"},"content":{"rendered":"<ul>\n<li style=\"font-weight: 400;\" aria-level=\"1\"><span style=\"font-weight: 400;\">Cuestiones como la de c\u00f3mo dormir en el espacio o qu\u00e9 entrenamiento es necesario ser\u00e1n respondidas en SUTUS by Les Roches.<\/span><\/li>\n<li style=\"font-weight: 400;\" aria-level=\"1\"><span style=\"font-weight: 400;\">Tambi\u00e9n se demostrar\u00e1 que el turismo espacial es ya una realidad para muchas empresas con proyectos como el del primer hotel espacial que estar\u00e1 listo entre el a\u00f1o 2025 y 2027.\u00a0<\/span><\/li>\n<\/ul>\n<p><b>\u00bfC\u00f3mo es comer en el espacio? \u00bfHay que prepararse mucho para ir al espacio? \u00bfEl espacio es \u00fanicamente un destino tur\u00edstico para los millonarios? \u00bfSe duerme bien en el espacio? <\/b><span style=\"font-weight: 400;\">Todas estas cuestiones nos las hemos planteado alguna vez a la hora de pensar en viajar m\u00e1s all\u00e1 de nuestro planeta y <\/span><b>todas las respuestas<\/b><span style=\"font-weight: 400;\"> las tendremos en <\/span><b>SUTUS by Les Roches Marbella<\/b><span style=\"font-weight: 400;\"> del <\/span><b>28 de septiembre al 30 de septiembre<\/b><span style=\"font-weight: 400;\">.\u00a0<\/span><\/p>\n<p><span style=\"font-weight: 400;\">La tercera edici\u00f3n de la cumbre del turismo espacial, entre otros muchos aspectos, quiere dar respuestas a preguntas que se plantean la gran mayor\u00eda de las personas a la hora de hablar del espacio. Y para ello, va a contar con <\/span><b>protagonistas que son aut\u00e9nticos referentes en el sector espacial<\/b><span style=\"font-weight: 400;\">: Susan Kilrain, comandante astronauta retirada, Simon Jenner de Axiom Space, Hiroko Asakura de JAXA (la agencia espacial japonesa), Nancy Vermeulen, entrenadora privada de astronautas, Boris Otter, de Swiss Space Tourism, Bernard Foing, de EuroMoonMars o Tim Alatorre, cuya empresa Orbital\u00a0 Assembly Corporation pretende construir el primer hotel en el espacio para dentro de unos a\u00f1os.<\/span><\/p>\n<p><b>Los entrenamientos y c\u00f3mo se duerme en el espacio<\/b><\/p>\n<p><span style=\"font-weight: 400;\">Una de las personas que mejor puede responder a alguna de estas preguntas es <\/span><b>Nancy Vermeulen, entrenadora privada de astronautas de Space Training Academy<\/b><span style=\"font-weight: 400;\">. Vermeulen, piloto a\u00e9reo y coach, explicar\u00e1 en SUTUS 2022 una de las cuestiones m\u00e1s comunes en relaci\u00f3n con el mundo espacial: <\/span><b>\u00bfC\u00f3mo se entrena a un astronauta?<\/b><\/p>\n<p><span style=\"font-weight: 400;\">Vermeulen afirma que cada una de las persona que viven en el planeta es un astronauta y que pueden aportar su granito de arena en esta carrera espacial que se lleva trabajando tantos a\u00f1os: \u201c<\/span><span style=\"font-weight: 400;\">Todos nosotros tenemos nuestras propias fuerzas y talentos espec\u00edficos. Utiliz\u00e1ndolos, podemos tender un puente entre el presente, el pasado y el futuro. Es el pegamento que mantendr\u00e1 unida a la humanidad\u201d.<\/span><\/p>\n<p><img loading=\"lazy\" decoding=\"async\" class=\"aligncenter wp-image-7580 size-full\" src=\"https:\/\/sutusummit.com\/web\/wp-content\/uploads\/2022\/09\/2-1.jpg\" alt=\"\" width=\"800\" height=\"800\" srcset=\"https:\/\/sutusummit.com\/web\/wp-content\/uploads\/2022\/09\/2-1.jpg 800w, https:\/\/sutusummit.com\/web\/wp-content\/uploads\/2022\/09\/2-1-300x300.jpg 300w, https:\/\/sutusummit.com\/web\/wp-content\/uploads\/2022\/09\/2-1-150x150.jpg 150w, https:\/\/sutusummit.com\/web\/wp-content\/uploads\/2022\/09\/2-1-768x768.jpg 768w\" sizes=\"auto, (max-width: 800px) 100vw, 800px\" \/><\/p>\n<p><b>\u00bfConvertirse en astronauta?<\/b><span style=\"font-weight: 400;\"> \u201cLos ni\u00f1os sue\u00f1an con volar al espacio. Yo tambi\u00e9n. Para mi ir al espacio era una misi\u00f3n\u201d. Asegura Vermeulen, de ah\u00ed su rotundo pensamiento sobre que cualquier persona, con esfuerzo, puede llegar a convertirse en astronauta\u201d\u00a0<\/span><\/p>\n<p><span style=\"font-weight: 400;\">Todo el mundo reconoce que el <\/span><b>entrenamiento del astronauta <\/b><span style=\"font-weight: 400;\">es fascinante, pero para Vermeulen lo que de verdad es fascinante es el entrenamiento mental. \u201cLos estudiantes me dicen que recuerdan especialmente c\u00f3mo son capaces de superar su l\u00edmite f\u00edsico y mental. El entrenamiento cambi\u00f3 literalmente su perspectiva, porque al final son capaces de ver el panorama general y eso es probablemente la parte m\u00e1s importante de toda la experiencia\u201d.\u00a0<\/span><\/p>\n<p><span style=\"font-weight: 400;\">Para conseguir todas las metas que se pretenden en el espacio, Vermeulen lanza un <\/span><b>mensaje clave<\/b><span style=\"font-weight: 400;\">: \u201cNo hace falta ser cient\u00edfico o piloto para formar parte del espacio. <\/span><span style=\"font-weight: 400;\">Si utilizamos el talento de todos, lograremos grandes cosas. Somos como las abejas. Cada abeja tiene una larga tarea espec\u00edfica para ayudar a la colonia a sobrevivir\u201d.\u00a0<\/span><\/p>\n<p><span style=\"font-weight: 400;\">Si hablamos de una de las mejores astronautas del mundo, nos acercamos a una realidad palpable cuando responde a algunas de las preguntas m\u00e1s importantes sobre el espacio exterior. Estamos hablando de <\/span><b>Susan Kilrain, <\/b><span style=\"font-weight: 400;\">una de las <\/span><b>mejores astronautas del mundo<\/b><span style=\"font-weight: 400;\">, que tambi\u00e9n ser\u00e1 protagonista en SUTUS by Les Roches. Contar\u00e1 <\/span><b>\u201cla verdad de volar en el espacio\u201d<\/b><span style=\"font-weight: 400;\"> con cuestiones sobre la comida, el trabajo mental y f\u00edsico o <\/span><span style=\"font-weight: 400;\">c\u00f3mo se trabaja en el espacio.<\/span><\/p>\n<p><b>\u00bfQu\u00e9 se hace d\u00edas antes de ir al espacio?<\/b><span style=\"font-weight: 400;\"> \u201cAntes de ir al espacio est\u00e1s en cuarentena, pasas mucho tiempo aislado. No quieres que la tripulaci\u00f3n se enferme y entonces no tienes tiempo para pasar con tu familia. \u201cS\u00f3lo el \u00faltimo d\u00eda antes de marcharte te lleva a una casa en la playa en la que puedes ir acompa\u00f1ado de una persona especial. Yo lo pas\u00e9 con mi marido\u201d, avanza Kilrain.\u00a0<\/span><\/p>\n<p><img loading=\"lazy\" decoding=\"async\" class=\"aligncenter wp-image-7582 size-full\" src=\"https:\/\/sutusummit.com\/web\/wp-content\/uploads\/2022\/09\/4-1.jpg\" alt=\"\" width=\"800\" height=\"800\" srcset=\"https:\/\/sutusummit.com\/web\/wp-content\/uploads\/2022\/09\/4-1.jpg 800w, https:\/\/sutusummit.com\/web\/wp-content\/uploads\/2022\/09\/4-1-300x300.jpg 300w, https:\/\/sutusummit.com\/web\/wp-content\/uploads\/2022\/09\/4-1-150x150.jpg 150w, https:\/\/sutusummit.com\/web\/wp-content\/uploads\/2022\/09\/4-1-768x768.jpg 768w\" sizes=\"auto, (max-width: 800px) 100vw, 800px\" \/><\/p>\n<p><span style=\"font-weight: 400;\">Y a la cuesti\u00f3n tan complicada de responder sobre <\/span><b>qu\u00e9 se siente en el espacio<\/b><span style=\"font-weight: 400;\">, Kilrain asegura que \u201cse siente flotar, pero es diferente. La mayor\u00eda de los astronautas se enferman del est\u00f3mago. Hay medicamentos que se pueden tomar. La mayor\u00eda se siente mal los primeros d\u00edas y tambi\u00e9n le cuesta controlarse\u201d.<\/span><\/p>\n<p><span style=\"font-weight: 400;\">Para Kilrain<\/span><b> la sensaci\u00f3n m\u00e1s extra\u00f1a<\/b><span style=\"font-weight: 400;\"> es \u201cla de dormir, porque no pesas nada y no te sientes en la cama\u201d. Y asegura que es muy beneficioso para el coraz\u00f3n \u201chacer ejercicio en el espacio. No puede funcionar igual cuando vuelvas si no has hecho ejercicio cardiovascular\u201d.<\/span><\/p>\n<p><b>La parte m\u00e1s inc\u00f3moda en el espacio<\/b><span style=\"font-weight: 400;\"> es la hora de ir al ba\u00f1o, asegura Kilrain: \u201cLa higiene en el espacio es un poco r\u00fastica. Ir al ba\u00f1o en el espacio, es mi parte menos favorita. No hay privacidad, no es c\u00f3modo\u201d.\u00a0<\/span><\/p>\n<p><b>\u00bfEs una realidad el turismo espacial?<\/b><\/p>\n<p><span style=\"font-weight: 400;\">Pero quiz\u00e1s una de las cuestiones principales sea la de si realmente <\/span><b>el turismo espacial ser\u00e1 una realidad en un periodo corto de tiempo<\/b><span style=\"font-weight: 400;\">. Para muchos de los ponentes de SUTUS 22, como <\/span><b>Boris Otter<\/b><span style=\"font-weight: 400;\">, Presidente y fundador de Swiss Space Tourism, la respuesta es <\/span><b>\u201cdefinitivamente s\u00ed\u00bb. \u201c<\/b><span style=\"font-weight: 400;\">Gracias a empresas espaciales como Blue Origin, Virgin Galactic, SpaceX, Axiom y otras, ahora es posible volver a volar m\u00e1s cerca de la frontera del Espacio e incluso cruzarla pasando por la L\u00ednea Karman, situada a 100km de altura\u201d.\u00a0<\/span><\/p>\n<p><img loading=\"lazy\" decoding=\"async\" class=\"aligncenter wp-image-7584 size-full\" src=\"https:\/\/sutusummit.com\/web\/wp-content\/uploads\/2022\/09\/3.jpg\" alt=\"\" width=\"800\" height=\"800\" srcset=\"https:\/\/sutusummit.com\/web\/wp-content\/uploads\/2022\/09\/3.jpg 800w, https:\/\/sutusummit.com\/web\/wp-content\/uploads\/2022\/09\/3-300x300.jpg 300w, https:\/\/sutusummit.com\/web\/wp-content\/uploads\/2022\/09\/3-150x150.jpg 150w, https:\/\/sutusummit.com\/web\/wp-content\/uploads\/2022\/09\/3-768x768.jpg 768w\" sizes=\"auto, (max-width: 800px) 100vw, 800px\" \/><\/p>\n<p><span style=\"font-weight: 400;\">Una vez cumplido ese objetivo hay<\/span><b> una nueva meta marcada<\/b><span style=\"font-weight: 400;\"> en rojo en la carrera espacial seg\u00fan Otter: \u201cLlevar al turista espacial a la Luna\u201d.\u00a0<\/span><\/p>\n<p><span style=\"font-weight: 400;\">Para <\/span><b>Simon Jenner<\/b><span style=\"font-weight: 400;\"> de Axiom Space, el pensamiento es similar al de Otter, ya que el futuro de la Estaci\u00f3n Espacial Internacional es \u201cconvertirse en una verdadera ciudad donde miles de personas puedan vivir y trabajar y pasar gran parte de su tiempo en la tierra baja, experimentando ingravidez y observando la belleza de la tierra\u201d.\u00a0<\/span><\/p>\n<p><span style=\"font-weight: 400;\">Y por ello existen ya proyectos tit\u00e1nicos como el de <\/span><b>EuroMoonMars, de Bernard Foing<\/b><span style=\"font-weight: 400;\"> -que tambi\u00e9n ser\u00e1 ponente en SUTUS 2022-. Seg\u00fan Foing este proyecto \u201clleva 10 a\u00f1os trabajando en la formaci\u00f3n de j\u00f3venes profesionales para investigar y ser astronautas\u201d porque el pr\u00f3ximo objetivo es \u201cprepararse para tener una presencia sostenible en la Luna, con un h\u00e1bitat y una colaboraci\u00f3n humana y rob\u00f3tica\u201d<\/span><\/p>\n<p><span style=\"font-weight: 400;\">Parece que el turismo espacial es ya una realidad o lo va a ser en un corto periodo de tiempo. Y es que proyectos como el de <\/span><b>Orbital Assembly<\/b><span style=\"font-weight: 400;\">, empresa americana a la que pertenece <\/span><b>Tim Alatorre<\/b><span style=\"font-weight: 400;\">, as\u00ed lo demuestran. Alatorre presentar\u00e1 en Sutus 22 el <\/span><b>primer alojamiento para turistas espaciales entre 2025 y 2027.<\/b><span style=\"font-weight: 400;\">. No es ciencia ficci\u00f3n, es una realidad que asegura Alatorre.\u00a0<\/span><\/p>\n<p><span style=\"font-weight: 400;\">El plan de Orbital Assembly, una empresa de construcci\u00f3n espacial con sede en Estados Unidos, es lanzar dos estaciones espaciales con alojamiento para turistas: la primera ya en 2025 y la segunda prevista para 2027.<\/span><\/p>\n<p><span style=\"font-weight: 400;\">La estaci\u00f3n Pioneer, que estar\u00e1 operativa en poco m\u00e1s de tres a\u00f1os, tendr\u00e1 capacidad para albergar hasta 28 personas. Por otro lado, la estaci\u00f3n Voyager, con sus primeros componentes previstos para lanzarse dentro de cinco a\u00f1os, podr\u00e1 albergar hasta 400 personas una vez que est\u00e9 terminada.<\/span><\/p>\n<p><span style=\"font-weight: 400;\">Pero para ello, hay que superar el problema de la microgravedad. \u201cHe tenido la oportunidad de hablar con varios turistas que han pasado varios d\u00edas en \u00f3rbita y hasta ahora lo que m\u00e1s les ha gustado ha sido la microgravedad, poder pasar alrededor para flotar (flotar, volar), pero lo que m\u00e1s han odiado tambi\u00e9n ha sido la microgravedad, simplemente la forma en que te hace sentir tu cuerpo\u201d. Nuestro enfoque es tomar una etapa de alta gravedad donde la gente viva en un ambiente de gravedad artificial, pero luego ir a la microgravedad para recrear y hacer actividades espaciales.\u201d\u00a0<\/span><\/p>\n<p><span style=\"font-weight: 400;\">\u201cLa raz\u00f3n por la que estamos tan centrados en esto es porque pensamos que la microgravedad no s\u00f3lo es inc\u00f3moda, sino que en realidad no es \u00e9tico tener a la gente en microgravedad durante un largo periodo de tiempo. Estamos trabajando para que el espacio sea accesible para la gente que quiere estar arriba, vivir y trabajar y conducir el espacio\u201d asegura Alatorre.<\/span><\/p>\n<p><span style=\"font-weight: 400;\">Las conferencias de <\/span><b>SUTUS 2022<\/b><span style=\"font-weight: 400;\"> podr\u00e1n ser seguidas a trav\u00e9s de la <\/span><b>plataforma de Medina Media Events,<\/b><span style=\"font-weight: 400;\"> previo registro e inscripci\u00f3n que se abrir\u00e1 un mes antes del evento. SUTUS 2022 est\u00e1 impulsado por Les Roches y cuenta con el apoyo de la Consejer\u00eda de Turismo de la Junta de Andaluc\u00eda, Turismo y Planificaci\u00f3n de la Costa del Sol, el Ayuntamiento de Marbella, Extenda, Acosol y Pisces VI.<\/span><\/p>\n","protected":false},"excerpt":{"rendered":"<p>Cuestiones como la de c\u00f3mo dormir en el espacio o qu\u00e9 entrenamiento es necesario ser\u00e1n respondidas en SUTUS by Les Roches. Tambi\u00e9n se demostrar\u00e1 que el turismo espacial es ya una realidad para muchas empresas con proyectos como el del primer hotel espacial que estar\u00e1 listo entre el a\u00f1o 2025 y 2027.\u00a0 \u00bfC\u00f3mo es comer [&hellip;]<\/p>\n","protected":false},"author":4,"featured_media":7578,"comment_status":"closed","ping_status":"closed","sticky":false,"template":"","format":"standard","meta":{"_acf_changed":false,"footnotes":""},"categories":[139],"tags":[163,157],"class_list":["post-7577","post","type-post","status-publish","format-standard","has-post-thumbnail","hentry","category-espacio","tag-espacio","tag-sutus-es"],"acf":[],"yoast_head":"<!-- This site is optimized with the Yoast SEO plugin v27.4 - https:\/\/yoast.com\/product\/yoast-seo-wordpress\/ -->\n<title>\u00bfC\u00f3mo ser\u00e1n las vacaciones en el Espacio? Las respuestas en SUTUS - SUTUS<\/title>\n<meta name=\"description\" content=\"\u00bfC\u00f3mo ser\u00e1n las vacaciones en el Espacio? Las respuestas en SUTUS\" \/>\n<meta name=\"robots\" content=\"index, follow, max-snippet:-1, max-image-preview:large, max-video-preview:-1\" \/>\n<link rel=\"canonical\" href=\"https:\/\/sutusummit.com\/es\/como-seran-las-vacaciones-en-el-espacio-las-respuestas-en-sutus\/\" \/>\n<meta property=\"og:locale\" content=\"es_ES\" \/>\n<meta property=\"og:type\" content=\"article\" \/>\n<meta property=\"og:title\" content=\"\u00bfC\u00f3mo ser\u00e1n las vacaciones en el Espacio? Las respuestas en SUTUS - SUTUS\" \/>\n<meta property=\"og:description\" content=\"\u00bfC\u00f3mo ser\u00e1n las vacaciones en el Espacio? Las respuestas en SUTUS\" \/>\n<meta property=\"og:url\" content=\"https:\/\/sutusummit.com\/es\/como-seran-las-vacaciones-en-el-espacio-las-respuestas-en-sutus\/\" \/>\n<meta property=\"og:site_name\" content=\"SUTUS\" \/>\n<meta property=\"article:published_time\" content=\"2022-09-14T07:03:09+00:00\" \/>\n<meta property=\"og:image\" content=\"https:\/\/sutusummit.com\/web\/wp-content\/uploads\/2022\/09\/1-2.jpg\" \/>\n\t<meta property=\"og:image:width\" content=\"800\" \/>\n\t<meta property=\"og:image:height\" content=\"800\" \/>\n\t<meta property=\"og:image:type\" content=\"image\/jpeg\" \/>\n<meta name=\"author\" content=\"Maria Medina Media\" \/>\n<meta name=\"twitter:card\" content=\"summary_large_image\" \/>\n<meta name=\"twitter:label1\" content=\"Escrito por\" \/>\n\t<meta name=\"twitter:data1\" content=\"Maria Medina Media\" \/>\n\t<meta name=\"twitter:label2\" content=\"Tiempo de lectura\" \/>\n\t<meta name=\"twitter:data2\" content=\"8 minutos\" \/>\n<script type=\"application\/ld+json\" class=\"yoast-schema-graph\">{\"@context\":\"https:\\\/\\\/schema.org\",\"@graph\":[{\"@type\":\"Article\",\"@id\":\"https:\\\/\\\/sutusummit.com\\\/es\\\/como-seran-las-vacaciones-en-el-espacio-las-respuestas-en-sutus\\\/#article\",\"isPartOf\":{\"@id\":\"https:\\\/\\\/sutusummit.com\\\/es\\\/como-seran-las-vacaciones-en-el-espacio-las-respuestas-en-sutus\\\/\"},\"author\":{\"name\":\"Maria Medina Media\",\"@id\":\"https:\\\/\\\/sutusummit.com\\\/#\\\/schema\\\/person\\\/bac7da778f75d94a53c944f5d4726a34\"},\"headline\":\"\u00bfC\u00f3mo ser\u00e1n las vacaciones en el Espacio? Las respuestas en SUTUS\",\"datePublished\":\"2022-09-14T07:03:09+00:00\",\"mainEntityOfPage\":{\"@id\":\"https:\\\/\\\/sutusummit.com\\\/es\\\/como-seran-las-vacaciones-en-el-espacio-las-respuestas-en-sutus\\\/\"},\"wordCount\":1502,\"publisher\":{\"@id\":\"https:\\\/\\\/sutusummit.com\\\/#organization\"},\"image\":{\"@id\":\"https:\\\/\\\/sutusummit.com\\\/es\\\/como-seran-las-vacaciones-en-el-espacio-las-respuestas-en-sutus\\\/#primaryimage\"},\"thumbnailUrl\":\"https:\\\/\\\/sutusummit.com\\\/web\\\/wp-content\\\/uploads\\\/2022\\\/09\\\/1-2.jpg\",\"keywords\":[\"Espacio\",\"sutus\"],\"articleSection\":[\"Espacio\"],\"inLanguage\":\"es\"},{\"@type\":\"WebPage\",\"@id\":\"https:\\\/\\\/sutusummit.com\\\/es\\\/como-seran-las-vacaciones-en-el-espacio-las-respuestas-en-sutus\\\/\",\"url\":\"https:\\\/\\\/sutusummit.com\\\/es\\\/como-seran-las-vacaciones-en-el-espacio-las-respuestas-en-sutus\\\/\",\"name\":\"\u00bfC\u00f3mo ser\u00e1n las vacaciones en el Espacio? Las respuestas en SUTUS - SUTUS\",\"isPartOf\":{\"@id\":\"https:\\\/\\\/sutusummit.com\\\/#website\"},\"primaryImageOfPage\":{\"@id\":\"https:\\\/\\\/sutusummit.com\\\/es\\\/como-seran-las-vacaciones-en-el-espacio-las-respuestas-en-sutus\\\/#primaryimage\"},\"image\":{\"@id\":\"https:\\\/\\\/sutusummit.com\\\/es\\\/como-seran-las-vacaciones-en-el-espacio-las-respuestas-en-sutus\\\/#primaryimage\"},\"thumbnailUrl\":\"https:\\\/\\\/sutusummit.com\\\/web\\\/wp-content\\\/uploads\\\/2022\\\/09\\\/1-2.jpg\",\"datePublished\":\"2022-09-14T07:03:09+00:00\",\"description\":\"\u00bfC\u00f3mo ser\u00e1n las vacaciones en el Espacio? Las respuestas en SUTUS\",\"breadcrumb\":{\"@id\":\"https:\\\/\\\/sutusummit.com\\\/es\\\/como-seran-las-vacaciones-en-el-espacio-las-respuestas-en-sutus\\\/#breadcrumb\"},\"inLanguage\":\"es\",\"potentialAction\":[{\"@type\":\"ReadAction\",\"target\":[\"https:\\\/\\\/sutusummit.com\\\/es\\\/como-seran-las-vacaciones-en-el-espacio-las-respuestas-en-sutus\\\/\"]}]},{\"@type\":\"ImageObject\",\"inLanguage\":\"es\",\"@id\":\"https:\\\/\\\/sutusummit.com\\\/es\\\/como-seran-las-vacaciones-en-el-espacio-las-respuestas-en-sutus\\\/#primaryimage\",\"url\":\"https:\\\/\\\/sutusummit.com\\\/web\\\/wp-content\\\/uploads\\\/2022\\\/09\\\/1-2.jpg\",\"contentUrl\":\"https:\\\/\\\/sutusummit.com\\\/web\\\/wp-content\\\/uploads\\\/2022\\\/09\\\/1-2.jpg\",\"width\":800,\"height\":800,\"caption\":\"vacaciones en el espacio\"},{\"@type\":\"BreadcrumbList\",\"@id\":\"https:\\\/\\\/sutusummit.com\\\/es\\\/como-seran-las-vacaciones-en-el-espacio-las-respuestas-en-sutus\\\/#breadcrumb\",\"itemListElement\":[{\"@type\":\"ListItem\",\"position\":1,\"name\":\"Portada\",\"item\":\"https:\\\/\\\/sutusummit.com\\\/es\\\/\"},{\"@type\":\"ListItem\",\"position\":2,\"name\":\"\u00bfC\u00f3mo ser\u00e1n las vacaciones en el Espacio? Las respuestas en SUTUS\"}]},{\"@type\":\"WebSite\",\"@id\":\"https:\\\/\\\/sutusummit.com\\\/#website\",\"url\":\"https:\\\/\\\/sutusummit.com\\\/\",\"name\":\"SUTUS\",\"description\":\"Space &amp; Underwater Tourism Universal Summit\",\"publisher\":{\"@id\":\"https:\\\/\\\/sutusummit.com\\\/#organization\"},\"potentialAction\":[{\"@type\":\"SearchAction\",\"target\":{\"@type\":\"EntryPoint\",\"urlTemplate\":\"https:\\\/\\\/sutusummit.com\\\/?s={search_term_string}\"},\"query-input\":{\"@type\":\"PropertyValueSpecification\",\"valueRequired\":true,\"valueName\":\"search_term_string\"}}],\"inLanguage\":\"es\"},{\"@type\":\"Organization\",\"@id\":\"https:\\\/\\\/sutusummit.com\\\/#organization\",\"name\":\"SUTUS\",\"url\":\"https:\\\/\\\/sutusummit.com\\\/\",\"logo\":{\"@type\":\"ImageObject\",\"inLanguage\":\"es\",\"@id\":\"https:\\\/\\\/sutusummit.com\\\/#\\\/schema\\\/logo\\\/image\\\/\",\"url\":\"https:\\\/\\\/sutusummit.com\\\/web\\\/wp-content\\\/uploads\\\/2019\\\/01\\\/sutuscolor.png\",\"contentUrl\":\"https:\\\/\\\/sutusummit.com\\\/web\\\/wp-content\\\/uploads\\\/2019\\\/01\\\/sutuscolor.png\",\"width\":268,\"height\":85,\"caption\":\"SUTUS\"},\"image\":{\"@id\":\"https:\\\/\\\/sutusummit.com\\\/#\\\/schema\\\/logo\\\/image\\\/\"}},{\"@type\":\"Person\",\"@id\":\"https:\\\/\\\/sutusummit.com\\\/#\\\/schema\\\/person\\\/bac7da778f75d94a53c944f5d4726a34\",\"name\":\"Maria Medina Media\"}]}<\/script>\n<!-- \/ Yoast SEO plugin. -->","yoast_head_json":{"title":"\u00bfC\u00f3mo ser\u00e1n las vacaciones en el Espacio? Las respuestas en SUTUS - SUTUS","description":"\u00bfC\u00f3mo ser\u00e1n las vacaciones en el Espacio? Las respuestas en SUTUS","robots":{"index":"index","follow":"follow","max-snippet":"max-snippet:-1","max-image-preview":"max-image-preview:large","max-video-preview":"max-video-preview:-1"},"canonical":"https:\/\/sutusummit.com\/es\/como-seran-las-vacaciones-en-el-espacio-las-respuestas-en-sutus\/","og_locale":"es_ES","og_type":"article","og_title":"\u00bfC\u00f3mo ser\u00e1n las vacaciones en el Espacio? Las respuestas en SUTUS - SUTUS","og_description":"\u00bfC\u00f3mo ser\u00e1n las vacaciones en el Espacio? Las respuestas en SUTUS","og_url":"https:\/\/sutusummit.com\/es\/como-seran-las-vacaciones-en-el-espacio-las-respuestas-en-sutus\/","og_site_name":"SUTUS","article_published_time":"2022-09-14T07:03:09+00:00","og_image":[{"width":800,"height":800,"url":"https:\/\/sutusummit.com\/web\/wp-content\/uploads\/2022\/09\/1-2.jpg","type":"image\/jpeg"}],"author":"Maria Medina Media","twitter_card":"summary_large_image","twitter_misc":{"Escrito por":"Maria Medina Media","Tiempo de lectura":"8 minutos"},"schema":{"@context":"https:\/\/schema.org","@graph":[{"@type":"Article","@id":"https:\/\/sutusummit.com\/es\/como-seran-las-vacaciones-en-el-espacio-las-respuestas-en-sutus\/#article","isPartOf":{"@id":"https:\/\/sutusummit.com\/es\/como-seran-las-vacaciones-en-el-espacio-las-respuestas-en-sutus\/"},"author":{"name":"Maria Medina Media","@id":"https:\/\/sutusummit.com\/#\/schema\/person\/bac7da778f75d94a53c944f5d4726a34"},"headline":"\u00bfC\u00f3mo ser\u00e1n las vacaciones en el Espacio? Las respuestas en SUTUS","datePublished":"2022-09-14T07:03:09+00:00","mainEntityOfPage":{"@id":"https:\/\/sutusummit.com\/es\/como-seran-las-vacaciones-en-el-espacio-las-respuestas-en-sutus\/"},"wordCount":1502,"publisher":{"@id":"https:\/\/sutusummit.com\/#organization"},"image":{"@id":"https:\/\/sutusummit.com\/es\/como-seran-las-vacaciones-en-el-espacio-las-respuestas-en-sutus\/#primaryimage"},"thumbnailUrl":"https:\/\/sutusummit.com\/web\/wp-content\/uploads\/2022\/09\/1-2.jpg","keywords":["Espacio","sutus"],"articleSection":["Espacio"],"inLanguage":"es"},{"@type":"WebPage","@id":"https:\/\/sutusummit.com\/es\/como-seran-las-vacaciones-en-el-espacio-las-respuestas-en-sutus\/","url":"https:\/\/sutusummit.com\/es\/como-seran-las-vacaciones-en-el-espacio-las-respuestas-en-sutus\/","name":"\u00bfC\u00f3mo ser\u00e1n las vacaciones en el Espacio? Las respuestas en SUTUS - SUTUS","isPartOf":{"@id":"https:\/\/sutusummit.com\/#website"},"primaryImageOfPage":{"@id":"https:\/\/sutusummit.com\/es\/como-seran-las-vacaciones-en-el-espacio-las-respuestas-en-sutus\/#primaryimage"},"image":{"@id":"https:\/\/sutusummit.com\/es\/como-seran-las-vacaciones-en-el-espacio-las-respuestas-en-sutus\/#primaryimage"},"thumbnailUrl":"https:\/\/sutusummit.com\/web\/wp-content\/uploads\/2022\/09\/1-2.jpg","datePublished":"2022-09-14T07:03:09+00:00","description":"\u00bfC\u00f3mo ser\u00e1n las vacaciones en el Espacio? Las respuestas en SUTUS","breadcrumb":{"@id":"https:\/\/sutusummit.com\/es\/como-seran-las-vacaciones-en-el-espacio-las-respuestas-en-sutus\/#breadcrumb"},"inLanguage":"es","potentialAction":[{"@type":"ReadAction","target":["https:\/\/sutusummit.com\/es\/como-seran-las-vacaciones-en-el-espacio-las-respuestas-en-sutus\/"]}]},{"@type":"ImageObject","inLanguage":"es","@id":"https:\/\/sutusummit.com\/es\/como-seran-las-vacaciones-en-el-espacio-las-respuestas-en-sutus\/#primaryimage","url":"https:\/\/sutusummit.com\/web\/wp-content\/uploads\/2022\/09\/1-2.jpg","contentUrl":"https:\/\/sutusummit.com\/web\/wp-content\/uploads\/2022\/09\/1-2.jpg","width":800,"height":800,"caption":"vacaciones en el espacio"},{"@type":"BreadcrumbList","@id":"https:\/\/sutusummit.com\/es\/como-seran-las-vacaciones-en-el-espacio-las-respuestas-en-sutus\/#breadcrumb","itemListElement":[{"@type":"ListItem","position":1,"name":"Portada","item":"https:\/\/sutusummit.com\/es\/"},{"@type":"ListItem","position":2,"name":"\u00bfC\u00f3mo ser\u00e1n las vacaciones en el Espacio? Las respuestas en SUTUS"}]},{"@type":"WebSite","@id":"https:\/\/sutusummit.com\/#website","url":"https:\/\/sutusummit.com\/","name":"SUTUS","description":"Space &amp; Underwater Tourism Universal Summit","publisher":{"@id":"https:\/\/sutusummit.com\/#organization"},"potentialAction":[{"@type":"SearchAction","target":{"@type":"EntryPoint","urlTemplate":"https:\/\/sutusummit.com\/?s={search_term_string}"},"query-input":{"@type":"PropertyValueSpecification","valueRequired":true,"valueName":"search_term_string"}}],"inLanguage":"es"},{"@type":"Organization","@id":"https:\/\/sutusummit.com\/#organization","name":"SUTUS","url":"https:\/\/sutusummit.com\/","logo":{"@type":"ImageObject","inLanguage":"es","@id":"https:\/\/sutusummit.com\/#\/schema\/logo\/image\/","url":"https:\/\/sutusummit.com\/web\/wp-content\/uploads\/2019\/01\/sutuscolor.png","contentUrl":"https:\/\/sutusummit.com\/web\/wp-content\/uploads\/2019\/01\/sutuscolor.png","width":268,"height":85,"caption":"SUTUS"},"image":{"@id":"https:\/\/sutusummit.com\/#\/schema\/logo\/image\/"}},{"@type":"Person","@id":"https:\/\/sutusummit.com\/#\/schema\/person\/bac7da778f75d94a53c944f5d4726a34","name":"Maria Medina Media"}]}},"_links":{"self":[{"href":"https:\/\/sutusummit.com\/es\/wp-json\/wp\/v2\/posts\/7577","targetHints":{"allow":["GET"]}}],"collection":[{"href":"https:\/\/sutusummit.com\/es\/wp-json\/wp\/v2\/posts"}],"about":[{"href":"https:\/\/sutusummit.com\/es\/wp-json\/wp\/v2\/types\/post"}],"author":[{"embeddable":true,"href":"https:\/\/sutusummit.com\/es\/wp-json\/wp\/v2\/users\/4"}],"replies":[{"embeddable":true,"href":"https:\/\/sutusummit.com\/es\/wp-json\/wp\/v2\/comments?post=7577"}],"version-history":[{"count":0,"href":"https:\/\/sutusummit.com\/es\/wp-json\/wp\/v2\/posts\/7577\/revisions"}],"wp:featuredmedia":[{"embeddable":true,"href":"https:\/\/sutusummit.com\/es\/wp-json\/wp\/v2\/media\/7578"}],"wp:attachment":[{"href":"https:\/\/sutusummit.com\/es\/wp-json\/wp\/v2\/media?parent=7577"}],"wp:term":[{"taxonomy":"category","embeddable":true,"href":"https:\/\/sutusummit.com\/es\/wp-json\/wp\/v2\/categories?post=7577"},{"taxonomy":"post_tag","embeddable":true,"href":"https:\/\/sutusummit.com\/es\/wp-json\/wp\/v2\/tags?post=7577"}],"curies":[{"name":"wp","href":"https:\/\/api.w.org\/{rel}","templated":true}]}}