{"id":7637,"date":"2022-09-21T07:06:43","date_gmt":"2022-09-21T07:06:43","guid":{"rendered":"https:\/\/sutusummit.com\/?p=7637"},"modified":"2023-07-03T14:45:01","modified_gmt":"2023-07-03T14:45:01","slug":"michael-lopez-alegria-astronauta-jefe-de-axiom-space-en-sutus-2022","status":"publish","type":"post","link":"https:\/\/sutusummit.com\/es\/michael-lopez-alegria-astronauta-jefe-de-axiom-space-en-sutus-2022\/","title":{"rendered":"Michael L\u00f3pez-Alegr\u00eda, Astronauta jefe de Axiom Space, En Sutus 2022"},"content":{"rendered":"<ul>\n<li aria-level=\"1\"><b>Contar\u00e1 su experiencia como comandante de Axiom Mission 1, la primera tripulaci\u00f3n \u00edntegramente privada de la historia de la Estaci\u00f3n Espacial Internacional<\/b><\/li>\n<\/ul>\n<ul>\n<li aria-level=\"1\"><b>L\u00f3pez-Alegr\u00eda es el primer astronauta nacido en Espa\u00f1a que viaja al espacio.<\/b><\/li>\n<\/ul>\n<p><span style=\"font-weight: 400;\">La jornada inaugural de SUTUS 2022 by Les Roches, el 28 de septiembre, contar\u00e1 con un ponente de referencia en el sector espacial: <\/span><b>Michael L\u00f3pez-Alegr\u00eda, Astronauta Jefe de Axiom Space.<\/b><\/p>\n<p><span style=\"font-weight: 400;\">L\u00f3pez-Alegr\u00eda compartir\u00e1 con los asistentes, a trav\u00e9s de una conexi\u00f3n en directo, su experiencia como Comandante de la<\/span><b> misi\u00f3n Axiom Ax-1<\/b><span style=\"font-weight: 400;\">, la primera misi\u00f3n tripulada de particulares a la Estaci\u00f3n Espacial Internacional.<\/span><\/p>\n<p><b>Esta misi\u00f3n transport\u00f3 a cuatro personas a la Estaci\u00f3n Espacial Internacional: Michael L\u00f3pez Alegr\u00eda<\/b><span style=\"font-weight: 400;\">, Comandante de la Misi\u00f3n; <\/span><b>Larry Connor<\/b><span style=\"font-weight: 400;\">, empresario estadounidense, como piloto; y dos especialistas en misiones, el inversionista y empresario <\/span><b>Mark Pathy<\/b><span style=\"font-weight: 400;\"> de Canad\u00e1, y el inversionista de impacto<\/span><b> Eytan Stibbe<\/b><span style=\"font-weight: 400;\">, el segundo ciudadano israel\u00ed en llegar al espacio.<\/span><\/p>\n<p><span style=\"font-weight: 400;\">El 8 de abril de este a\u00f1o, la tripulaci\u00f3n se lanz\u00f3 en una c\u00e1psula Crew Dragon sobre un cohete Falcon 9 desde el Complejo de Lanzamiento 39A del Centro Espacial John F. Kennedy de la NASA. <\/span><b>La misi\u00f3n dur\u00f3 un total de 17 d\u00edas.<\/b><span style=\"font-weight: 400;\"> El vuelo tard\u00f3 menos de un d\u00eda en llegar a la estaci\u00f3n y atracar con el m\u00f3dulo Harmony. En ese momento comenzaba la esperada estancia de ocho d\u00edas en la Estaci\u00f3n Espacial Internacional. Los astronautas dedicaron su tiempo a realizar importantes investigaciones sobre la microgravedad, a realizar actividades de extensi\u00f3n con organizaciones educativas y filantr\u00f3picas, ya experimentar las maravillas de flotar y admirar la vista de la Tierra desde arriba. Se pronostic\u00f3 mal tiempo en los sitios de amerizaje para el regreso programado de la tripulaci\u00f3n, por lo que se tom\u00f3 la decisi\u00f3n de diferir la salida. Despu\u00e9s de varios retrasos de este tipo, el barco se desatrac\u00f3 e hizo el viaje de regreso a nuestro planeta, que termin\u00f3 con un amerizaje en el Oc\u00e9ano Atl\u00e1ntico un d\u00eda despu\u00e9s.<\/span><\/p>\n<p><img loading=\"lazy\" decoding=\"async\" class=\"aligncenter wp-image-7638 size-full\" src=\"https:\/\/sutusummit.com\/web\/wp-content\/uploads\/2022\/09\/Diseno-sin-titulo-13.jpg\" alt=\"\" width=\"800\" height=\"800\" srcset=\"https:\/\/sutusummit.com\/web\/wp-content\/uploads\/2022\/09\/Diseno-sin-titulo-13.jpg 800w, https:\/\/sutusummit.com\/web\/wp-content\/uploads\/2022\/09\/Diseno-sin-titulo-13-300x300.jpg 300w, https:\/\/sutusummit.com\/web\/wp-content\/uploads\/2022\/09\/Diseno-sin-titulo-13-150x150.jpg 150w, https:\/\/sutusummit.com\/web\/wp-content\/uploads\/2022\/09\/Diseno-sin-titulo-13-768x768.jpg 768w\" sizes=\"auto, (max-width: 800px) 100vw, 800px\" \/><\/p>\n<p><b>Una trayectoria insuperable en el espacio<\/b><\/p>\n<p><b>Michael L\u00f3pez-Alegr\u00eda<\/b><span style=\"font-weight: 400;\"> es un astronauta condecorado que <\/span><b>regres\u00f3 a la \u00f3rbita terrestre baja por quinta vez en 2022<\/b><span style=\"font-weight: 400;\"> como comandante de Axiom Mission 1, habiendo acumulado 275 d\u00edas en el espacio. \u00abMike L-A\u00bb (como se le conoce en la comunidad espacial) participa en los esfuerzos de desarrollo tanto operativos como comerciales dentro de Axiom Space.<\/span><\/p>\n<p><span style=\"font-weight: 400;\">Tiene m\u00e1s de 40 a\u00f1os de experiencia en aviaci\u00f3n y espacio con la Marina de los EE. UU. y la NASA en una variedad de funciones, que incluyen Aviador Naval, Piloto de Pruebas de Ingenier\u00eda y Gerente de Programa, Astronauta de la NASA y Comandante de la Estaci\u00f3n Espacial Internacional. Tambi\u00e9n <\/span><b>tiene r\u00e9cords de la NASA<\/b><span style=\"font-weight: 400;\"> para la mayor\u00eda de las actividades extravehiculares (EVA) o \u00abpaseos espaciales\u00bb (10) y el tiempo acumulado de EVA (67 horas, 40 minutos). Fue incluido en el Sal\u00f3n de la Fama de los Astronautas de EE. UU. en 2021.<\/span><\/p>\n<p><span style=\"font-weight: 400;\">Mike L-A es el ex presidente de la Federaci\u00f3n de Vuelos Espaciales Comerciales, donde fue vocero, l\u00edder intelectual y defensor ante el Congreso de los EE. UU. y las agencias ejecutivas relevantes de pol\u00edticas p\u00fablicas favorables en nombre de la industria de vuelos espaciales comerciales. Se ha desempe\u00f1ado en varias juntas y comit\u00e9s asesores de organizaciones p\u00fablicas y privadas, incluido el Comit\u00e9 Asesor de Operaciones y Exploraci\u00f3n Humana del Consejo Asesor de la NASA y el Comit\u00e9 Asesor de Transporte Espacial Comercial (COMSTAC) de la FAA, y es el actual presidente del Comit\u00e9 Internacional de ASTM. en vuelos espaciales comerciales, as\u00ed como ex presidente de la Asociaci\u00f3n de Exploradores Espaciales. Recibi\u00f3 un B.S. en ingenier\u00eda de sistemas en la Academia Naval de los Estados Unidos y un M.S. en ingenier\u00eda aeron\u00e1utica de la Escuela de Postgrado Naval.<\/span><\/p>\n<p><span style=\"font-weight: 400;\">Adem\u00e1s, L\u00f3pez Alegr\u00eda, nacido en Madrid, es <\/span><b>el primer astronauta nacido en Espa\u00f1a en viajar al espacio.<\/b><span style=\"font-weight: 400;\"> Tiene doble nacionalidad, americana y espa\u00f1ola.<\/span><\/p>\n<p><span style=\"font-weight: 400;\">El 28 de septiembre, adem\u00e1s de L\u00f3pez-Alegr\u00eda, podr\u00e1s disfrutar de ponencias de importantes representantes del turismo espacial y del turismo submarino y de un \u00e1rea demostrativa relacionada que sorprender\u00e1 a todos los visitantes. Todas las ponencias de las jornadas virtuales, 29 y 30, podr\u00e1n seguirse previa inscripci\u00f3n a trav\u00e9s de la plataforma virtual Medina Media Events. En \u00e9l, los asistentes podr\u00e1n agendar videoconferencias con otros participantes y ponentes, adem\u00e1s de visitar demostraciones online exclusivas.<\/span><\/p>\n<p><span style=\"font-weight: 400;\">Las conferencias <\/span><b>SUTUS 2022<\/b><span style=\"font-weight: 400;\"> podr\u00e1n seguirse a trav\u00e9s de la <\/span><b>plataforma Medina Media Events<\/b><span style=\"font-weight: 400;\">, previa inscripci\u00f3n e inscripci\u00f3n que se abrir\u00e1 un mes antes del evento. SUTUS 2022 est\u00e1 promovido por Les Roches y cuenta con el apoyo de la Consejer\u00eda de Turismo de la Junta de Andaluc\u00eda, Extenda, Turismo y Ordenaci\u00f3n de la Costa del Sol, Acosol, Pisces VI y SubMerge.\u00a0<\/span><\/p>\n","protected":false},"excerpt":{"rendered":"<p>Contar\u00e1 su experiencia como comandante de Axiom Mission 1, la primera tripulaci\u00f3n \u00edntegramente privada de la historia de la Estaci\u00f3n Espacial Internacional L\u00f3pez-Alegr\u00eda es el primer astronauta nacido en Espa\u00f1a que viaja al espacio. La jornada inaugural de SUTUS 2022 by Les Roches, el 28 de septiembre, contar\u00e1 con un ponente de referencia en el [&hellip;]<\/p>\n","protected":false},"author":4,"featured_media":7640,"comment_status":"closed","ping_status":"closed","sticky":false,"template":"","format":"standard","meta":{"_acf_changed":false,"footnotes":""},"categories":[139],"tags":[212,211,157],"class_list":["post-7637","post","type-post","status-publish","format-standard","has-post-thumbnail","hentry","category-espacio","tag-axiom-space","tag-michael-lopez-alegria","tag-sutus-es"],"acf":[],"yoast_head":"<!-- This site is optimized with the Yoast SEO plugin v27.5 - https:\/\/yoast.com\/product\/yoast-seo-wordpress\/ -->\n<title>Michael L\u00f3pez-Alegr\u00eda, Astronauta jefe de Axiom Space, En Sutus 2022 - SUTUS<\/title>\n<meta name=\"description\" content=\"MICHAEL L\u00d3PEZ-ALEGR\u00cdA, ASTRONAUTA JEFE DE AXIOM SPACE, EN SUTUS 2022.\" \/>\n<meta name=\"robots\" content=\"index, follow, max-snippet:-1, max-image-preview:large, max-video-preview:-1\" \/>\n<link rel=\"canonical\" href=\"https:\/\/sutusummit.com\/es\/michael-lopez-alegria-astronauta-jefe-de-axiom-space-en-sutus-2022\/\" \/>\n<meta property=\"og:locale\" content=\"es_ES\" \/>\n<meta property=\"og:type\" content=\"article\" \/>\n<meta property=\"og:title\" content=\"Michael L\u00f3pez-Alegr\u00eda, Astronauta jefe de Axiom Space, En Sutus 2022 - SUTUS\" \/>\n<meta property=\"og:description\" content=\"MICHAEL L\u00d3PEZ-ALEGR\u00cdA, ASTRONAUTA JEFE DE AXIOM SPACE, EN SUTUS 2022.\" \/>\n<meta property=\"og:url\" content=\"https:\/\/sutusummit.com\/es\/michael-lopez-alegria-astronauta-jefe-de-axiom-space-en-sutus-2022\/\" \/>\n<meta property=\"og:site_name\" content=\"SUTUS\" \/>\n<meta property=\"article:published_time\" content=\"2022-09-21T07:06:43+00:00\" \/>\n<meta property=\"article:modified_time\" content=\"2023-07-03T14:45:01+00:00\" \/>\n<meta property=\"og:image\" content=\"https:\/\/sutusummit.com\/web\/wp-content\/uploads\/2022\/09\/MichaelLopezAlegria.jpg\" \/>\n\t<meta property=\"og:image:width\" content=\"800\" \/>\n\t<meta property=\"og:image:height\" content=\"800\" \/>\n\t<meta property=\"og:image:type\" content=\"image\/jpeg\" \/>\n<meta name=\"author\" content=\"Maria Medina Media\" \/>\n<meta name=\"twitter:card\" content=\"summary_large_image\" \/>\n<meta name=\"twitter:label1\" content=\"Escrito por\" \/>\n\t<meta name=\"twitter:data1\" content=\"Maria Medina Media\" \/>\n\t<meta name=\"twitter:label2\" content=\"Tiempo de lectura\" \/>\n\t<meta name=\"twitter:data2\" content=\"4 minutos\" \/>\n<script type=\"application\/ld+json\" class=\"yoast-schema-graph\">{\"@context\":\"https:\\\/\\\/schema.org\",\"@graph\":[{\"@type\":\"Article\",\"@id\":\"https:\\\/\\\/sutusummit.com\\\/es\\\/michael-lopez-alegria-astronauta-jefe-de-axiom-space-en-sutus-2022\\\/#article\",\"isPartOf\":{\"@id\":\"https:\\\/\\\/sutusummit.com\\\/es\\\/michael-lopez-alegria-astronauta-jefe-de-axiom-space-en-sutus-2022\\\/\"},\"author\":{\"name\":\"Maria Medina Media\",\"@id\":\"https:\\\/\\\/sutusummit.com\\\/#\\\/schema\\\/person\\\/bac7da778f75d94a53c944f5d4726a34\"},\"headline\":\"Michael L\u00f3pez-Alegr\u00eda, Astronauta jefe de Axiom Space, En Sutus 2022\",\"datePublished\":\"2022-09-21T07:06:43+00:00\",\"dateModified\":\"2023-07-03T14:45:01+00:00\",\"mainEntityOfPage\":{\"@id\":\"https:\\\/\\\/sutusummit.com\\\/es\\\/michael-lopez-alegria-astronauta-jefe-de-axiom-space-en-sutus-2022\\\/\"},\"wordCount\":849,\"publisher\":{\"@id\":\"https:\\\/\\\/sutusummit.com\\\/#organization\"},\"image\":{\"@id\":\"https:\\\/\\\/sutusummit.com\\\/es\\\/michael-lopez-alegria-astronauta-jefe-de-axiom-space-en-sutus-2022\\\/#primaryimage\"},\"thumbnailUrl\":\"https:\\\/\\\/sutusummit.com\\\/web\\\/wp-content\\\/uploads\\\/2022\\\/09\\\/MichaelLopezAlegria.jpg\",\"keywords\":[\"Axiom Space\",\"Michael L\u00f3pez Alegr\u00eda\",\"sutus\"],\"articleSection\":[\"Espacio\"],\"inLanguage\":\"es\"},{\"@type\":\"WebPage\",\"@id\":\"https:\\\/\\\/sutusummit.com\\\/es\\\/michael-lopez-alegria-astronauta-jefe-de-axiom-space-en-sutus-2022\\\/\",\"url\":\"https:\\\/\\\/sutusummit.com\\\/es\\\/michael-lopez-alegria-astronauta-jefe-de-axiom-space-en-sutus-2022\\\/\",\"name\":\"Michael L\u00f3pez-Alegr\u00eda, Astronauta jefe de Axiom Space, En Sutus 2022 - SUTUS\",\"isPartOf\":{\"@id\":\"https:\\\/\\\/sutusummit.com\\\/#website\"},\"primaryImageOfPage\":{\"@id\":\"https:\\\/\\\/sutusummit.com\\\/es\\\/michael-lopez-alegria-astronauta-jefe-de-axiom-space-en-sutus-2022\\\/#primaryimage\"},\"image\":{\"@id\":\"https:\\\/\\\/sutusummit.com\\\/es\\\/michael-lopez-alegria-astronauta-jefe-de-axiom-space-en-sutus-2022\\\/#primaryimage\"},\"thumbnailUrl\":\"https:\\\/\\\/sutusummit.com\\\/web\\\/wp-content\\\/uploads\\\/2022\\\/09\\\/MichaelLopezAlegria.jpg\",\"datePublished\":\"2022-09-21T07:06:43+00:00\",\"dateModified\":\"2023-07-03T14:45:01+00:00\",\"description\":\"MICHAEL L\u00d3PEZ-ALEGR\u00cdA, ASTRONAUTA JEFE DE AXIOM SPACE, EN SUTUS 2022.\",\"breadcrumb\":{\"@id\":\"https:\\\/\\\/sutusummit.com\\\/es\\\/michael-lopez-alegria-astronauta-jefe-de-axiom-space-en-sutus-2022\\\/#breadcrumb\"},\"inLanguage\":\"es\",\"potentialAction\":[{\"@type\":\"ReadAction\",\"target\":[\"https:\\\/\\\/sutusummit.com\\\/es\\\/michael-lopez-alegria-astronauta-jefe-de-axiom-space-en-sutus-2022\\\/\"]}]},{\"@type\":\"ImageObject\",\"inLanguage\":\"es\",\"@id\":\"https:\\\/\\\/sutusummit.com\\\/es\\\/michael-lopez-alegria-astronauta-jefe-de-axiom-space-en-sutus-2022\\\/#primaryimage\",\"url\":\"https:\\\/\\\/sutusummit.com\\\/web\\\/wp-content\\\/uploads\\\/2022\\\/09\\\/MichaelLopezAlegria.jpg\",\"contentUrl\":\"https:\\\/\\\/sutusummit.com\\\/web\\\/wp-content\\\/uploads\\\/2022\\\/09\\\/MichaelLopezAlegria.jpg\",\"width\":800,\"height\":800},{\"@type\":\"BreadcrumbList\",\"@id\":\"https:\\\/\\\/sutusummit.com\\\/es\\\/michael-lopez-alegria-astronauta-jefe-de-axiom-space-en-sutus-2022\\\/#breadcrumb\",\"itemListElement\":[{\"@type\":\"ListItem\",\"position\":1,\"name\":\"Portada\",\"item\":\"https:\\\/\\\/sutusummit.com\\\/es\\\/\"},{\"@type\":\"ListItem\",\"position\":2,\"name\":\"Michael L\u00f3pez-Alegr\u00eda, Astronauta jefe de Axiom Space, En Sutus 2022\"}]},{\"@type\":\"WebSite\",\"@id\":\"https:\\\/\\\/sutusummit.com\\\/#website\",\"url\":\"https:\\\/\\\/sutusummit.com\\\/\",\"name\":\"SUTUS\",\"description\":\"Space &amp; Underwater Tourism Universal Summit\",\"publisher\":{\"@id\":\"https:\\\/\\\/sutusummit.com\\\/#organization\"},\"potentialAction\":[{\"@type\":\"SearchAction\",\"target\":{\"@type\":\"EntryPoint\",\"urlTemplate\":\"https:\\\/\\\/sutusummit.com\\\/?s={search_term_string}\"},\"query-input\":{\"@type\":\"PropertyValueSpecification\",\"valueRequired\":true,\"valueName\":\"search_term_string\"}}],\"inLanguage\":\"es\"},{\"@type\":\"Organization\",\"@id\":\"https:\\\/\\\/sutusummit.com\\\/#organization\",\"name\":\"SUTUS\",\"url\":\"https:\\\/\\\/sutusummit.com\\\/\",\"logo\":{\"@type\":\"ImageObject\",\"inLanguage\":\"es\",\"@id\":\"https:\\\/\\\/sutusummit.com\\\/#\\\/schema\\\/logo\\\/image\\\/\",\"url\":\"https:\\\/\\\/sutusummit.com\\\/web\\\/wp-content\\\/uploads\\\/2019\\\/01\\\/sutuscolor.png\",\"contentUrl\":\"https:\\\/\\\/sutusummit.com\\\/web\\\/wp-content\\\/uploads\\\/2019\\\/01\\\/sutuscolor.png\",\"width\":268,\"height\":85,\"caption\":\"SUTUS\"},\"image\":{\"@id\":\"https:\\\/\\\/sutusummit.com\\\/#\\\/schema\\\/logo\\\/image\\\/\"}},{\"@type\":\"Person\",\"@id\":\"https:\\\/\\\/sutusummit.com\\\/#\\\/schema\\\/person\\\/bac7da778f75d94a53c944f5d4726a34\",\"name\":\"Maria Medina Media\"}]}<\/script>\n<!-- \/ Yoast SEO plugin. -->","yoast_head_json":{"title":"Michael L\u00f3pez-Alegr\u00eda, Astronauta jefe de Axiom Space, En Sutus 2022 - SUTUS","description":"MICHAEL L\u00d3PEZ-ALEGR\u00cdA, ASTRONAUTA JEFE DE AXIOM SPACE, EN SUTUS 2022.","robots":{"index":"index","follow":"follow","max-snippet":"max-snippet:-1","max-image-preview":"max-image-preview:large","max-video-preview":"max-video-preview:-1"},"canonical":"https:\/\/sutusummit.com\/es\/michael-lopez-alegria-astronauta-jefe-de-axiom-space-en-sutus-2022\/","og_locale":"es_ES","og_type":"article","og_title":"Michael L\u00f3pez-Alegr\u00eda, Astronauta jefe de Axiom Space, En Sutus 2022 - SUTUS","og_description":"MICHAEL L\u00d3PEZ-ALEGR\u00cdA, ASTRONAUTA JEFE DE AXIOM SPACE, EN SUTUS 2022.","og_url":"https:\/\/sutusummit.com\/es\/michael-lopez-alegria-astronauta-jefe-de-axiom-space-en-sutus-2022\/","og_site_name":"SUTUS","article_published_time":"2022-09-21T07:06:43+00:00","article_modified_time":"2023-07-03T14:45:01+00:00","og_image":[{"width":800,"height":800,"url":"https:\/\/sutusummit.com\/web\/wp-content\/uploads\/2022\/09\/MichaelLopezAlegria.jpg","type":"image\/jpeg"}],"author":"Maria Medina Media","twitter_card":"summary_large_image","twitter_misc":{"Escrito por":"Maria Medina Media","Tiempo de lectura":"4 minutos"},"schema":{"@context":"https:\/\/schema.org","@graph":[{"@type":"Article","@id":"https:\/\/sutusummit.com\/es\/michael-lopez-alegria-astronauta-jefe-de-axiom-space-en-sutus-2022\/#article","isPartOf":{"@id":"https:\/\/sutusummit.com\/es\/michael-lopez-alegria-astronauta-jefe-de-axiom-space-en-sutus-2022\/"},"author":{"name":"Maria Medina Media","@id":"https:\/\/sutusummit.com\/#\/schema\/person\/bac7da778f75d94a53c944f5d4726a34"},"headline":"Michael L\u00f3pez-Alegr\u00eda, Astronauta jefe de Axiom Space, En Sutus 2022","datePublished":"2022-09-21T07:06:43+00:00","dateModified":"2023-07-03T14:45:01+00:00","mainEntityOfPage":{"@id":"https:\/\/sutusummit.com\/es\/michael-lopez-alegria-astronauta-jefe-de-axiom-space-en-sutus-2022\/"},"wordCount":849,"publisher":{"@id":"https:\/\/sutusummit.com\/#organization"},"image":{"@id":"https:\/\/sutusummit.com\/es\/michael-lopez-alegria-astronauta-jefe-de-axiom-space-en-sutus-2022\/#primaryimage"},"thumbnailUrl":"https:\/\/sutusummit.com\/web\/wp-content\/uploads\/2022\/09\/MichaelLopezAlegria.jpg","keywords":["Axiom Space","Michael L\u00f3pez Alegr\u00eda","sutus"],"articleSection":["Espacio"],"inLanguage":"es"},{"@type":"WebPage","@id":"https:\/\/sutusummit.com\/es\/michael-lopez-alegria-astronauta-jefe-de-axiom-space-en-sutus-2022\/","url":"https:\/\/sutusummit.com\/es\/michael-lopez-alegria-astronauta-jefe-de-axiom-space-en-sutus-2022\/","name":"Michael L\u00f3pez-Alegr\u00eda, Astronauta jefe de Axiom Space, En Sutus 2022 - SUTUS","isPartOf":{"@id":"https:\/\/sutusummit.com\/#website"},"primaryImageOfPage":{"@id":"https:\/\/sutusummit.com\/es\/michael-lopez-alegria-astronauta-jefe-de-axiom-space-en-sutus-2022\/#primaryimage"},"image":{"@id":"https:\/\/sutusummit.com\/es\/michael-lopez-alegria-astronauta-jefe-de-axiom-space-en-sutus-2022\/#primaryimage"},"thumbnailUrl":"https:\/\/sutusummit.com\/web\/wp-content\/uploads\/2022\/09\/MichaelLopezAlegria.jpg","datePublished":"2022-09-21T07:06:43+00:00","dateModified":"2023-07-03T14:45:01+00:00","description":"MICHAEL L\u00d3PEZ-ALEGR\u00cdA, ASTRONAUTA JEFE DE AXIOM SPACE, EN SUTUS 2022.","breadcrumb":{"@id":"https:\/\/sutusummit.com\/es\/michael-lopez-alegria-astronauta-jefe-de-axiom-space-en-sutus-2022\/#breadcrumb"},"inLanguage":"es","potentialAction":[{"@type":"ReadAction","target":["https:\/\/sutusummit.com\/es\/michael-lopez-alegria-astronauta-jefe-de-axiom-space-en-sutus-2022\/"]}]},{"@type":"ImageObject","inLanguage":"es","@id":"https:\/\/sutusummit.com\/es\/michael-lopez-alegria-astronauta-jefe-de-axiom-space-en-sutus-2022\/#primaryimage","url":"https:\/\/sutusummit.com\/web\/wp-content\/uploads\/2022\/09\/MichaelLopezAlegria.jpg","contentUrl":"https:\/\/sutusummit.com\/web\/wp-content\/uploads\/2022\/09\/MichaelLopezAlegria.jpg","width":800,"height":800},{"@type":"BreadcrumbList","@id":"https:\/\/sutusummit.com\/es\/michael-lopez-alegria-astronauta-jefe-de-axiom-space-en-sutus-2022\/#breadcrumb","itemListElement":[{"@type":"ListItem","position":1,"name":"Portada","item":"https:\/\/sutusummit.com\/es\/"},{"@type":"ListItem","position":2,"name":"Michael L\u00f3pez-Alegr\u00eda, Astronauta jefe de Axiom Space, En Sutus 2022"}]},{"@type":"WebSite","@id":"https:\/\/sutusummit.com\/#website","url":"https:\/\/sutusummit.com\/","name":"SUTUS","description":"Space &amp; Underwater Tourism Universal Summit","publisher":{"@id":"https:\/\/sutusummit.com\/#organization"},"potentialAction":[{"@type":"SearchAction","target":{"@type":"EntryPoint","urlTemplate":"https:\/\/sutusummit.com\/?s={search_term_string}"},"query-input":{"@type":"PropertyValueSpecification","valueRequired":true,"valueName":"search_term_string"}}],"inLanguage":"es"},{"@type":"Organization","@id":"https:\/\/sutusummit.com\/#organization","name":"SUTUS","url":"https:\/\/sutusummit.com\/","logo":{"@type":"ImageObject","inLanguage":"es","@id":"https:\/\/sutusummit.com\/#\/schema\/logo\/image\/","url":"https:\/\/sutusummit.com\/web\/wp-content\/uploads\/2019\/01\/sutuscolor.png","contentUrl":"https:\/\/sutusummit.com\/web\/wp-content\/uploads\/2019\/01\/sutuscolor.png","width":268,"height":85,"caption":"SUTUS"},"image":{"@id":"https:\/\/sutusummit.com\/#\/schema\/logo\/image\/"}},{"@type":"Person","@id":"https:\/\/sutusummit.com\/#\/schema\/person\/bac7da778f75d94a53c944f5d4726a34","name":"Maria Medina Media"}]}},"_links":{"self":[{"href":"https:\/\/sutusummit.com\/es\/wp-json\/wp\/v2\/posts\/7637","targetHints":{"allow":["GET"]}}],"collection":[{"href":"https:\/\/sutusummit.com\/es\/wp-json\/wp\/v2\/posts"}],"about":[{"href":"https:\/\/sutusummit.com\/es\/wp-json\/wp\/v2\/types\/post"}],"author":[{"embeddable":true,"href":"https:\/\/sutusummit.com\/es\/wp-json\/wp\/v2\/users\/4"}],"replies":[{"embeddable":true,"href":"https:\/\/sutusummit.com\/es\/wp-json\/wp\/v2\/comments?post=7637"}],"version-history":[{"count":0,"href":"https:\/\/sutusummit.com\/es\/wp-json\/wp\/v2\/posts\/7637\/revisions"}],"wp:featuredmedia":[{"embeddable":true,"href":"https:\/\/sutusummit.com\/es\/wp-json\/wp\/v2\/media\/7640"}],"wp:attachment":[{"href":"https:\/\/sutusummit.com\/es\/wp-json\/wp\/v2\/media?parent=7637"}],"wp:term":[{"taxonomy":"category","embeddable":true,"href":"https:\/\/sutusummit.com\/es\/wp-json\/wp\/v2\/categories?post=7637"},{"taxonomy":"post_tag","embeddable":true,"href":"https:\/\/sutusummit.com\/es\/wp-json\/wp\/v2\/tags?post=7637"}],"curies":[{"name":"wp","href":"https:\/\/api.w.org\/{rel}","templated":true}]}}