{"id":8003,"date":"2023-05-03T08:33:44","date_gmt":"2023-05-03T08:33:44","guid":{"rendered":"https:\/\/sutusummit.com\/sutus-2023-space-and-underwater-tourism-connect-marbella-with-switzerland\/"},"modified":"2023-05-12T12:40:50","modified_gmt":"2023-05-12T12:40:50","slug":"sutus-2023-el-turismo-espacial","status":"publish","type":"post","link":"https:\/\/sutusummit.com\/es\/sutus-2023-el-turismo-espacial\/","title":{"rendered":"SUTUS 2023: el turismo espacial y subacu\u00e1tico conectan Marbella con Suiza"},"content":{"rendered":"<ul>\n<li><strong>Se trata del \u00fanico evento que aborda esta tem\u00e1tica. Contar\u00e1 con m\u00e1s de 50 l\u00edderes procedentes de Europa, Am\u00e9rica, Asia, \u00c1frica, y Ocean\u00eda.<\/strong><\/li>\n<li><strong>Organismos como la NASA, la Agencia Espacial Europea (ESA), la Agencia Espacial Espa\u00f1ola o JAXA ,\u00a0 ya han confirmado su asistencia.<br \/>\n<\/strong><\/li>\n<li><strong>Organizada por Les Roches, una de las cuatro escuelas especializadas en formaci\u00f3n hotelera m\u00e1s destacadas del mundo, SUTUS by Les Roches revalida la capacidad de la instituci\u00f3n acad\u00e9mica para ser un activo de innovaci\u00f3n y talento dentro del sector tur\u00edstico.<br \/>\n<\/strong><\/li>\n<li><strong>La celebraci\u00f3n en los dos campus de Les Roches, en Espa\u00f1a y Suiza, aporta a SUTUS (Space &amp; Underwater Tourism Universal Summit) una nueva dimensi\u00f3n internacional, y la implicaci\u00f3n de nuevas empresas y l\u00edderes.<\/strong><\/li>\n<\/ul>\n<p><b>Marbella\/ Crans-Montana, 3 de mayo de 2023. <\/b>Los d\u00edas <b>26, 27 y 28 de septiembre,<\/b> coincidiendo con el equinoccio de oto\u00f1o, las sedes de <b>Les Roches en Espa\u00f1a y Suiza <\/b>se convertir\u00e1n en el epicentro del turismo m\u00e1s vanguardista. Futuro, espacio y universo submarino se dar\u00e1n la mano en <b>Space &amp; Underwater Tourism Universal Summit (SUTUS)<\/b>, el evento sobre turismo espacial y subacu\u00e1tico m\u00e1s destacado del mundo, y el \u00fanico en su categor\u00eda.<\/p>\n<p>El encuentro, organizado por Les Roches, escuela especializada en formaci\u00f3n hotelera y turismo de lujo, y Medina Media Events, reunir\u00e1, en su cuarta edici\u00f3n a <b>m\u00e1s de 50 ponentes, procedentes de Europa, Am\u00e9rica, Asia, \u00c1frica, y Ocean\u00eda.\u00a0<\/b><\/p>\n<p>Bajo el t\u00edtulo <b>\u201cM\u00e1s all\u00e1 de las fronteras\u201d<\/b>, SUTUS by Les Roches explorar\u00e1 nuevos territorios para acercarse a nacientes modelos de negocio en el turismo de lujo. Una oportunidad para un sector en constante crecimiento, capaz de movilizar a millones de viajeros, renovar empresas desde dentro e impulsar el esfuerzo innovador de agentes y compa\u00f1\u00edas implicadas.<\/p>\n<p>De hecho, un informe de la compa\u00f1\u00eda financiera suiza UBS de 2019 estima que los vuelos comerciales al espacio exterior podr\u00edan convertirse en una industria de\u00a023 mil millones de d\u00f3lares en 2030.\u00a0 Una tendencia que tambi\u00e9n alcanza al campo subacu\u00e1tico que ha experimentado un crecimiento significativo en las \u00faltimas d\u00e9cadas debido a la b\u00fasqueda de viajes transformadores e inolvidables. En la actualidad, el turismo representa el 40% de la econom\u00eda azul, la mayor cuota en el valor de las exportaciones, seg\u00fan la <b>Conferencia de las Naciones Unidas sobre Comercio y Desarrollo (UNCTAD).\u00a0<\/b><\/p>\n<p>\u201cDesde el a\u00f1o 2001 se tiene la posibilidad de ir a la Estaci\u00f3n Espacial Internacional como turista individual. El turismo espacial y subacu\u00e1tico ya eran una realidad en 2019 cuando naci\u00f3 SUTUS pero no exist\u00eda ning\u00fan foro de discusi\u00f3n que abordar\u00e1 estos temas de una manera profunda. En ning\u00fan lugar del mundo\u201d asegura <b>Carlos D\u00edez de la Lastra, CEO de Les Roches.\u00a0<\/b><\/p>\n<p><img loading=\"lazy\" decoding=\"async\" class=\"aligncenter wp-image-7998 size-large\" src=\"https:\/\/sutusummit.com\/web\/wp-content\/uploads\/2023\/05\/WhatsApp-Image-2023-05-d03-at-09.56.12-1024x684.jpeg\" alt=\"\" width=\"1024\" height=\"684\" srcset=\"https:\/\/sutusummit.com\/web\/wp-content\/uploads\/2023\/05\/WhatsApp-Image-2023-05-d03-at-09.56.12-1024x684.jpeg 1024w, https:\/\/sutusummit.com\/web\/wp-content\/uploads\/2023\/05\/WhatsApp-Image-2023-05-d03-at-09.56.12-300x200.jpeg 300w, https:\/\/sutusummit.com\/web\/wp-content\/uploads\/2023\/05\/WhatsApp-Image-2023-05-d03-at-09.56.12-768x513.jpeg 768w, https:\/\/sutusummit.com\/web\/wp-content\/uploads\/2023\/05\/WhatsApp-Image-2023-05-d03-at-09.56.12.jpeg 1272w\" sizes=\"auto, (max-width: 1024px) 100vw, 1024px\" \/><\/p>\n<p><b>Programa h\u00edbrido y sedes en Espa\u00f1a y Suiza<\/b><\/p>\n<p>De formato h\u00edbrido, y con dos jornadas presenciales, en <b>Marbella (Espa\u00f1a), el d\u00eda 26, y en Crans-Montana (Suiza), el d\u00eda 28,<\/b> el programa de SUTUS by Les Roches se estructurar\u00e1 en torno a paneles espec\u00edficos de expertos en materias como el papel de la industria comercial, tipos de vuelos al espacio, el perfil del viajero, los nuevos territorios en el oc\u00e9ano, el patrimonio cultural bajo las aguas o la sostenibilidad.<\/p>\n<p>SUTUS by Les Roches naci\u00f3 en 2019 con la vocaci\u00f3n de ser un referente del turismo de experiencias, reforzando el protagonismo de nuestro pa\u00eds como potencia tur\u00edstica mundial, y el valor de una instituci\u00f3n como Les Roches, cuarta escuela de formaci\u00f3n hotelera m\u00e1s importante del mundo, donde sus alumnos se desarrollan en la multiculturalidad, el liderazgo y en las habilidades de emprendimiento. 2023 marca el inicio de una nueva etapa para SUTUS by Les Roches, que extiende sus jornadas a Suiza, para alcanzar una nueva dimensi\u00f3n internacional.<\/p>\n<p>\u201cEn Les Roches trabajamos para formar a los que ser\u00e1n los l\u00edderes del turismo en una o dos d\u00e9cadas, as\u00ed que nos esforzamos en crear eventos y establecer sinergias con los expertos y emprendedores que ya est\u00e1n dise\u00f1ando ese futuro. SUTUS by Les Roches es un reflejo de este compromiso. La industria tur\u00edstica espacial y subacu\u00e1tica, que a\u00fan se est\u00e1 esbozando, necesita estar respaldada por profesionales que puedan aportar valor. Ampliar SUTUS al campus de Crans-Montana en Suiza nos permitir\u00e1 conectar con un nuevo ecosistema emprendedor, ampliar la red de networking, y alcanzar a m\u00e1s participantes. Es una oportunidad magnifica para todos y un orgullo para los que hace 10 a\u00f1os so\u00f1\u00e1bamos con construir un evento como este\u201d comenta <b>Carlos D\u00edez de la Lastra,<\/b> CEO de Les Roches.<\/p>\n<p><b>Mano Soler,<\/b> director del campus de Les Roches en Marbella, reafirma el valor de SUTUS: \u201cMarbella es una ciudad que resume todo lo que es Les Roches, internacionalidad, dinamismo, lujo, y excelencia, y es aqu\u00ed donde tendremos la jornada inaugural, porque nuestro objetivo es que SUTUS contribuya tambi\u00e9n al fortalecimiento de la marca Costa del Sol. Ese d\u00eda, los representantes de las agencias espaciales m\u00e1s importantes del mundo y los l\u00edderes de los proyectos que marcar\u00e1n el rumbo del turismo dentro de unos a\u00f1os tendr\u00e1n sus ojos puestos aqu\u00ed, en Marbella.\u201d<\/p>\n<p>A lo largo de los pr\u00f3ximos meses, los organizadores ir\u00e1n anunciando las novedades de SUTUS 2023 (<a href=\"http:\/\/www.sutusummit.com\/\">www.sutusummit.com<\/a>) hasta completar la agenda del evento.<\/p>\n<p><b>Sobre Les Roches<\/b><\/p>\n<p>Les Roches es una instituci\u00f3n suiza enfocada en crear las mentes innovadoras y emprendedoras del ma\u00f1ana. Fundada en 1954, Les Roches ofrece titulaciones de grado y posgrado en Gesti\u00f3n Hotelera y Turismo siguiendo el modelo educativo suizo. Con campus en Suiza y Espa\u00f1a, y un cuerpo estudiantil de m\u00e1s de 100 nacionalidades diferentes, la instituci\u00f3n brinda a sus alumnos una experiencia \u00fanica basada en la diversidad cultural. Desde 2021, Les Roches tambi\u00e9n tiene una alianza acad\u00e9mica con la Indian School of Hospitality (ISH) con un campus asociado en Gurugram (Delhi NCR).<\/p>\n<p>Les Roches se encuentra entre las 4 mejores instituciones del mundo de educaci\u00f3n superior en gesti\u00f3n de la industria del hospitality (QS World University Rankings, 2023). Parte de Sommet Education, l\u00edder mundial en educaci\u00f3n hotelera, Les Roches est\u00e1 acreditada por la Comisi\u00f3n de Educaci\u00f3n Superior de Nueva Inglaterra (NECHE).<\/p>\n<p>Para m\u00e1s informaci\u00f3n, visite <a href=\"http:\/\/www.lesroches.edu\/\">Les Roches.<\/a><\/p>\n","protected":false},"excerpt":{"rendered":"<p>Se trata del \u00fanico evento que aborda esta tem\u00e1tica. Contar\u00e1 con m\u00e1s de 50 l\u00edderes procedentes de Europa, Am\u00e9rica, Asia, \u00c1frica, y Ocean\u00eda. Organismos como la NASA, la Agencia Espacial Europea (ESA), la Agencia Espacial Espa\u00f1ola o JAXA ,\u00a0 ya han confirmado su asistencia. Organizada por Les Roches, una de las cuatro escuelas especializadas en [&hellip;]<\/p>\n","protected":false},"author":6,"featured_media":8000,"comment_status":"closed","ping_status":"closed","sticky":false,"template":"","format":"standard","meta":{"_acf_changed":false,"footnotes":""},"categories":[100],"tags":[217],"class_list":["post-8003","post","type-post","status-publish","format-standard","has-post-thumbnail","hentry","category-evento","tag-sutus-by-les-roches"],"acf":[],"yoast_head":"<!-- This site is optimized with the Yoast SEO plugin v27.5 - https:\/\/yoast.com\/product\/yoast-seo-wordpress\/ -->\n<title>SUTUS 2023: el turismo espacial y subacu\u00e1tico conectan Marbella con Suiza - SUTUS<\/title>\n<meta name=\"robots\" content=\"index, follow, max-snippet:-1, max-image-preview:large, max-video-preview:-1\" \/>\n<link rel=\"canonical\" href=\"https:\/\/sutusummit.com\/es\/sutus-2023-el-turismo-espacial\/\" \/>\n<meta property=\"og:locale\" content=\"es_ES\" \/>\n<meta property=\"og:type\" content=\"article\" \/>\n<meta property=\"og:title\" content=\"SUTUS 2023: el turismo espacial y subacu\u00e1tico conectan Marbella con Suiza - SUTUS\" \/>\n<meta property=\"og:description\" content=\"Se trata del \u00fanico evento que aborda esta tem\u00e1tica. Contar\u00e1 con m\u00e1s de 50 l\u00edderes procedentes de Europa, Am\u00e9rica, Asia, \u00c1frica, y Ocean\u00eda. Organismos como la NASA, la Agencia Espacial Europea (ESA), la Agencia Espacial Espa\u00f1ola o JAXA ,\u00a0 ya han confirmado su asistencia. Organizada por Les Roches, una de las cuatro escuelas especializadas en [&hellip;]\" \/>\n<meta property=\"og:url\" content=\"https:\/\/sutusummit.com\/es\/sutus-2023-el-turismo-espacial\/\" \/>\n<meta property=\"og:site_name\" content=\"SUTUS\" \/>\n<meta property=\"article:published_time\" content=\"2023-05-03T08:33:44+00:00\" \/>\n<meta property=\"article:modified_time\" content=\"2023-05-12T12:40:50+00:00\" \/>\n<meta property=\"og:image\" content=\"https:\/\/sutusummit.com\/web\/wp-content\/uploads\/2023\/05\/WhatsApp-Image-2023-05-03-at-09.56.12.jpeg\" \/>\n\t<meta property=\"og:image:width\" content=\"900\" \/>\n\t<meta property=\"og:image:height\" content=\"555\" \/>\n\t<meta property=\"og:image:type\" content=\"image\/jpeg\" \/>\n<meta name=\"author\" content=\"Gloria\/Sara MME\" \/>\n<meta name=\"twitter:card\" content=\"summary_large_image\" \/>\n<meta name=\"twitter:label1\" content=\"Escrito por\" \/>\n\t<meta name=\"twitter:data1\" content=\"Gloria\/Sara MME\" \/>\n\t<meta name=\"twitter:label2\" content=\"Tiempo de lectura\" \/>\n\t<meta name=\"twitter:data2\" content=\"7 minutos\" \/>\n<script type=\"application\/ld+json\" class=\"yoast-schema-graph\">{\"@context\":\"https:\\\/\\\/schema.org\",\"@graph\":[{\"@type\":\"Article\",\"@id\":\"https:\\\/\\\/sutusummit.com\\\/es\\\/sutus-2023-el-turismo-espacial\\\/#article\",\"isPartOf\":{\"@id\":\"https:\\\/\\\/sutusummit.com\\\/es\\\/sutus-2023-el-turismo-espacial\\\/\"},\"author\":{\"name\":\"Gloria\\\/Sara MME\",\"@id\":\"https:\\\/\\\/sutusummit.com\\\/#\\\/schema\\\/person\\\/b38a12de5ff0f3221868c58fdf3e1978\"},\"headline\":\"SUTUS 2023: el turismo espacial y subacu\u00e1tico conectan Marbella con Suiza\",\"datePublished\":\"2023-05-03T08:33:44+00:00\",\"dateModified\":\"2023-05-12T12:40:50+00:00\",\"mainEntityOfPage\":{\"@id\":\"https:\\\/\\\/sutusummit.com\\\/es\\\/sutus-2023-el-turismo-espacial\\\/\"},\"wordCount\":1086,\"publisher\":{\"@id\":\"https:\\\/\\\/sutusummit.com\\\/#organization\"},\"image\":{\"@id\":\"https:\\\/\\\/sutusummit.com\\\/es\\\/sutus-2023-el-turismo-espacial\\\/#primaryimage\"},\"thumbnailUrl\":\"https:\\\/\\\/sutusummit.com\\\/web\\\/wp-content\\\/uploads\\\/2023\\\/05\\\/WhatsApp-Image-2023-05-03-at-09.56.12.jpeg\",\"keywords\":[\"SUTUS by Les Roches\"],\"articleSection\":[\"Evento\"],\"inLanguage\":\"es\"},{\"@type\":\"WebPage\",\"@id\":\"https:\\\/\\\/sutusummit.com\\\/es\\\/sutus-2023-el-turismo-espacial\\\/\",\"url\":\"https:\\\/\\\/sutusummit.com\\\/es\\\/sutus-2023-el-turismo-espacial\\\/\",\"name\":\"SUTUS 2023: el turismo espacial y subacu\u00e1tico conectan Marbella con Suiza - SUTUS\",\"isPartOf\":{\"@id\":\"https:\\\/\\\/sutusummit.com\\\/#website\"},\"primaryImageOfPage\":{\"@id\":\"https:\\\/\\\/sutusummit.com\\\/es\\\/sutus-2023-el-turismo-espacial\\\/#primaryimage\"},\"image\":{\"@id\":\"https:\\\/\\\/sutusummit.com\\\/es\\\/sutus-2023-el-turismo-espacial\\\/#primaryimage\"},\"thumbnailUrl\":\"https:\\\/\\\/sutusummit.com\\\/web\\\/wp-content\\\/uploads\\\/2023\\\/05\\\/WhatsApp-Image-2023-05-03-at-09.56.12.jpeg\",\"datePublished\":\"2023-05-03T08:33:44+00:00\",\"dateModified\":\"2023-05-12T12:40:50+00:00\",\"breadcrumb\":{\"@id\":\"https:\\\/\\\/sutusummit.com\\\/es\\\/sutus-2023-el-turismo-espacial\\\/#breadcrumb\"},\"inLanguage\":\"es\",\"potentialAction\":[{\"@type\":\"ReadAction\",\"target\":[\"https:\\\/\\\/sutusummit.com\\\/es\\\/sutus-2023-el-turismo-espacial\\\/\"]}]},{\"@type\":\"ImageObject\",\"inLanguage\":\"es\",\"@id\":\"https:\\\/\\\/sutusummit.com\\\/es\\\/sutus-2023-el-turismo-espacial\\\/#primaryimage\",\"url\":\"https:\\\/\\\/sutusummit.com\\\/web\\\/wp-content\\\/uploads\\\/2023\\\/05\\\/WhatsApp-Image-2023-05-03-at-09.56.12.jpeg\",\"contentUrl\":\"https:\\\/\\\/sutusummit.com\\\/web\\\/wp-content\\\/uploads\\\/2023\\\/05\\\/WhatsApp-Image-2023-05-03-at-09.56.12.jpeg\",\"width\":900,\"height\":555},{\"@type\":\"BreadcrumbList\",\"@id\":\"https:\\\/\\\/sutusummit.com\\\/es\\\/sutus-2023-el-turismo-espacial\\\/#breadcrumb\",\"itemListElement\":[{\"@type\":\"ListItem\",\"position\":1,\"name\":\"Portada\",\"item\":\"https:\\\/\\\/sutusummit.com\\\/es\\\/\"},{\"@type\":\"ListItem\",\"position\":2,\"name\":\"SUTUS 2023: el turismo espacial y subacu\u00e1tico conectan Marbella con Suiza\"}]},{\"@type\":\"WebSite\",\"@id\":\"https:\\\/\\\/sutusummit.com\\\/#website\",\"url\":\"https:\\\/\\\/sutusummit.com\\\/\",\"name\":\"SUTUS\",\"description\":\"Space &amp; Underwater Tourism Universal Summit\",\"publisher\":{\"@id\":\"https:\\\/\\\/sutusummit.com\\\/#organization\"},\"potentialAction\":[{\"@type\":\"SearchAction\",\"target\":{\"@type\":\"EntryPoint\",\"urlTemplate\":\"https:\\\/\\\/sutusummit.com\\\/?s={search_term_string}\"},\"query-input\":{\"@type\":\"PropertyValueSpecification\",\"valueRequired\":true,\"valueName\":\"search_term_string\"}}],\"inLanguage\":\"es\"},{\"@type\":\"Organization\",\"@id\":\"https:\\\/\\\/sutusummit.com\\\/#organization\",\"name\":\"SUTUS\",\"url\":\"https:\\\/\\\/sutusummit.com\\\/\",\"logo\":{\"@type\":\"ImageObject\",\"inLanguage\":\"es\",\"@id\":\"https:\\\/\\\/sutusummit.com\\\/#\\\/schema\\\/logo\\\/image\\\/\",\"url\":\"https:\\\/\\\/sutusummit.com\\\/web\\\/wp-content\\\/uploads\\\/2019\\\/01\\\/sutuscolor.png\",\"contentUrl\":\"https:\\\/\\\/sutusummit.com\\\/web\\\/wp-content\\\/uploads\\\/2019\\\/01\\\/sutuscolor.png\",\"width\":268,\"height\":85,\"caption\":\"SUTUS\"},\"image\":{\"@id\":\"https:\\\/\\\/sutusummit.com\\\/#\\\/schema\\\/logo\\\/image\\\/\"}},{\"@type\":\"Person\",\"@id\":\"https:\\\/\\\/sutusummit.com\\\/#\\\/schema\\\/person\\\/b38a12de5ff0f3221868c58fdf3e1978\",\"name\":\"Gloria\\\/Sara MME\"}]}<\/script>\n<!-- \/ Yoast SEO plugin. -->","yoast_head_json":{"title":"SUTUS 2023: el turismo espacial y subacu\u00e1tico conectan Marbella con Suiza - SUTUS","robots":{"index":"index","follow":"follow","max-snippet":"max-snippet:-1","max-image-preview":"max-image-preview:large","max-video-preview":"max-video-preview:-1"},"canonical":"https:\/\/sutusummit.com\/es\/sutus-2023-el-turismo-espacial\/","og_locale":"es_ES","og_type":"article","og_title":"SUTUS 2023: el turismo espacial y subacu\u00e1tico conectan Marbella con Suiza - SUTUS","og_description":"Se trata del \u00fanico evento que aborda esta tem\u00e1tica. Contar\u00e1 con m\u00e1s de 50 l\u00edderes procedentes de Europa, Am\u00e9rica, Asia, \u00c1frica, y Ocean\u00eda. Organismos como la NASA, la Agencia Espacial Europea (ESA), la Agencia Espacial Espa\u00f1ola o JAXA ,\u00a0 ya han confirmado su asistencia. Organizada por Les Roches, una de las cuatro escuelas especializadas en [&hellip;]","og_url":"https:\/\/sutusummit.com\/es\/sutus-2023-el-turismo-espacial\/","og_site_name":"SUTUS","article_published_time":"2023-05-03T08:33:44+00:00","article_modified_time":"2023-05-12T12:40:50+00:00","og_image":[{"width":900,"height":555,"url":"https:\/\/sutusummit.com\/web\/wp-content\/uploads\/2023\/05\/WhatsApp-Image-2023-05-03-at-09.56.12.jpeg","type":"image\/jpeg"}],"author":"Gloria\/Sara MME","twitter_card":"summary_large_image","twitter_misc":{"Escrito por":"Gloria\/Sara MME","Tiempo de lectura":"7 minutos"},"schema":{"@context":"https:\/\/schema.org","@graph":[{"@type":"Article","@id":"https:\/\/sutusummit.com\/es\/sutus-2023-el-turismo-espacial\/#article","isPartOf":{"@id":"https:\/\/sutusummit.com\/es\/sutus-2023-el-turismo-espacial\/"},"author":{"name":"Gloria\/Sara MME","@id":"https:\/\/sutusummit.com\/#\/schema\/person\/b38a12de5ff0f3221868c58fdf3e1978"},"headline":"SUTUS 2023: el turismo espacial y subacu\u00e1tico conectan Marbella con Suiza","datePublished":"2023-05-03T08:33:44+00:00","dateModified":"2023-05-12T12:40:50+00:00","mainEntityOfPage":{"@id":"https:\/\/sutusummit.com\/es\/sutus-2023-el-turismo-espacial\/"},"wordCount":1086,"publisher":{"@id":"https:\/\/sutusummit.com\/#organization"},"image":{"@id":"https:\/\/sutusummit.com\/es\/sutus-2023-el-turismo-espacial\/#primaryimage"},"thumbnailUrl":"https:\/\/sutusummit.com\/web\/wp-content\/uploads\/2023\/05\/WhatsApp-Image-2023-05-03-at-09.56.12.jpeg","keywords":["SUTUS by Les Roches"],"articleSection":["Evento"],"inLanguage":"es"},{"@type":"WebPage","@id":"https:\/\/sutusummit.com\/es\/sutus-2023-el-turismo-espacial\/","url":"https:\/\/sutusummit.com\/es\/sutus-2023-el-turismo-espacial\/","name":"SUTUS 2023: el turismo espacial y subacu\u00e1tico conectan Marbella con Suiza - SUTUS","isPartOf":{"@id":"https:\/\/sutusummit.com\/#website"},"primaryImageOfPage":{"@id":"https:\/\/sutusummit.com\/es\/sutus-2023-el-turismo-espacial\/#primaryimage"},"image":{"@id":"https:\/\/sutusummit.com\/es\/sutus-2023-el-turismo-espacial\/#primaryimage"},"thumbnailUrl":"https:\/\/sutusummit.com\/web\/wp-content\/uploads\/2023\/05\/WhatsApp-Image-2023-05-03-at-09.56.12.jpeg","datePublished":"2023-05-03T08:33:44+00:00","dateModified":"2023-05-12T12:40:50+00:00","breadcrumb":{"@id":"https:\/\/sutusummit.com\/es\/sutus-2023-el-turismo-espacial\/#breadcrumb"},"inLanguage":"es","potentialAction":[{"@type":"ReadAction","target":["https:\/\/sutusummit.com\/es\/sutus-2023-el-turismo-espacial\/"]}]},{"@type":"ImageObject","inLanguage":"es","@id":"https:\/\/sutusummit.com\/es\/sutus-2023-el-turismo-espacial\/#primaryimage","url":"https:\/\/sutusummit.com\/web\/wp-content\/uploads\/2023\/05\/WhatsApp-Image-2023-05-03-at-09.56.12.jpeg","contentUrl":"https:\/\/sutusummit.com\/web\/wp-content\/uploads\/2023\/05\/WhatsApp-Image-2023-05-03-at-09.56.12.jpeg","width":900,"height":555},{"@type":"BreadcrumbList","@id":"https:\/\/sutusummit.com\/es\/sutus-2023-el-turismo-espacial\/#breadcrumb","itemListElement":[{"@type":"ListItem","position":1,"name":"Portada","item":"https:\/\/sutusummit.com\/es\/"},{"@type":"ListItem","position":2,"name":"SUTUS 2023: el turismo espacial y subacu\u00e1tico conectan Marbella con Suiza"}]},{"@type":"WebSite","@id":"https:\/\/sutusummit.com\/#website","url":"https:\/\/sutusummit.com\/","name":"SUTUS","description":"Space &amp; Underwater Tourism Universal Summit","publisher":{"@id":"https:\/\/sutusummit.com\/#organization"},"potentialAction":[{"@type":"SearchAction","target":{"@type":"EntryPoint","urlTemplate":"https:\/\/sutusummit.com\/?s={search_term_string}"},"query-input":{"@type":"PropertyValueSpecification","valueRequired":true,"valueName":"search_term_string"}}],"inLanguage":"es"},{"@type":"Organization","@id":"https:\/\/sutusummit.com\/#organization","name":"SUTUS","url":"https:\/\/sutusummit.com\/","logo":{"@type":"ImageObject","inLanguage":"es","@id":"https:\/\/sutusummit.com\/#\/schema\/logo\/image\/","url":"https:\/\/sutusummit.com\/web\/wp-content\/uploads\/2019\/01\/sutuscolor.png","contentUrl":"https:\/\/sutusummit.com\/web\/wp-content\/uploads\/2019\/01\/sutuscolor.png","width":268,"height":85,"caption":"SUTUS"},"image":{"@id":"https:\/\/sutusummit.com\/#\/schema\/logo\/image\/"}},{"@type":"Person","@id":"https:\/\/sutusummit.com\/#\/schema\/person\/b38a12de5ff0f3221868c58fdf3e1978","name":"Gloria\/Sara MME"}]}},"_links":{"self":[{"href":"https:\/\/sutusummit.com\/es\/wp-json\/wp\/v2\/posts\/8003","targetHints":{"allow":["GET"]}}],"collection":[{"href":"https:\/\/sutusummit.com\/es\/wp-json\/wp\/v2\/posts"}],"about":[{"href":"https:\/\/sutusummit.com\/es\/wp-json\/wp\/v2\/types\/post"}],"author":[{"embeddable":true,"href":"https:\/\/sutusummit.com\/es\/wp-json\/wp\/v2\/users\/6"}],"replies":[{"embeddable":true,"href":"https:\/\/sutusummit.com\/es\/wp-json\/wp\/v2\/comments?post=8003"}],"version-history":[{"count":0,"href":"https:\/\/sutusummit.com\/es\/wp-json\/wp\/v2\/posts\/8003\/revisions"}],"wp:featuredmedia":[{"embeddable":true,"href":"https:\/\/sutusummit.com\/es\/wp-json\/wp\/v2\/media\/8000"}],"wp:attachment":[{"href":"https:\/\/sutusummit.com\/es\/wp-json\/wp\/v2\/media?parent=8003"}],"wp:term":[{"taxonomy":"category","embeddable":true,"href":"https:\/\/sutusummit.com\/es\/wp-json\/wp\/v2\/categories?post=8003"},{"taxonomy":"post_tag","embeddable":true,"href":"https:\/\/sutusummit.com\/es\/wp-json\/wp\/v2\/tags?post=8003"}],"curies":[{"name":"wp","href":"https:\/\/api.w.org\/{rel}","templated":true}]}}