{"id":8155,"date":"2023-07-13T08:52:15","date_gmt":"2023-07-13T08:52:15","guid":{"rendered":"https:\/\/sutusummit.com\/?p=8155"},"modified":"2023-07-18T11:17:24","modified_gmt":"2023-07-18T11:17:24","slug":"la-industria-espacial-necesitara-personal-altamente-cualificado-en-2030","status":"publish","type":"post","link":"https:\/\/sutusummit.com\/es\/la-industria-espacial-necesitara-personal-altamente-cualificado-en-2030\/","title":{"rendered":"\u201cLa industria espacial necesitar\u00e1 personal altamente cualificado en 2030\u201d"},"content":{"rendered":"<ul>\n<li aria-level=\"1\"><b>La Universidad Internacional del Espacio (ISU) hablar\u00e1 en SUTUS 23 by Les Roches sobre las oportunidades que tienen los j\u00f3venes de trabajar en la industria espacial.<\/b><\/li>\n<\/ul>\n<ul>\n<li aria-level=\"1\"><b>La presidenta de la ISU, Pascale Ehrenfreund, ha confirmado su participaci\u00f3n en la cuarta edici\u00f3n de este evento pionero a nivel mundial, que se celebrar\u00e1 en Marbella del 26 al 28 de Septiembre.<\/b><\/li>\n<li aria-level=\"1\"><b>Ehrenfreund considera que \u201cla industria espacial necesitar\u00e1 mano de obra altamente calificada y multidisciplinar para 2030\u201d. <\/b><\/li>\n<\/ul>\n<p><b>Cada vez son m\u00e1s los j\u00f3venes que se quieren dedicar al mundo espacial<\/b> <b>y no les va a faltar trabajo<\/b><span style=\"font-weight: 400;\">. \u201cLa industria espacial necesitar\u00e1 mano de obra altamente cualificada para 2030\u201d, afirma la presidenta de la Universidad Internacional del Espacio (ISU), la astrobi\u00f3loga austriaca Pascale Ehrenfreund, una de las eminencias mundiales m\u00e1s importantes en materia espacial.<\/span><\/p>\n<p><span style=\"font-weight: 400;\">\u201cEl espacio forma parte de nuestra vida diaria. Hay unos 8000 sat\u00e9lites que ayudan en much\u00edsimas actividades de nuestro d\u00eda a d\u00eda: Navegaci\u00f3n, Telecomunicaci\u00f3n, Gesti\u00f3n de Desastres, Emergencias, Log\u00edstica,\u00a0 Agricultura y muchas m\u00e1s\u201d, resalta Ehrenfreund, que participar\u00e1 en la cuarta edici\u00f3n de SUTUS by Les Roches, del 26 al 28 de Septiembre en Marbella.<\/span><\/p>\n<p><span style=\"font-weight: 400;\">SUTUS (Space &amp; Underwater Tourism Universal Summit) es un evento pionero que desde 2019 aborda conjuntamente el Espacio y el Mundo Submarino como las dos fronteras que actualmente tiene el ser humano y el Turismo de Lujo a nivel mundial.<\/span><\/p>\n<p><b>Pascale Ehrenfreund<\/b><span style=\"font-weight: 400;\"> considera que la formaci\u00f3n espacial en unos a\u00f1os va a ser fundamental para que el mundo avance: \u201cLa industria espacial experimenta un r\u00e1pido crecimiento en todos los sectores, por lo que<\/span><b> necesitar\u00e1 personal altamente cualificado para 2030\u201d.\u00a0<\/b><\/p>\n<p><b>\u201cEn Europa van a hacer falta en los pr\u00f3ximos a\u00f1os unos 3000 expertos y que otros 6.000 se reciclen para atender toda la demanda que va a haber. Los perfiles ser\u00e1n multidisciplinares, no solamente ingenieros aeron\u00e1uticos <\/b><span style=\"font-weight: 400;\">Por ello, la ISU ha desarrollado un nuevo y acreditado programa de m\u00e1ster que integra las tendencias de la econom\u00eda espacial mundial para proporcionar conocimientos de vanguardia que abarcan todos los aspectos del \u00e1mbito espacial<\/span><b>\u201d, <\/b><span style=\"font-weight: 400;\">avanza la presidenta de la Universidad Internacional del Espacio (ISU), con sede en Estrasburgo (Francia) y que ya alberga a m\u00e1s de 5.400 alumnos de 110 pa\u00edses.<\/span><\/p>\n<p><span style=\"font-weight: 400;\">Ehrenfreund hablar\u00e1 en SUTUS sobre la <\/span><b>evoluci\u00f3n din\u00e1mica del sector espacial<\/b><span style=\"font-weight: 400;\">. En la era actual del sector espacial, donde el progreso se mueve a un ritmo exponencial, \u201c<\/span><b>dar forma a la futura mano de obra requiere una exploraci\u00f3n profunda<\/b><span style=\"font-weight: 400;\"> de los r\u00e1pidos avances y transformaciones que tienen lugar en la industria espacial\u201d.\u00a0\u00a0<\/span><\/p>\n<p><span style=\"font-weight: 400;\">Con un enfoque en los cambios inminentes en los trabajadores del sector, su presentaci\u00f3n en SUTUS 23 abordar\u00e1 las estrategias, las habilidades y los preparativos necesarios para navegar esta emocionante frontera.<\/span><\/p>\n<p><b>Un asteroide llamado Ehrenfreund<\/b><\/p>\n<p><img loading=\"lazy\" decoding=\"async\" class=\"aligncenter wp-image-8158 size-large\" src=\"https:\/\/sutusummit.com\/web\/wp-content\/uploads\/2023\/07\/WhatsApp-Image-2023-07-13-at-10.49.36-1024x682.jpeg\" alt=\"\" width=\"1024\" height=\"682\" srcset=\"https:\/\/sutusummit.com\/web\/wp-content\/uploads\/2023\/07\/WhatsApp-Image-2023-07-13-at-10.49.36-1024x682.jpeg 1024w, https:\/\/sutusummit.com\/web\/wp-content\/uploads\/2023\/07\/WhatsApp-Image-2023-07-13-at-10.49.36-300x200.jpeg 300w, https:\/\/sutusummit.com\/web\/wp-content\/uploads\/2023\/07\/WhatsApp-Image-2023-07-13-at-10.49.36-768x512.jpeg 768w, https:\/\/sutusummit.com\/web\/wp-content\/uploads\/2023\/07\/WhatsApp-Image-2023-07-13-at-10.49.36-1536x1023.jpeg 1536w, https:\/\/sutusummit.com\/web\/wp-content\/uploads\/2023\/07\/WhatsApp-Image-2023-07-13-at-10.49.36.jpeg 1600w\" sizes=\"auto, (max-width: 1024px) 100vw, 1024px\" \/><\/p>\n<p><span style=\"font-weight: 400;\">SUTUS re\u00fane a ponentes de referencia internacional para tratar los retos m\u00e1s ambiciosos del sector tur\u00edstico, el espacio y el agua. Ehrenfreund est\u00e1 considerada como una de las <\/span><b>astrobi\u00f3logas m\u00e1s importantes del mundo<\/b><span style=\"font-weight: 400;\">, tambi\u00e9n es profesora de Investigaci\u00f3n de Pol\u00edtica Espacial y Asuntos Internacionales en el Instituto de Pol\u00edtica Espacial, y ha contribuido durante las tres \u00faltimas d\u00e9cadas como investigadora principal, co-investigadora y jefa de equipo en misiones astron\u00f3micas y planetarias de la <\/span><b>ESA y NASA<\/b><span style=\"font-weight: 400;\">. Como dato curioso, el <\/span><b>asteroide \u201c9826 Ehrenfreund 2114 T-3\u201d lleva su nombre.\u00a0<\/b><\/p>\n<p><span style=\"font-weight: 400;\">Tal y como afirm\u00f3 Pascale Ehrenfreund en la pasada edici\u00f3n de SUTUS by Les Roches, se antoja fundamental \u201cla <\/span><b>formaci\u00f3n de los m\u00e1s j\u00f3venes <\/b><span style=\"font-weight: 400;\">para que puedan llegar a ser los futuros l\u00edderes del espacio\u201d.<\/span><\/p>\n<p><b>La ISU, m\u00e1s de tres d\u00e9cadas dedicadas a la formaci\u00f3n de expertos espaciales<\/b><\/p>\n<p><b>La ISU (International Space University) <\/b><span style=\"font-weight: 400;\">fue fundada en 1987 con el prop\u00f3sito de fomentar el avance y la exploraci\u00f3n del espacio exterior con un enfoque pac\u00edfico. Su labor se centra en la investigaci\u00f3n, el descubrimiento y el desarrollo de proyectos espaciales a trav\u00e9s de un enfoque educativo internacional y multidisciplinar, as\u00ed como de programas de investigaci\u00f3n y desarrollo.\u00a0<\/span><\/p>\n<p><span style=\"font-weight: 400;\">La fundaci\u00f3n de la ISU se bas\u00f3 en tres principios fundamentales: <\/span><b>la interdisciplinariedad, la interculturalidad y la creaci\u00f3n de un entorno internacional. <\/b><span style=\"font-weight: 400;\">Estos principios tienen como objetivo principal la formaci\u00f3n y captaci\u00f3n de profesionales especializados en el campo espacial.\u00a0<\/span><\/p>\n<p><b>Sobre Les Roches<\/b><\/p>\n<p><span style=\"font-weight: 400;\">Les Roches es una instituci\u00f3n suiza enfocada en crear las mentes innovadoras y emprendedoras del ma\u00f1ana. Fundada en 1954, Les Roches ofrece titulaciones de grado y posgrado en Gesti\u00f3n Hotelera y Turismo siguiendo el modelo educativo suizo. Con campus en Suiza y Espa\u00f1a, y un cuerpo estudiantil de m\u00e1s de 100 nacionalidades diferentes, la instituci\u00f3n brinda a sus alumnos una experiencia \u00fanica basada en la diversidad cultural. Desde 2021, Les Roches tambi\u00e9n tiene una alianza acad\u00e9mica con la Indian School of Hospitality (ISH) con un campus asociado en Gurugram (Delhi NCR).<\/span><\/p>\n<p><span style=\"font-weight: 400;\">Les Roches se encuentra entre las 4 mejores instituciones del mundo de educaci\u00f3n superior en gesti\u00f3n de la industria del hospitality (QS World University Rankings, 2023). Parte de Sommet Education, l\u00edder mundial en educaci\u00f3n hotelera, Les Roches est\u00e1 acreditada por la Comisi\u00f3n de Educaci\u00f3n Superior de Nueva Inglaterra (NECHE).<\/span><\/p>\n<p><span style=\"font-weight: 400;\">Para m\u00e1s informaci\u00f3n, visite<\/span><a href=\"http:\/\/www.lesroches.edu\/\"><span style=\"font-weight: 400;\"> Les Roches.<\/span><\/a><\/p>\n","protected":false},"excerpt":{"rendered":"<p>La Universidad Internacional del Espacio (ISU) hablar\u00e1 en SUTUS 23 by Les Roches sobre las oportunidades que tienen los j\u00f3venes de trabajar en la industria espacial. La presidenta de la ISU, Pascale Ehrenfreund, ha confirmado su participaci\u00f3n en la cuarta edici\u00f3n de este evento pionero a nivel mundial, que se celebrar\u00e1 en Marbella del 26 [&hellip;]<\/p>\n","protected":false},"author":6,"featured_media":8156,"comment_status":"closed","ping_status":"closed","sticky":false,"template":"","format":"standard","meta":{"_acf_changed":false,"footnotes":""},"categories":[139],"tags":[],"class_list":["post-8155","post","type-post","status-publish","format-standard","has-post-thumbnail","hentry","category-espacio"],"acf":[],"yoast_head":"<!-- This site is optimized with the Yoast SEO plugin v27.5 - https:\/\/yoast.com\/product\/yoast-seo-wordpress\/ -->\n<title>\u201cLa industria espacial necesitar\u00e1 personal altamente cualificado en 2030\u201d - SUTUS<\/title>\n<meta name=\"robots\" content=\"index, follow, max-snippet:-1, max-image-preview:large, max-video-preview:-1\" \/>\n<link rel=\"canonical\" href=\"https:\/\/sutusummit.com\/es\/la-industria-espacial-necesitara-personal-altamente-cualificado-en-2030\/\" \/>\n<meta property=\"og:locale\" content=\"es_ES\" \/>\n<meta property=\"og:type\" content=\"article\" \/>\n<meta property=\"og:title\" content=\"\u201cLa industria espacial necesitar\u00e1 personal altamente cualificado en 2030\u201d - SUTUS\" \/>\n<meta property=\"og:description\" content=\"La Universidad Internacional del Espacio (ISU) hablar\u00e1 en SUTUS 23 by Les Roches sobre las oportunidades que tienen los j\u00f3venes de trabajar en la industria espacial. La presidenta de la ISU, Pascale Ehrenfreund, ha confirmado su participaci\u00f3n en la cuarta edici\u00f3n de este evento pionero a nivel mundial, que se celebrar\u00e1 en Marbella del 26 [&hellip;]\" \/>\n<meta property=\"og:url\" content=\"https:\/\/sutusummit.com\/es\/la-industria-espacial-necesitara-personal-altamente-cualificado-en-2030\/\" \/>\n<meta property=\"og:site_name\" content=\"SUTUS\" \/>\n<meta property=\"article:published_time\" content=\"2023-07-13T08:52:15+00:00\" \/>\n<meta property=\"article:modified_time\" content=\"2023-07-18T11:17:24+00:00\" \/>\n<meta property=\"og:image\" content=\"https:\/\/sutusummit.com\/web\/wp-content\/uploads\/2023\/07\/WhatsApp-Image-2023-07-13-at-10.36.04.jpeg\" \/>\n\t<meta property=\"og:image:width\" content=\"1600\" \/>\n\t<meta property=\"og:image:height\" content=\"1053\" \/>\n\t<meta property=\"og:image:type\" content=\"image\/jpeg\" \/>\n<meta name=\"author\" content=\"Gloria\/Sara MME\" \/>\n<meta name=\"twitter:card\" content=\"summary_large_image\" \/>\n<meta name=\"twitter:label1\" content=\"Escrito por\" \/>\n\t<meta name=\"twitter:data1\" content=\"Gloria\/Sara MME\" \/>\n\t<meta name=\"twitter:label2\" content=\"Tiempo de lectura\" \/>\n\t<meta name=\"twitter:data2\" content=\"4 minutos\" \/>\n<script type=\"application\/ld+json\" class=\"yoast-schema-graph\">{\"@context\":\"https:\\\/\\\/schema.org\",\"@graph\":[{\"@type\":\"Article\",\"@id\":\"https:\\\/\\\/sutusummit.com\\\/es\\\/la-industria-espacial-necesitara-personal-altamente-cualificado-en-2030\\\/#article\",\"isPartOf\":{\"@id\":\"https:\\\/\\\/sutusummit.com\\\/es\\\/la-industria-espacial-necesitara-personal-altamente-cualificado-en-2030\\\/\"},\"author\":{\"name\":\"Gloria\\\/Sara MME\",\"@id\":\"https:\\\/\\\/sutusummit.com\\\/#\\\/schema\\\/person\\\/b38a12de5ff0f3221868c58fdf3e1978\"},\"headline\":\"\u201cLa industria espacial necesitar\u00e1 personal altamente cualificado en 2030\u201d\",\"datePublished\":\"2023-07-13T08:52:15+00:00\",\"dateModified\":\"2023-07-18T11:17:24+00:00\",\"mainEntityOfPage\":{\"@id\":\"https:\\\/\\\/sutusummit.com\\\/es\\\/la-industria-espacial-necesitara-personal-altamente-cualificado-en-2030\\\/\"},\"wordCount\":894,\"publisher\":{\"@id\":\"https:\\\/\\\/sutusummit.com\\\/#organization\"},\"image\":{\"@id\":\"https:\\\/\\\/sutusummit.com\\\/es\\\/la-industria-espacial-necesitara-personal-altamente-cualificado-en-2030\\\/#primaryimage\"},\"thumbnailUrl\":\"https:\\\/\\\/sutusummit.com\\\/web\\\/wp-content\\\/uploads\\\/2023\\\/07\\\/WhatsApp-Image-2023-07-13-at-10.36.04.jpeg\",\"articleSection\":[\"Espacio\"],\"inLanguage\":\"es\"},{\"@type\":\"WebPage\",\"@id\":\"https:\\\/\\\/sutusummit.com\\\/es\\\/la-industria-espacial-necesitara-personal-altamente-cualificado-en-2030\\\/\",\"url\":\"https:\\\/\\\/sutusummit.com\\\/es\\\/la-industria-espacial-necesitara-personal-altamente-cualificado-en-2030\\\/\",\"name\":\"\u201cLa industria espacial necesitar\u00e1 personal altamente cualificado en 2030\u201d - SUTUS\",\"isPartOf\":{\"@id\":\"https:\\\/\\\/sutusummit.com\\\/#website\"},\"primaryImageOfPage\":{\"@id\":\"https:\\\/\\\/sutusummit.com\\\/es\\\/la-industria-espacial-necesitara-personal-altamente-cualificado-en-2030\\\/#primaryimage\"},\"image\":{\"@id\":\"https:\\\/\\\/sutusummit.com\\\/es\\\/la-industria-espacial-necesitara-personal-altamente-cualificado-en-2030\\\/#primaryimage\"},\"thumbnailUrl\":\"https:\\\/\\\/sutusummit.com\\\/web\\\/wp-content\\\/uploads\\\/2023\\\/07\\\/WhatsApp-Image-2023-07-13-at-10.36.04.jpeg\",\"datePublished\":\"2023-07-13T08:52:15+00:00\",\"dateModified\":\"2023-07-18T11:17:24+00:00\",\"breadcrumb\":{\"@id\":\"https:\\\/\\\/sutusummit.com\\\/es\\\/la-industria-espacial-necesitara-personal-altamente-cualificado-en-2030\\\/#breadcrumb\"},\"inLanguage\":\"es\",\"potentialAction\":[{\"@type\":\"ReadAction\",\"target\":[\"https:\\\/\\\/sutusummit.com\\\/es\\\/la-industria-espacial-necesitara-personal-altamente-cualificado-en-2030\\\/\"]}]},{\"@type\":\"ImageObject\",\"inLanguage\":\"es\",\"@id\":\"https:\\\/\\\/sutusummit.com\\\/es\\\/la-industria-espacial-necesitara-personal-altamente-cualificado-en-2030\\\/#primaryimage\",\"url\":\"https:\\\/\\\/sutusummit.com\\\/web\\\/wp-content\\\/uploads\\\/2023\\\/07\\\/WhatsApp-Image-2023-07-13-at-10.36.04.jpeg\",\"contentUrl\":\"https:\\\/\\\/sutusummit.com\\\/web\\\/wp-content\\\/uploads\\\/2023\\\/07\\\/WhatsApp-Image-2023-07-13-at-10.36.04.jpeg\",\"width\":1600,\"height\":1053},{\"@type\":\"BreadcrumbList\",\"@id\":\"https:\\\/\\\/sutusummit.com\\\/es\\\/la-industria-espacial-necesitara-personal-altamente-cualificado-en-2030\\\/#breadcrumb\",\"itemListElement\":[{\"@type\":\"ListItem\",\"position\":1,\"name\":\"Portada\",\"item\":\"https:\\\/\\\/sutusummit.com\\\/es\\\/\"},{\"@type\":\"ListItem\",\"position\":2,\"name\":\"\u201cLa industria espacial necesitar\u00e1 personal altamente cualificado en 2030\u201d\"}]},{\"@type\":\"WebSite\",\"@id\":\"https:\\\/\\\/sutusummit.com\\\/#website\",\"url\":\"https:\\\/\\\/sutusummit.com\\\/\",\"name\":\"SUTUS\",\"description\":\"Space &amp; Underwater Tourism Universal Summit\",\"publisher\":{\"@id\":\"https:\\\/\\\/sutusummit.com\\\/#organization\"},\"potentialAction\":[{\"@type\":\"SearchAction\",\"target\":{\"@type\":\"EntryPoint\",\"urlTemplate\":\"https:\\\/\\\/sutusummit.com\\\/?s={search_term_string}\"},\"query-input\":{\"@type\":\"PropertyValueSpecification\",\"valueRequired\":true,\"valueName\":\"search_term_string\"}}],\"inLanguage\":\"es\"},{\"@type\":\"Organization\",\"@id\":\"https:\\\/\\\/sutusummit.com\\\/#organization\",\"name\":\"SUTUS\",\"url\":\"https:\\\/\\\/sutusummit.com\\\/\",\"logo\":{\"@type\":\"ImageObject\",\"inLanguage\":\"es\",\"@id\":\"https:\\\/\\\/sutusummit.com\\\/#\\\/schema\\\/logo\\\/image\\\/\",\"url\":\"https:\\\/\\\/sutusummit.com\\\/web\\\/wp-content\\\/uploads\\\/2019\\\/01\\\/sutuscolor.png\",\"contentUrl\":\"https:\\\/\\\/sutusummit.com\\\/web\\\/wp-content\\\/uploads\\\/2019\\\/01\\\/sutuscolor.png\",\"width\":268,\"height\":85,\"caption\":\"SUTUS\"},\"image\":{\"@id\":\"https:\\\/\\\/sutusummit.com\\\/#\\\/schema\\\/logo\\\/image\\\/\"}},{\"@type\":\"Person\",\"@id\":\"https:\\\/\\\/sutusummit.com\\\/#\\\/schema\\\/person\\\/b38a12de5ff0f3221868c58fdf3e1978\",\"name\":\"Gloria\\\/Sara MME\"}]}<\/script>\n<!-- \/ Yoast SEO plugin. -->","yoast_head_json":{"title":"\u201cLa industria espacial necesitar\u00e1 personal altamente cualificado en 2030\u201d - SUTUS","robots":{"index":"index","follow":"follow","max-snippet":"max-snippet:-1","max-image-preview":"max-image-preview:large","max-video-preview":"max-video-preview:-1"},"canonical":"https:\/\/sutusummit.com\/es\/la-industria-espacial-necesitara-personal-altamente-cualificado-en-2030\/","og_locale":"es_ES","og_type":"article","og_title":"\u201cLa industria espacial necesitar\u00e1 personal altamente cualificado en 2030\u201d - SUTUS","og_description":"La Universidad Internacional del Espacio (ISU) hablar\u00e1 en SUTUS 23 by Les Roches sobre las oportunidades que tienen los j\u00f3venes de trabajar en la industria espacial. La presidenta de la ISU, Pascale Ehrenfreund, ha confirmado su participaci\u00f3n en la cuarta edici\u00f3n de este evento pionero a nivel mundial, que se celebrar\u00e1 en Marbella del 26 [&hellip;]","og_url":"https:\/\/sutusummit.com\/es\/la-industria-espacial-necesitara-personal-altamente-cualificado-en-2030\/","og_site_name":"SUTUS","article_published_time":"2023-07-13T08:52:15+00:00","article_modified_time":"2023-07-18T11:17:24+00:00","og_image":[{"width":1600,"height":1053,"url":"https:\/\/sutusummit.com\/web\/wp-content\/uploads\/2023\/07\/WhatsApp-Image-2023-07-13-at-10.36.04.jpeg","type":"image\/jpeg"}],"author":"Gloria\/Sara MME","twitter_card":"summary_large_image","twitter_misc":{"Escrito por":"Gloria\/Sara MME","Tiempo de lectura":"4 minutos"},"schema":{"@context":"https:\/\/schema.org","@graph":[{"@type":"Article","@id":"https:\/\/sutusummit.com\/es\/la-industria-espacial-necesitara-personal-altamente-cualificado-en-2030\/#article","isPartOf":{"@id":"https:\/\/sutusummit.com\/es\/la-industria-espacial-necesitara-personal-altamente-cualificado-en-2030\/"},"author":{"name":"Gloria\/Sara MME","@id":"https:\/\/sutusummit.com\/#\/schema\/person\/b38a12de5ff0f3221868c58fdf3e1978"},"headline":"\u201cLa industria espacial necesitar\u00e1 personal altamente cualificado en 2030\u201d","datePublished":"2023-07-13T08:52:15+00:00","dateModified":"2023-07-18T11:17:24+00:00","mainEntityOfPage":{"@id":"https:\/\/sutusummit.com\/es\/la-industria-espacial-necesitara-personal-altamente-cualificado-en-2030\/"},"wordCount":894,"publisher":{"@id":"https:\/\/sutusummit.com\/#organization"},"image":{"@id":"https:\/\/sutusummit.com\/es\/la-industria-espacial-necesitara-personal-altamente-cualificado-en-2030\/#primaryimage"},"thumbnailUrl":"https:\/\/sutusummit.com\/web\/wp-content\/uploads\/2023\/07\/WhatsApp-Image-2023-07-13-at-10.36.04.jpeg","articleSection":["Espacio"],"inLanguage":"es"},{"@type":"WebPage","@id":"https:\/\/sutusummit.com\/es\/la-industria-espacial-necesitara-personal-altamente-cualificado-en-2030\/","url":"https:\/\/sutusummit.com\/es\/la-industria-espacial-necesitara-personal-altamente-cualificado-en-2030\/","name":"\u201cLa industria espacial necesitar\u00e1 personal altamente cualificado en 2030\u201d - SUTUS","isPartOf":{"@id":"https:\/\/sutusummit.com\/#website"},"primaryImageOfPage":{"@id":"https:\/\/sutusummit.com\/es\/la-industria-espacial-necesitara-personal-altamente-cualificado-en-2030\/#primaryimage"},"image":{"@id":"https:\/\/sutusummit.com\/es\/la-industria-espacial-necesitara-personal-altamente-cualificado-en-2030\/#primaryimage"},"thumbnailUrl":"https:\/\/sutusummit.com\/web\/wp-content\/uploads\/2023\/07\/WhatsApp-Image-2023-07-13-at-10.36.04.jpeg","datePublished":"2023-07-13T08:52:15+00:00","dateModified":"2023-07-18T11:17:24+00:00","breadcrumb":{"@id":"https:\/\/sutusummit.com\/es\/la-industria-espacial-necesitara-personal-altamente-cualificado-en-2030\/#breadcrumb"},"inLanguage":"es","potentialAction":[{"@type":"ReadAction","target":["https:\/\/sutusummit.com\/es\/la-industria-espacial-necesitara-personal-altamente-cualificado-en-2030\/"]}]},{"@type":"ImageObject","inLanguage":"es","@id":"https:\/\/sutusummit.com\/es\/la-industria-espacial-necesitara-personal-altamente-cualificado-en-2030\/#primaryimage","url":"https:\/\/sutusummit.com\/web\/wp-content\/uploads\/2023\/07\/WhatsApp-Image-2023-07-13-at-10.36.04.jpeg","contentUrl":"https:\/\/sutusummit.com\/web\/wp-content\/uploads\/2023\/07\/WhatsApp-Image-2023-07-13-at-10.36.04.jpeg","width":1600,"height":1053},{"@type":"BreadcrumbList","@id":"https:\/\/sutusummit.com\/es\/la-industria-espacial-necesitara-personal-altamente-cualificado-en-2030\/#breadcrumb","itemListElement":[{"@type":"ListItem","position":1,"name":"Portada","item":"https:\/\/sutusummit.com\/es\/"},{"@type":"ListItem","position":2,"name":"\u201cLa industria espacial necesitar\u00e1 personal altamente cualificado en 2030\u201d"}]},{"@type":"WebSite","@id":"https:\/\/sutusummit.com\/#website","url":"https:\/\/sutusummit.com\/","name":"SUTUS","description":"Space &amp; Underwater Tourism Universal Summit","publisher":{"@id":"https:\/\/sutusummit.com\/#organization"},"potentialAction":[{"@type":"SearchAction","target":{"@type":"EntryPoint","urlTemplate":"https:\/\/sutusummit.com\/?s={search_term_string}"},"query-input":{"@type":"PropertyValueSpecification","valueRequired":true,"valueName":"search_term_string"}}],"inLanguage":"es"},{"@type":"Organization","@id":"https:\/\/sutusummit.com\/#organization","name":"SUTUS","url":"https:\/\/sutusummit.com\/","logo":{"@type":"ImageObject","inLanguage":"es","@id":"https:\/\/sutusummit.com\/#\/schema\/logo\/image\/","url":"https:\/\/sutusummit.com\/web\/wp-content\/uploads\/2019\/01\/sutuscolor.png","contentUrl":"https:\/\/sutusummit.com\/web\/wp-content\/uploads\/2019\/01\/sutuscolor.png","width":268,"height":85,"caption":"SUTUS"},"image":{"@id":"https:\/\/sutusummit.com\/#\/schema\/logo\/image\/"}},{"@type":"Person","@id":"https:\/\/sutusummit.com\/#\/schema\/person\/b38a12de5ff0f3221868c58fdf3e1978","name":"Gloria\/Sara MME"}]}},"_links":{"self":[{"href":"https:\/\/sutusummit.com\/es\/wp-json\/wp\/v2\/posts\/8155","targetHints":{"allow":["GET"]}}],"collection":[{"href":"https:\/\/sutusummit.com\/es\/wp-json\/wp\/v2\/posts"}],"about":[{"href":"https:\/\/sutusummit.com\/es\/wp-json\/wp\/v2\/types\/post"}],"author":[{"embeddable":true,"href":"https:\/\/sutusummit.com\/es\/wp-json\/wp\/v2\/users\/6"}],"replies":[{"embeddable":true,"href":"https:\/\/sutusummit.com\/es\/wp-json\/wp\/v2\/comments?post=8155"}],"version-history":[{"count":0,"href":"https:\/\/sutusummit.com\/es\/wp-json\/wp\/v2\/posts\/8155\/revisions"}],"wp:featuredmedia":[{"embeddable":true,"href":"https:\/\/sutusummit.com\/es\/wp-json\/wp\/v2\/media\/8156"}],"wp:attachment":[{"href":"https:\/\/sutusummit.com\/es\/wp-json\/wp\/v2\/media?parent=8155"}],"wp:term":[{"taxonomy":"category","embeddable":true,"href":"https:\/\/sutusummit.com\/es\/wp-json\/wp\/v2\/categories?post=8155"},{"taxonomy":"post_tag","embeddable":true,"href":"https:\/\/sutusummit.com\/es\/wp-json\/wp\/v2\/tags?post=8155"}],"curies":[{"name":"wp","href":"https:\/\/api.w.org\/{rel}","templated":true}]}}