{"id":8947,"date":"2023-09-25T12:38:48","date_gmt":"2023-09-25T12:38:48","guid":{"rendered":"https:\/\/sutusummit.com\/?p=8947"},"modified":"2023-09-25T12:38:48","modified_gmt":"2023-09-25T12:38:48","slug":"lo-mejor-del-turismo-espacial-y-turismo-subacuatico-a-nivel-mundial-manana-en-sutus-by-les-roches","status":"publish","type":"post","link":"https:\/\/sutusummit.com\/es\/lo-mejor-del-turismo-espacial-y-turismo-subacuatico-a-nivel-mundial-manana-en-sutus-by-les-roches\/","title":{"rendered":"Lo mejor del turismo espacial y turismo subacu\u00e1tico a nivel mundial, ma\u00f1ana en SUTUS by Les Roches"},"content":{"rendered":"<ul>\n<li aria-level=\"1\"><b>Ser\u00e1n presentados grandes proyectos internacionales como la Estaci\u00f3n Espacial Comercial \u2018StarLab\u2019, de Airbus y Voyager Space; el primer Hotel Espacial, de ABOVE SPACE; o la Estaci\u00f3n Espacial del Oc\u00e9ano PROTEUS, ideada por el nieto del legendario Comandante Cousteau.<\/b><\/li>\n<\/ul>\n<ul>\n<li aria-level=\"1\"><b>SUTUS by Les Roches, (Space &amp; Underwater Tourism Universal Summit) celebra su cuarta edici\u00f3n en la capital de la Costa del Sol del 26 al 28 de septiembre.<\/b><\/li>\n<\/ul>\n<ul>\n<li aria-level=\"1\"><b>Contar\u00e1 con m\u00e1s de 40 l\u00edderes procedentes de cinco continentes: Europa, Am\u00e9rica, Asia, \u00c1frica, y Ocean\u00eda.<\/b><\/li>\n<\/ul>\n<ul>\n<li aria-level=\"1\"><b>Un h\u00e1bitat espacial, una UCI m\u00f3vil o experimentar con VR c\u00f3mo es estar en la Estaci\u00f3n Espacial Internacional, ser\u00e1n algunas de las exclusivas demostraciones que tendr\u00e1n lugar ma\u00f1ana martes 26 de septiembre en Les Roches Marbella.<\/b><\/li>\n<\/ul>\n<p>&nbsp;<\/p>\n<p><b>Marbella, 25 de septiembre de 2023<\/b><\/p>\n<p><span style=\"font-weight: 400;\">El presente y futuro del turismo espacial y subacu\u00e1tico aterrizar\u00e1 en SUTUS 2023, del 26 al 28 de Septiembre en Les Roches Marbella, donde se dar\u00e1n cita las empresas privadas y agencias espaciales m\u00e1s importantes del mundo, para <\/span><b>presentar proyectos que van m\u00e1s all\u00e1 de la \u00f3rbita terrestre y de las profundidades marinas. Sus objetivos: explorar la Luna, Marte e, incluso, Venus; pasando por la construcci\u00f3n de la Estaci\u00f3n Espacial Submarina m\u00e1s fascinante de la humanidad.<\/b><\/p>\n<p><span style=\"font-weight: 400;\">Adem\u00e1s, ma\u00f1ana martes 26 de septiembre los visitantes de SUTUS by Les Roches podr\u00e1n disfrutar de demostraciones exclusivas y experimentar desde <\/span><b>c\u00f3mo es estar en mitad del espacio a trav\u00e9s de un planetario, hasta c\u00f3mo duermen los astronautas al introducirse en el h\u00e1bitat espacial. <\/b><span style=\"font-weight: 400;\">Tambi\u00e9n podr\u00e1n ver<\/span><b> im\u00e1genes exclusivas en Ultra Alta Definici\u00f3n de la NASA o de las profundidades del oc\u00e9ano capturadas por The Explorers, as\u00ed como experimentar a trav\u00e9s de Realidad Virtual c\u00f3mo es estar en la Estaci\u00f3n Espacial Internacional. Igualmente, se escenificar\u00e1 un modelo UCI para mostrar la metodolog\u00eda a emplear en situaciones m\u00e9dicas extremas y complejas de alta incertidumbre.<\/b><span style=\"font-weight: 400;\"> Es decir, c\u00f3mo actuar\u00edan los profesionales de la medicina en escenarios tan tensionados como un conflicto b\u00e9lico, la Estaci\u00f3n Espacial Internacional o en las misiones Artemis.<\/span><\/p>\n<p><img loading=\"lazy\" decoding=\"async\" class=\"wp-image-8954 size-full aligncenter\" src=\"https:\/\/sutusummit.com\/web\/wp-content\/uploads\/2023\/09\/demos.png\" alt=\"\" width=\"908\" height=\"747\" srcset=\"https:\/\/sutusummit.com\/web\/wp-content\/uploads\/2023\/09\/demos.png 908w, https:\/\/sutusummit.com\/web\/wp-content\/uploads\/2023\/09\/demos-300x247.png 300w, https:\/\/sutusummit.com\/web\/wp-content\/uploads\/2023\/09\/demos-768x632.png 768w\" sizes=\"auto, (max-width: 908px) 100vw, 908px\" \/><\/p>\n<p>&nbsp;<\/p>\n<p><b>Grandes proyectos espaciales para la Humanidad<\/b><\/p>\n<p><span style=\"font-weight: 400;\">El constructor aeroespacial europeo Airbus contar\u00e1 en <\/span><b>primicia mundial todos los detalles de la construcci\u00f3n de la Estaci\u00f3n Espacial Comercial \u2018StarLab\u2019 junto con la estadounidense Voyager Space.<\/b><span style=\"font-weight: 400;\"> Se trata del relevo a la Estaci\u00f3n Espacial Internacional (EEI), que lleva funcionando desde finales del siglo pasado, y que est\u00e1 programada para ser \u2018desconectada\u2019 en 2030.<\/span><\/p>\n<p><img loading=\"lazy\" decoding=\"async\" class=\"alignnone wp-image-8866 size-large\" src=\"https:\/\/sutusummit.com\/web\/wp-content\/uploads\/2023\/09\/STARLAB-1024x576.png\" alt=\"\" width=\"1024\" height=\"576\" srcset=\"https:\/\/sutusummit.com\/web\/wp-content\/uploads\/2023\/09\/STARLAB-1024x576.png 1024w, https:\/\/sutusummit.com\/web\/wp-content\/uploads\/2023\/09\/STARLAB-300x169.png 300w, https:\/\/sutusummit.com\/web\/wp-content\/uploads\/2023\/09\/STARLAB-768x432.png 768w, https:\/\/sutusummit.com\/web\/wp-content\/uploads\/2023\/09\/STARLAB-1536x864.png 1536w, https:\/\/sutusummit.com\/web\/wp-content\/uploads\/2023\/09\/STARLAB.png 1885w\" sizes=\"auto, (max-width: 1024px) 100vw, 1024px\" \/><\/p>\n<p><b>Conoceremos de primera mano los planes de la Agencia Espacial Espa\u00f1ola (AEE) de cara al programa ARTEMIS de la NASA<\/b><span style=\"font-weight: 400;\">, y al que Espa\u00f1a se adhiri\u00f3 en mayo pasado para llevar a la primera mujer a la Luna en 2025. Adem\u00e1s, la AEE explicar\u00e1 en SUTUS 23 los avances en la Ley del Espacio y en el Plan Nacional del Espacio.<\/span><\/p>\n<p><span style=\"font-weight: 400;\">Se desvelar\u00e1n m\u00e1s detalles sobre uno de los proyectos m\u00e1s ambiciosos de turismo espacial:<\/span><b> un hotel espacial con vistas a la Tierra.<\/b><span style=\"font-weight: 400;\"> Y tambi\u00e9n se hablar\u00e1 de los <\/span><b>viajes seguros y sostenibles al espacio, para 2025, <\/b><span style=\"font-weight: 400;\">que prepara la compa\u00f1\u00eda espa\u00f1ola HALO Space.<\/span><\/p>\n<p>&nbsp;<\/p>\n<p><b>El turismo subacu\u00e1tico de lujo y la ciencia aplicada a las profundidades marinas<\/b><\/p>\n<p><span style=\"font-weight: 400;\">El aventurero Karlos Sim\u00f3n contar\u00e1 en SUTUS 23 by Les Roches <\/span><b>c\u00f3mo vivir inmersiones individuales y exclusivas en algunos de los 17 santuarios de tiburones que existen en el mundo.<\/b><span style=\"font-weight: 400;\">\u00a0<\/span><\/p>\n<p><span style=\"font-weight: 400;\">Por su parte, Fabien Cousteau, nieto del legendario comandante Jacques Cousteau, presentar\u00e1 los<\/span><b> avances de su proyecto PROTEUS\u2122, la \u00abEstaci\u00f3n Espacial Internacional del Oc\u00e9ano\u00bb; y Rob Mcallum (EYOS Expedition) <\/b><b>contar\u00e1 exitosos proyectos como el de conquistar los puntos m\u00e1s profundos de cada uno de los cinco oc\u00e9anos del mundo.<\/b><\/p>\n<p>&nbsp;<\/p>\n<p><b>Mujeres que inspiran, en el espacio y en los oc\u00e9anos<\/b><\/p>\n<p><b>Tres de las principales agencias espaciales participantes tendr\u00e1n representantes femeninas<\/b><span style=\"font-weight: 400;\">: La Agencia Espacial Espa\u00f1ola con Eva Villaver, la japonesa JAXA, con Chiharu Hoshino, y la Agencia Europea ESA, con Luc\u00eda F. de la Bella.<\/span><\/p>\n<p><span style=\"font-weight: 400;\">Adem\u00e1s, la legendaria <\/span><b>presidenta de la Universidad Internacional del Espacio, Pascale Ehrenfreund, y la presidenta de la fundaci\u00f3n \u201cSpace for a better world\u201d, la norteamericana Christina Krop<\/b><span style=\"font-weight: 400;\">,<\/span> <span style=\"font-weight: 400;\">tambi\u00e9n participan en SUTUS 23, que del 26 al 28 de septiembre tiene lugar en Les Roches Marbella.<\/span><\/p>\n<p><b>La \u201cIndiana Jones de los Mares\u201d, Lola Higueras, primera arque\u00f3loga submarina en Espa\u00f1a <\/b><span style=\"font-weight: 400;\">y premio Madblue 5 Oc\u00e9anos, contar\u00e1 su \u201caventura vital inmersa en el Oc\u00e9ano\u201d.\u00a0<\/span><\/p>\n<p>&nbsp;<\/p>\n<p><b>Los retos de la Biomedicina Espacial<\/b><\/p>\n<p><b>La informaci\u00f3n extra\u00edda de los experimentos realizados en la Estaci\u00f3n Espacial Internacional (EEI) est\u00e1 mejorando nuestro conocimiento sobre el cuerpo humano en este h\u00e1bitat c\u00f3smico. <\/b><span style=\"font-weight: 400;\">Esto est\u00e1 promoviendo el estudio de terapias, entrenamientos, formaci\u00f3n e incluso medicamentos que favorezcan unas condiciones \u00f3ptimas para nuestra salud ah\u00ed arriba.<\/span><\/p>\n<p><b>Isaac T\u00fanez, Secretario General de Salud P\u00fablica e I+D+i en Salud de la Junta de Andaluc\u00eda, y responsable de 5 institutos y 2 centros tem\u00e1ticos que aglutinan a m\u00e1s de 4.000 investigadores, <\/b><span style=\"font-weight: 400;\">explicar\u00e1 los nuevos conceptos, paradigmas y situaciones a las que se enfrenta la Biomedicina Aeroespacial.<\/span><\/p>\n<p>&nbsp;<\/p>\n<p><span style=\"font-weight: 400;\">He aqu\u00ed los expertos espaciales y subacu\u00e1ticos que presentar\u00e1n ma\u00f1ana en SUTUS by Les Roches:\u00a0<\/span><\/p>\n<p><b>Ulrich Kuebler (Airbus); Sam Scimemi (NASA); \u00c1lvaro Gim\u00e9nez Ca\u00f1ete (Gobierno de Espa\u00f1a); Eva Villaver (Agencia Espacial Espa\u00f1ola, AEE); Chiharu Hoshino (de la Agencia Espacial Japonesa, JAXA); Tim Alatorre (ABOVE SPACE); Carlos Mira (HALO Space); Karlos Sim\u00f3n (Karlos Sim\u00f3n &#8211; viajes y expediciones); Gary Rosewell (Proteus Ocean Group); Pascale Ehrenfreund (Universidad Internacional del Espacio); Bernard Foing (ILEWG-EuroMoonMars); Jamal Eddine Mohammed-Idrissi (Marchica Med); Boris Otter (Swiss Space Tourism Association); Jos\u00e9 Mar\u00eda Ortega-Hern\u00e1ndez (Green Moon Project); e Isaac T\u00fanez (Junta de Andaluc\u00eda).<\/b><\/p>\n<p>&nbsp;<\/p>\n<p><b>SUTUS 2023 by Les Roches<\/b><\/p>\n<p><b>Todas las conferencias de SUTUS by Les Roches se podr\u00e1n seguir a trav\u00e9s de su plataforma virtual, impulsada por \u2018El Observatorio&#8217; de Medina Media Events.<\/b><span style=\"font-weight: 400;\"> En la misma, los asistentes podr\u00e1n programar videoencuentros con otros participantes y ponentes, adem\u00e1s de visitar demos online exclusivas.<\/span><\/p>\n<p><span style=\"font-weight: 400;\">SUTUS 2023 by Les Roches, bajo el lema <\/span><b>\u00abM\u00e1s all\u00e1 de las fronteras naturales\u00bb<\/b><span style=\"font-weight: 400;\">, cuenta con el apoyo de la Consejer\u00eda de Turismo de la Junta de Andaluc\u00eda, Turismo y Planificaci\u00f3n de la Costa del Sol, Ayuntamiento de Marbella, Fundaci\u00f3n Progreso y Salud de la Consejer\u00eda de Salud y Consumo de la Junta de Andaluc\u00eda, HALO Space, Marchica Med, ABOVE SPACE, Karlos Sim\u00f3n Viajes y Expediciones y Alanda Marbella Hotel 5*.<\/span><\/p>\n","protected":false},"excerpt":{"rendered":"<p>Ser\u00e1n presentados grandes proyectos internacionales como la Estaci\u00f3n Espacial Comercial \u2018StarLab\u2019, de Airbus y Voyager Space; el primer Hotel Espacial, de ABOVE SPACE; o la Estaci\u00f3n Espacial del Oc\u00e9ano PROTEUS, ideada por el nieto del legendario Comandante Cousteau. SUTUS by Les Roches, (Space &amp; Underwater Tourism Universal Summit) celebra su cuarta edici\u00f3n en la capital [&hellip;]<\/p>\n","protected":false},"author":6,"featured_media":8948,"comment_status":"closed","ping_status":"closed","sticky":false,"template":"","format":"standard","meta":{"_acf_changed":false,"footnotes":""},"categories":[100],"tags":[],"class_list":["post-8947","post","type-post","status-publish","format-standard","has-post-thumbnail","hentry","category-evento"],"acf":[],"yoast_head":"<!-- This site is optimized with the Yoast SEO plugin v27.4 - https:\/\/yoast.com\/product\/yoast-seo-wordpress\/ -->\n<title>Lo mejor del turismo espacial y turismo subacu\u00e1tico a nivel mundial, ma\u00f1ana en SUTUS by Les Roches - SUTUS<\/title>\n<meta name=\"robots\" content=\"index, follow, max-snippet:-1, max-image-preview:large, max-video-preview:-1\" \/>\n<link rel=\"canonical\" href=\"https:\/\/sutusummit.com\/es\/lo-mejor-del-turismo-espacial-y-turismo-subacuatico-a-nivel-mundial-manana-en-sutus-by-les-roches\/\" \/>\n<meta property=\"og:locale\" content=\"es_ES\" \/>\n<meta property=\"og:type\" content=\"article\" \/>\n<meta property=\"og:title\" content=\"Lo mejor del turismo espacial y turismo subacu\u00e1tico a nivel mundial, ma\u00f1ana en SUTUS by Les Roches - SUTUS\" \/>\n<meta property=\"og:description\" content=\"Ser\u00e1n presentados grandes proyectos internacionales como la Estaci\u00f3n Espacial Comercial \u2018StarLab\u2019, de Airbus y Voyager Space; el primer Hotel Espacial, de ABOVE SPACE; o la Estaci\u00f3n Espacial del Oc\u00e9ano PROTEUS, ideada por el nieto del legendario Comandante Cousteau. SUTUS by Les Roches, (Space &amp; Underwater Tourism Universal Summit) celebra su cuarta edici\u00f3n en la capital [&hellip;]\" \/>\n<meta property=\"og:url\" content=\"https:\/\/sutusummit.com\/es\/lo-mejor-del-turismo-espacial-y-turismo-subacuatico-a-nivel-mundial-manana-en-sutus-by-les-roches\/\" \/>\n<meta property=\"og:site_name\" content=\"SUTUS\" \/>\n<meta property=\"article:published_time\" content=\"2023-09-25T12:38:48+00:00\" \/>\n<meta property=\"og:image\" content=\"https:\/\/sutusummit.com\/web\/wp-content\/uploads\/2023\/09\/iStock-919409994-1.jpg\" \/>\n\t<meta property=\"og:image:width\" content=\"2309\" \/>\n\t<meta property=\"og:image:height\" content=\"1299\" \/>\n\t<meta property=\"og:image:type\" content=\"image\/jpeg\" \/>\n<meta name=\"author\" content=\"Gloria\/Sara MME\" \/>\n<meta name=\"twitter:card\" content=\"summary_large_image\" \/>\n<meta name=\"twitter:label1\" content=\"Escrito por\" \/>\n\t<meta name=\"twitter:data1\" content=\"Gloria\/Sara MME\" \/>\n\t<meta name=\"twitter:label2\" content=\"Tiempo de lectura\" \/>\n\t<meta name=\"twitter:data2\" content=\"5 minutos\" \/>\n<script type=\"application\/ld+json\" class=\"yoast-schema-graph\">{\"@context\":\"https:\\\/\\\/schema.org\",\"@graph\":[{\"@type\":\"Article\",\"@id\":\"https:\\\/\\\/sutusummit.com\\\/es\\\/lo-mejor-del-turismo-espacial-y-turismo-subacuatico-a-nivel-mundial-manana-en-sutus-by-les-roches\\\/#article\",\"isPartOf\":{\"@id\":\"https:\\\/\\\/sutusummit.com\\\/es\\\/lo-mejor-del-turismo-espacial-y-turismo-subacuatico-a-nivel-mundial-manana-en-sutus-by-les-roches\\\/\"},\"author\":{\"name\":\"Gloria\\\/Sara MME\",\"@id\":\"https:\\\/\\\/sutusummit.com\\\/#\\\/schema\\\/person\\\/b38a12de5ff0f3221868c58fdf3e1978\"},\"headline\":\"Lo mejor del turismo espacial y turismo subacu\u00e1tico a nivel mundial, ma\u00f1ana en SUTUS by Les Roches\",\"datePublished\":\"2023-09-25T12:38:48+00:00\",\"mainEntityOfPage\":{\"@id\":\"https:\\\/\\\/sutusummit.com\\\/es\\\/lo-mejor-del-turismo-espacial-y-turismo-subacuatico-a-nivel-mundial-manana-en-sutus-by-les-roches\\\/\"},\"wordCount\":1126,\"publisher\":{\"@id\":\"https:\\\/\\\/sutusummit.com\\\/#organization\"},\"image\":{\"@id\":\"https:\\\/\\\/sutusummit.com\\\/es\\\/lo-mejor-del-turismo-espacial-y-turismo-subacuatico-a-nivel-mundial-manana-en-sutus-by-les-roches\\\/#primaryimage\"},\"thumbnailUrl\":\"https:\\\/\\\/sutusummit.com\\\/web\\\/wp-content\\\/uploads\\\/2023\\\/09\\\/iStock-919409994-1.jpg\",\"articleSection\":[\"Evento\"],\"inLanguage\":\"es\"},{\"@type\":\"WebPage\",\"@id\":\"https:\\\/\\\/sutusummit.com\\\/es\\\/lo-mejor-del-turismo-espacial-y-turismo-subacuatico-a-nivel-mundial-manana-en-sutus-by-les-roches\\\/\",\"url\":\"https:\\\/\\\/sutusummit.com\\\/es\\\/lo-mejor-del-turismo-espacial-y-turismo-subacuatico-a-nivel-mundial-manana-en-sutus-by-les-roches\\\/\",\"name\":\"Lo mejor del turismo espacial y turismo subacu\u00e1tico a nivel mundial, ma\u00f1ana en SUTUS by Les Roches - SUTUS\",\"isPartOf\":{\"@id\":\"https:\\\/\\\/sutusummit.com\\\/#website\"},\"primaryImageOfPage\":{\"@id\":\"https:\\\/\\\/sutusummit.com\\\/es\\\/lo-mejor-del-turismo-espacial-y-turismo-subacuatico-a-nivel-mundial-manana-en-sutus-by-les-roches\\\/#primaryimage\"},\"image\":{\"@id\":\"https:\\\/\\\/sutusummit.com\\\/es\\\/lo-mejor-del-turismo-espacial-y-turismo-subacuatico-a-nivel-mundial-manana-en-sutus-by-les-roches\\\/#primaryimage\"},\"thumbnailUrl\":\"https:\\\/\\\/sutusummit.com\\\/web\\\/wp-content\\\/uploads\\\/2023\\\/09\\\/iStock-919409994-1.jpg\",\"datePublished\":\"2023-09-25T12:38:48+00:00\",\"breadcrumb\":{\"@id\":\"https:\\\/\\\/sutusummit.com\\\/es\\\/lo-mejor-del-turismo-espacial-y-turismo-subacuatico-a-nivel-mundial-manana-en-sutus-by-les-roches\\\/#breadcrumb\"},\"inLanguage\":\"es\",\"potentialAction\":[{\"@type\":\"ReadAction\",\"target\":[\"https:\\\/\\\/sutusummit.com\\\/es\\\/lo-mejor-del-turismo-espacial-y-turismo-subacuatico-a-nivel-mundial-manana-en-sutus-by-les-roches\\\/\"]}]},{\"@type\":\"ImageObject\",\"inLanguage\":\"es\",\"@id\":\"https:\\\/\\\/sutusummit.com\\\/es\\\/lo-mejor-del-turismo-espacial-y-turismo-subacuatico-a-nivel-mundial-manana-en-sutus-by-les-roches\\\/#primaryimage\",\"url\":\"https:\\\/\\\/sutusummit.com\\\/web\\\/wp-content\\\/uploads\\\/2023\\\/09\\\/iStock-919409994-1.jpg\",\"contentUrl\":\"https:\\\/\\\/sutusummit.com\\\/web\\\/wp-content\\\/uploads\\\/2023\\\/09\\\/iStock-919409994-1.jpg\",\"width\":2309,\"height\":1299,\"caption\":\"the astronaut standing by the sea against background of the planet, digital art style, illustration painting\"},{\"@type\":\"BreadcrumbList\",\"@id\":\"https:\\\/\\\/sutusummit.com\\\/es\\\/lo-mejor-del-turismo-espacial-y-turismo-subacuatico-a-nivel-mundial-manana-en-sutus-by-les-roches\\\/#breadcrumb\",\"itemListElement\":[{\"@type\":\"ListItem\",\"position\":1,\"name\":\"Portada\",\"item\":\"https:\\\/\\\/sutusummit.com\\\/es\\\/\"},{\"@type\":\"ListItem\",\"position\":2,\"name\":\"Lo mejor del turismo espacial y turismo subacu\u00e1tico a nivel mundial, ma\u00f1ana en SUTUS by Les Roches\"}]},{\"@type\":\"WebSite\",\"@id\":\"https:\\\/\\\/sutusummit.com\\\/#website\",\"url\":\"https:\\\/\\\/sutusummit.com\\\/\",\"name\":\"SUTUS\",\"description\":\"Space &amp; Underwater Tourism Universal Summit\",\"publisher\":{\"@id\":\"https:\\\/\\\/sutusummit.com\\\/#organization\"},\"potentialAction\":[{\"@type\":\"SearchAction\",\"target\":{\"@type\":\"EntryPoint\",\"urlTemplate\":\"https:\\\/\\\/sutusummit.com\\\/?s={search_term_string}\"},\"query-input\":{\"@type\":\"PropertyValueSpecification\",\"valueRequired\":true,\"valueName\":\"search_term_string\"}}],\"inLanguage\":\"es\"},{\"@type\":\"Organization\",\"@id\":\"https:\\\/\\\/sutusummit.com\\\/#organization\",\"name\":\"SUTUS\",\"url\":\"https:\\\/\\\/sutusummit.com\\\/\",\"logo\":{\"@type\":\"ImageObject\",\"inLanguage\":\"es\",\"@id\":\"https:\\\/\\\/sutusummit.com\\\/#\\\/schema\\\/logo\\\/image\\\/\",\"url\":\"https:\\\/\\\/sutusummit.com\\\/web\\\/wp-content\\\/uploads\\\/2019\\\/01\\\/sutuscolor.png\",\"contentUrl\":\"https:\\\/\\\/sutusummit.com\\\/web\\\/wp-content\\\/uploads\\\/2019\\\/01\\\/sutuscolor.png\",\"width\":268,\"height\":85,\"caption\":\"SUTUS\"},\"image\":{\"@id\":\"https:\\\/\\\/sutusummit.com\\\/#\\\/schema\\\/logo\\\/image\\\/\"}},{\"@type\":\"Person\",\"@id\":\"https:\\\/\\\/sutusummit.com\\\/#\\\/schema\\\/person\\\/b38a12de5ff0f3221868c58fdf3e1978\",\"name\":\"Gloria\\\/Sara MME\"}]}<\/script>\n<!-- \/ Yoast SEO plugin. -->","yoast_head_json":{"title":"Lo mejor del turismo espacial y turismo subacu\u00e1tico a nivel mundial, ma\u00f1ana en SUTUS by Les Roches - SUTUS","robots":{"index":"index","follow":"follow","max-snippet":"max-snippet:-1","max-image-preview":"max-image-preview:large","max-video-preview":"max-video-preview:-1"},"canonical":"https:\/\/sutusummit.com\/es\/lo-mejor-del-turismo-espacial-y-turismo-subacuatico-a-nivel-mundial-manana-en-sutus-by-les-roches\/","og_locale":"es_ES","og_type":"article","og_title":"Lo mejor del turismo espacial y turismo subacu\u00e1tico a nivel mundial, ma\u00f1ana en SUTUS by Les Roches - SUTUS","og_description":"Ser\u00e1n presentados grandes proyectos internacionales como la Estaci\u00f3n Espacial Comercial \u2018StarLab\u2019, de Airbus y Voyager Space; el primer Hotel Espacial, de ABOVE SPACE; o la Estaci\u00f3n Espacial del Oc\u00e9ano PROTEUS, ideada por el nieto del legendario Comandante Cousteau. SUTUS by Les Roches, (Space &amp; Underwater Tourism Universal Summit) celebra su cuarta edici\u00f3n en la capital [&hellip;]","og_url":"https:\/\/sutusummit.com\/es\/lo-mejor-del-turismo-espacial-y-turismo-subacuatico-a-nivel-mundial-manana-en-sutus-by-les-roches\/","og_site_name":"SUTUS","article_published_time":"2023-09-25T12:38:48+00:00","og_image":[{"width":2309,"height":1299,"url":"https:\/\/sutusummit.com\/web\/wp-content\/uploads\/2023\/09\/iStock-919409994-1.jpg","type":"image\/jpeg"}],"author":"Gloria\/Sara MME","twitter_card":"summary_large_image","twitter_misc":{"Escrito por":"Gloria\/Sara MME","Tiempo de lectura":"5 minutos"},"schema":{"@context":"https:\/\/schema.org","@graph":[{"@type":"Article","@id":"https:\/\/sutusummit.com\/es\/lo-mejor-del-turismo-espacial-y-turismo-subacuatico-a-nivel-mundial-manana-en-sutus-by-les-roches\/#article","isPartOf":{"@id":"https:\/\/sutusummit.com\/es\/lo-mejor-del-turismo-espacial-y-turismo-subacuatico-a-nivel-mundial-manana-en-sutus-by-les-roches\/"},"author":{"name":"Gloria\/Sara MME","@id":"https:\/\/sutusummit.com\/#\/schema\/person\/b38a12de5ff0f3221868c58fdf3e1978"},"headline":"Lo mejor del turismo espacial y turismo subacu\u00e1tico a nivel mundial, ma\u00f1ana en SUTUS by Les Roches","datePublished":"2023-09-25T12:38:48+00:00","mainEntityOfPage":{"@id":"https:\/\/sutusummit.com\/es\/lo-mejor-del-turismo-espacial-y-turismo-subacuatico-a-nivel-mundial-manana-en-sutus-by-les-roches\/"},"wordCount":1126,"publisher":{"@id":"https:\/\/sutusummit.com\/#organization"},"image":{"@id":"https:\/\/sutusummit.com\/es\/lo-mejor-del-turismo-espacial-y-turismo-subacuatico-a-nivel-mundial-manana-en-sutus-by-les-roches\/#primaryimage"},"thumbnailUrl":"https:\/\/sutusummit.com\/web\/wp-content\/uploads\/2023\/09\/iStock-919409994-1.jpg","articleSection":["Evento"],"inLanguage":"es"},{"@type":"WebPage","@id":"https:\/\/sutusummit.com\/es\/lo-mejor-del-turismo-espacial-y-turismo-subacuatico-a-nivel-mundial-manana-en-sutus-by-les-roches\/","url":"https:\/\/sutusummit.com\/es\/lo-mejor-del-turismo-espacial-y-turismo-subacuatico-a-nivel-mundial-manana-en-sutus-by-les-roches\/","name":"Lo mejor del turismo espacial y turismo subacu\u00e1tico a nivel mundial, ma\u00f1ana en SUTUS by Les Roches - SUTUS","isPartOf":{"@id":"https:\/\/sutusummit.com\/#website"},"primaryImageOfPage":{"@id":"https:\/\/sutusummit.com\/es\/lo-mejor-del-turismo-espacial-y-turismo-subacuatico-a-nivel-mundial-manana-en-sutus-by-les-roches\/#primaryimage"},"image":{"@id":"https:\/\/sutusummit.com\/es\/lo-mejor-del-turismo-espacial-y-turismo-subacuatico-a-nivel-mundial-manana-en-sutus-by-les-roches\/#primaryimage"},"thumbnailUrl":"https:\/\/sutusummit.com\/web\/wp-content\/uploads\/2023\/09\/iStock-919409994-1.jpg","datePublished":"2023-09-25T12:38:48+00:00","breadcrumb":{"@id":"https:\/\/sutusummit.com\/es\/lo-mejor-del-turismo-espacial-y-turismo-subacuatico-a-nivel-mundial-manana-en-sutus-by-les-roches\/#breadcrumb"},"inLanguage":"es","potentialAction":[{"@type":"ReadAction","target":["https:\/\/sutusummit.com\/es\/lo-mejor-del-turismo-espacial-y-turismo-subacuatico-a-nivel-mundial-manana-en-sutus-by-les-roches\/"]}]},{"@type":"ImageObject","inLanguage":"es","@id":"https:\/\/sutusummit.com\/es\/lo-mejor-del-turismo-espacial-y-turismo-subacuatico-a-nivel-mundial-manana-en-sutus-by-les-roches\/#primaryimage","url":"https:\/\/sutusummit.com\/web\/wp-content\/uploads\/2023\/09\/iStock-919409994-1.jpg","contentUrl":"https:\/\/sutusummit.com\/web\/wp-content\/uploads\/2023\/09\/iStock-919409994-1.jpg","width":2309,"height":1299,"caption":"the astronaut standing by the sea against background of the planet, digital art style, illustration painting"},{"@type":"BreadcrumbList","@id":"https:\/\/sutusummit.com\/es\/lo-mejor-del-turismo-espacial-y-turismo-subacuatico-a-nivel-mundial-manana-en-sutus-by-les-roches\/#breadcrumb","itemListElement":[{"@type":"ListItem","position":1,"name":"Portada","item":"https:\/\/sutusummit.com\/es\/"},{"@type":"ListItem","position":2,"name":"Lo mejor del turismo espacial y turismo subacu\u00e1tico a nivel mundial, ma\u00f1ana en SUTUS by Les Roches"}]},{"@type":"WebSite","@id":"https:\/\/sutusummit.com\/#website","url":"https:\/\/sutusummit.com\/","name":"SUTUS","description":"Space &amp; Underwater Tourism Universal Summit","publisher":{"@id":"https:\/\/sutusummit.com\/#organization"},"potentialAction":[{"@type":"SearchAction","target":{"@type":"EntryPoint","urlTemplate":"https:\/\/sutusummit.com\/?s={search_term_string}"},"query-input":{"@type":"PropertyValueSpecification","valueRequired":true,"valueName":"search_term_string"}}],"inLanguage":"es"},{"@type":"Organization","@id":"https:\/\/sutusummit.com\/#organization","name":"SUTUS","url":"https:\/\/sutusummit.com\/","logo":{"@type":"ImageObject","inLanguage":"es","@id":"https:\/\/sutusummit.com\/#\/schema\/logo\/image\/","url":"https:\/\/sutusummit.com\/web\/wp-content\/uploads\/2019\/01\/sutuscolor.png","contentUrl":"https:\/\/sutusummit.com\/web\/wp-content\/uploads\/2019\/01\/sutuscolor.png","width":268,"height":85,"caption":"SUTUS"},"image":{"@id":"https:\/\/sutusummit.com\/#\/schema\/logo\/image\/"}},{"@type":"Person","@id":"https:\/\/sutusummit.com\/#\/schema\/person\/b38a12de5ff0f3221868c58fdf3e1978","name":"Gloria\/Sara MME"}]}},"_links":{"self":[{"href":"https:\/\/sutusummit.com\/es\/wp-json\/wp\/v2\/posts\/8947","targetHints":{"allow":["GET"]}}],"collection":[{"href":"https:\/\/sutusummit.com\/es\/wp-json\/wp\/v2\/posts"}],"about":[{"href":"https:\/\/sutusummit.com\/es\/wp-json\/wp\/v2\/types\/post"}],"author":[{"embeddable":true,"href":"https:\/\/sutusummit.com\/es\/wp-json\/wp\/v2\/users\/6"}],"replies":[{"embeddable":true,"href":"https:\/\/sutusummit.com\/es\/wp-json\/wp\/v2\/comments?post=8947"}],"version-history":[{"count":0,"href":"https:\/\/sutusummit.com\/es\/wp-json\/wp\/v2\/posts\/8947\/revisions"}],"wp:featuredmedia":[{"embeddable":true,"href":"https:\/\/sutusummit.com\/es\/wp-json\/wp\/v2\/media\/8948"}],"wp:attachment":[{"href":"https:\/\/sutusummit.com\/es\/wp-json\/wp\/v2\/media?parent=8947"}],"wp:term":[{"taxonomy":"category","embeddable":true,"href":"https:\/\/sutusummit.com\/es\/wp-json\/wp\/v2\/categories?post=8947"},{"taxonomy":"post_tag","embeddable":true,"href":"https:\/\/sutusummit.com\/es\/wp-json\/wp\/v2\/tags?post=8947"}],"curies":[{"name":"wp","href":"https:\/\/api.w.org\/{rel}","templated":true}]}}