{"id":9026,"date":"2023-09-27T15:42:40","date_gmt":"2023-09-27T15:42:40","guid":{"rendered":"https:\/\/sutusummit.com\/?p=9026"},"modified":"2023-09-27T15:57:25","modified_gmt":"2023-09-27T15:57:25","slug":"la-salud-y-la-seguridad-prioridades-del-turismo-espacial","status":"publish","type":"post","link":"https:\/\/sutusummit.com\/es\/la-salud-y-la-seguridad-prioridades-del-turismo-espacial\/","title":{"rendered":"La salud y la seguridad, prioridades del turismo espacial"},"content":{"rendered":"<ul>\n<li aria-level=\"1\"><b>Sam Scimemi, NASA, sobre la misi\u00f3n Artemis II que despegar\u00e1 en noviembre de 2024 para mandar a la mujer a la luna, en la segunda jornada de SUTUS by Les Roches: \u201cLa seguridad siempre es nuestra prioridad, debido a los entornos hostiles en los que operamos. Aprendemos de los errores y seguimos adelante con cautela\u201d.<\/b><\/li>\n<li aria-level=\"1\"><b>\u00abLa JAXA est\u00e1 comprometida a asumir el desaf\u00edo de las misiones de exploraci\u00f3n espacial para expandir la presencia humana m\u00e1s all\u00e1 de nuestro sistema solar y permitir actividades humanas sostenibles en el espacio profundo\u00bb, afirma Chiharu Hoshino, de la agencia espacial japonesa, JAXA.<\/b><\/li>\n<li aria-level=\"1\"><b>Guillermo S\u00f6hnlein, Co-Founder &amp; CEO de \u2018Humans 2 Venus\u2019: \u00abVenus est\u00e1 m\u00e1s cerca de la Tierra que Marte y tiene una \u00f3rbita similar, lo que significa que los viajes a Venus son m\u00e1s seguros y m\u00e1s econ\u00f3micos en t\u00e9rminos de tiempo y recursos\u201d.<\/b><\/li>\n<\/ul>\n<p><b>Marbella,\u00a0 27 de Septiembre de 2023<\/b><\/p>\n<p>La segunda jornada de SUTUS by Les Roches 2023, y primera virtual, ha dejado claro que <b>el turismo espacial se encuentra en su momento m\u00e1s dulce y prometedor<\/b>. Una afirmaci\u00f3n respaldada por los numerosos expertos internacionales que han participado en la sesi\u00f3n de hoy, con gran presencia de mujeres ponentes.<\/p>\n<p><b>Han estado representadas las Agencias Espaciales Internacionales m\u00e1s importantes como son: la NASA, con Sam Scimem; la JAXA, con Chiharu Hoshino; la ESA, con Luc\u00eda F. de la Bella;\u00a0 la Agencia Espacial de Bar\u00e9in (NSSA), con Ashraf Khater o la Agencia Espacial de Colombia (AEC) con Germ\u00e1n Puerta.<\/b><\/p>\n<p>Tambi\u00e9n ponentes de la talla de Pascale Ehrenfreund, de la Universidad Internacional del Espacio; y referentes internacionales del mundo espacial como Bernard Foing, de EuroMoonMars; John Spencer, de la Space Tourism Society; Boris Otter, de la Swiss Space Tourism Association; Christina Korp, de Space for a Better World; Irene Schneider, de Ihrenes Space Enterprises; Guillermo S\u00f6hnlein, de Humans 2 Venus; Guillermo Rojo, entrenador de astronautas; o Sara Gonz\u00e1lez de la Torre, de la Universidad de C\u00e1diz, han sido protagonistas en esta segunda jornada de SUTUS by Les Roches.<\/p>\n<p><b>Presente y futuro de las principales Agencias Espaciales internacionales<\/b><\/p>\n<p><b>Sam Scimemi, Special Assistant &amp; Exploration Systems Development Mission Directorate de la NASA<\/b>, nos ha ofrecido los detalles sobre el pr\u00f3ximo lanzamiento de <b>Artemis II en noviembre de 2024<\/b>: \u00abCon la finalizaci\u00f3n de Artemis I, estamos en camino de integrar y lanzar Artemis Dos, que ser\u00e1 una misi\u00f3n tripulada a la \u00f3rbita de la Luna. La integraci\u00f3n del veh\u00edculo ya ha comenzado en el Centro Espacial Kennedy, y hemos seleccionado a la tripulaci\u00f3n para la misma\u00bb.<\/p>\n<p><img loading=\"lazy\" decoding=\"async\" class=\"aligncenter wp-image-9053 size-large\" src=\"https:\/\/sutusummit.com\/web\/wp-content\/uploads\/2023\/09\/SAM-SCIMEMI-1-1024x576.jpg\" alt=\"\" width=\"1024\" height=\"576\" srcset=\"https:\/\/sutusummit.com\/web\/wp-content\/uploads\/2023\/09\/SAM-SCIMEMI-1-1024x576.jpg 1024w, https:\/\/sutusummit.com\/web\/wp-content\/uploads\/2023\/09\/SAM-SCIMEMI-1-300x169.jpg 300w, https:\/\/sutusummit.com\/web\/wp-content\/uploads\/2023\/09\/SAM-SCIMEMI-1-768x432.jpg 768w, https:\/\/sutusummit.com\/web\/wp-content\/uploads\/2023\/09\/SAM-SCIMEMI-1.jpg 1280w\" sizes=\"auto, (max-width: 1024px) 100vw, 1024px\" \/><\/p>\n<p>Adem\u00e1s, prosigue Sam Scimemi: <b>\u00abEn este momento estamos investigando a bordo de la Estaci\u00f3n Espacial Internacional c\u00f3mo podemos mantener los alimentos para nuestro viaje de dos a tres a\u00f1os a Marte. Los alimentos empiezan a perder su valor nutricional con el tiempo, como cuando pasan mucho tiempo en tu congelador o en tu refrigerador\u201d<\/b>.<\/p>\n<p><b>La Embajadora de la Agencia Espacial Europea (ESA) en el Reino Unido, Luc\u00eda F. de la Bella<\/b>, ha explicado en SUTUS by Les Roches 2023 el programa \u201cESA Space Solutions\u201d, que financia las nuevas ideas en la industria espacial dirigidas a mejorar la vida en la Tierra.<\/p>\n<p><img loading=\"lazy\" decoding=\"async\" class=\"aligncenter wp-image-9049 size-large\" src=\"https:\/\/sutusummit.com\/web\/wp-content\/uploads\/2023\/09\/Lucia-Fonseca-1-1024x576.jpg\" alt=\"\" width=\"1024\" height=\"576\" srcset=\"https:\/\/sutusummit.com\/web\/wp-content\/uploads\/2023\/09\/Lucia-Fonseca-1-1024x576.jpg 1024w, https:\/\/sutusummit.com\/web\/wp-content\/uploads\/2023\/09\/Lucia-Fonseca-1-300x169.jpg 300w, https:\/\/sutusummit.com\/web\/wp-content\/uploads\/2023\/09\/Lucia-Fonseca-1-768x432.jpg 768w, https:\/\/sutusummit.com\/web\/wp-content\/uploads\/2023\/09\/Lucia-Fonseca-1.jpg 1280w\" sizes=\"auto, (max-width: 1024px) 100vw, 1024px\" \/><\/p>\n<p>\u00abCon \u2018ESA Space Solutions\u2019 <b>estamos creando oportunidades emocionantes para que emprendedores y empresas den un salto cuantitativo en la utilizaci\u00f3n del espacio para mejorar nuestras vidas<\/b> (&#8230;) <b>Se trata de \u00abacercar a los emprendedores de cualquier sector hasta la ESA <\/b>y abrir as\u00ed nuevas oportunidades de negocio en <b>una industria que va a mil por hora\u201d, <\/b>afirma la cient\u00edfica espa\u00f1ola, con base en Portsmouth<b>.<\/b><\/p>\n<p><b>Por otro lado, Chiharu Hoshino, Directora de la Oficina de Par\u00eds de la Agencia Espacial Japonesa (JAXA),<\/b> ha dado todos los detalles de las tecnolog\u00edas en las que est\u00e1 trabajando, como <b>el proyecto SLIM<\/b>, para asegurar un aterrizaje de precisi\u00f3n para la Luna; o el desarrollo de un rover lunar presurizado llamado <b>\u2018Lunar Cruiser\u2019<\/b> en colaboraci\u00f3n con Toyota.<\/p>\n<p><img loading=\"lazy\" decoding=\"async\" class=\"aligncenter wp-image-9033 size-large\" src=\"https:\/\/sutusummit.com\/web\/wp-content\/uploads\/2023\/09\/CHIHARU-HOSHINO-1-1024x576.jpg\" alt=\"\" width=\"1024\" height=\"576\" srcset=\"https:\/\/sutusummit.com\/web\/wp-content\/uploads\/2023\/09\/CHIHARU-HOSHINO-1-1024x576.jpg 1024w, https:\/\/sutusummit.com\/web\/wp-content\/uploads\/2023\/09\/CHIHARU-HOSHINO-1-300x169.jpg 300w, https:\/\/sutusummit.com\/web\/wp-content\/uploads\/2023\/09\/CHIHARU-HOSHINO-1-768x432.jpg 768w, https:\/\/sutusummit.com\/web\/wp-content\/uploads\/2023\/09\/CHIHARU-HOSHINO-1.jpg 1280w\" sizes=\"auto, (max-width: 1024px) 100vw, 1024px\" \/><\/p>\n<p><b>Adem\u00e1s, Hoshino ha explicado que \u00abpara el futuro desarrollo de bases en la Luna, JAXA est\u00e1 llevando a cabo diversos estudios conjuntos con empresas privadas en \u00e1reas como la construcci\u00f3n, la planta de combustible, la agricultura y la alimentaci\u00f3n\u00bb.<\/b><\/p>\n<p>La Agencia Nacional de Ciencias Espaciales de Bar\u00e9in (NSSA), en el Golfo P\u00e9rsico, tambi\u00e9n ha participado en SUTUS. <b>Ashraf Khater, Acting Chief, Ground Segment Maintenance &amp; Technical Support para la NSSA<\/b>, <b>ha<\/b> <b>destacado que \u00abel pr\u00f3ximo paso para la Agencia Espacial de Bar\u00e9in es establecer una infraestructura espacial nacional sostenible, que incluya la construcci\u00f3n de una estaci\u00f3n terrestre m\u00e1s grande y la creaci\u00f3n de laboratorios especializados\u00bb, <\/b>ha asegurado Khater.<\/p>\n<p><img loading=\"lazy\" decoding=\"async\" class=\"aligncenter wp-image-9027 size-large\" src=\"https:\/\/sutusummit.com\/web\/wp-content\/uploads\/2023\/09\/Ashraf-Khater-1-1024x576.jpg\" alt=\"\" width=\"1024\" height=\"576\" srcset=\"https:\/\/sutusummit.com\/web\/wp-content\/uploads\/2023\/09\/Ashraf-Khater-1-1024x576.jpg 1024w, https:\/\/sutusummit.com\/web\/wp-content\/uploads\/2023\/09\/Ashraf-Khater-1-300x169.jpg 300w, https:\/\/sutusummit.com\/web\/wp-content\/uploads\/2023\/09\/Ashraf-Khater-1-768x432.jpg 768w, https:\/\/sutusummit.com\/web\/wp-content\/uploads\/2023\/09\/Ashraf-Khater-1.jpg 1280w\" sizes=\"auto, (max-width: 1024px) 100vw, 1024px\" \/><\/p>\n<p>Otra agencia que empieza a abrirse hueco poco a poco es la Agencia Espacial de Colombia (AEC). <b>Germ\u00e1n Puerta, Coordination of Scientific Culture and Education de la AEC, ha comentado que \u201cel objetivo de la AEC es promover la cultura cient\u00edfica y aeroespacial en la sociedad colombiana\u201d.<\/b><\/p>\n<p><img loading=\"lazy\" decoding=\"async\" class=\"aligncenter wp-image-9037 size-large\" src=\"https:\/\/sutusummit.com\/web\/wp-content\/uploads\/2023\/09\/GERMAN-PUERTA-3-1024x576.jpg\" alt=\"\" width=\"1024\" height=\"576\" srcset=\"https:\/\/sutusummit.com\/web\/wp-content\/uploads\/2023\/09\/GERMAN-PUERTA-3-1024x576.jpg 1024w, https:\/\/sutusummit.com\/web\/wp-content\/uploads\/2023\/09\/GERMAN-PUERTA-3-300x169.jpg 300w, https:\/\/sutusummit.com\/web\/wp-content\/uploads\/2023\/09\/GERMAN-PUERTA-3-768x432.jpg 768w, https:\/\/sutusummit.com\/web\/wp-content\/uploads\/2023\/09\/GERMAN-PUERTA-3.jpg 1280w\" sizes=\"auto, (max-width: 1024px) 100vw, 1024px\" \/><\/p>\n<p><b>Objetivo: colonizar la Luna, Marte\u2026 \u00a1y Venus!<\/b><\/p>\n<p><b>Guillermo S\u00f6hnlein, Co-Founder &amp; CEO de Humans 2 Venus,<\/b> tiene la visi\u00f3n de establecer una colonia humana permanente en la atm\u00f3sfera de Venus para el a\u00f1o 2050:<b> \u00abEstablecer presencia humana en la atm\u00f3sfera de Venus es un objetivo a largo plazo que podr\u00eda llevar un siglo o m\u00e1s. Pero en el corto plazo, podr\u00edamos construir estaciones flotantes peque\u00f1as en su atm\u00f3sfera.\u00bb<\/b><\/p>\n<p><img loading=\"lazy\" decoding=\"async\" class=\"aligncenter wp-image-9041 size-large\" src=\"https:\/\/sutusummit.com\/web\/wp-content\/uploads\/2023\/09\/Guillermo-Sohnlein-1-1024x576.jpg\" alt=\"\" width=\"1024\" height=\"576\" srcset=\"https:\/\/sutusummit.com\/web\/wp-content\/uploads\/2023\/09\/Guillermo-Sohnlein-1-1024x576.jpg 1024w, https:\/\/sutusummit.com\/web\/wp-content\/uploads\/2023\/09\/Guillermo-Sohnlein-1-300x169.jpg 300w, https:\/\/sutusummit.com\/web\/wp-content\/uploads\/2023\/09\/Guillermo-Sohnlein-1-768x432.jpg 768w, https:\/\/sutusummit.com\/web\/wp-content\/uploads\/2023\/09\/Guillermo-Sohnlein-1.jpg 1280w\" sizes=\"auto, (max-width: 1024px) 100vw, 1024px\" \/><\/p>\n<p><b>\u00a0\u00abAunque Venus es inh\u00f3spito en su superficie, a unos 50-60 kil\u00f3metros sobre su superficie, encontramos condiciones que se asemejan a las de la Tierra, incluyendo la gravedad\u201d, <\/b>afirma S\u00f6hnlein. Y es que mantiene que \u00abla gravedad es el problema m\u00e1s cr\u00edtico que debemos superar al explorar otros mundos. En la Luna experimentamos alrededor del 17 % de la gravedad terrestre y alrededor del 38 % en Marte\u201d.<\/p>\n<p>Por su parte, <b>Guillermo Rojo, atleta, gu\u00eda paral\u00edmpico, investigador y preparador f\u00edsico de astronautas<\/b>, habla sobre la importancia de llevar una vida saludable para viajar m\u00e1s all\u00e1 de nuestro planeta: <b>\u201cEl entrenamiento f\u00edsico es crucial para los turistas espaciales debido a los riesgos asociados con el espacio y para disfrutar plenamente de la experiencia\u201d.<\/b><\/p>\n<p><img loading=\"lazy\" decoding=\"async\" class=\"aligncenter wp-image-9039 size-large\" src=\"https:\/\/sutusummit.com\/web\/wp-content\/uploads\/2023\/09\/GUILLERMO-ROJO-3-1024x576.jpg\" alt=\"\" width=\"1024\" height=\"576\" srcset=\"https:\/\/sutusummit.com\/web\/wp-content\/uploads\/2023\/09\/GUILLERMO-ROJO-3-1024x576.jpg 1024w, https:\/\/sutusummit.com\/web\/wp-content\/uploads\/2023\/09\/GUILLERMO-ROJO-3-300x169.jpg 300w, https:\/\/sutusummit.com\/web\/wp-content\/uploads\/2023\/09\/GUILLERMO-ROJO-3-768x432.jpg 768w, https:\/\/sutusummit.com\/web\/wp-content\/uploads\/2023\/09\/GUILLERMO-ROJO-3.jpg 1280w\" sizes=\"auto, (max-width: 1024px) 100vw, 1024px\" \/><\/p>\n<p><b>Rojo est\u00e1 trabajando actualmente en un dispositivo de entrenamiento de valoraci\u00f3n de la fuerza llamado \u2018Max Ford\u2019<\/b>, para vuelos de larga duraci\u00f3n, y que ayudar\u00eda a cuantificar las p\u00e9rdidas o ganancias de fuerza en la Estaci\u00f3n Espacial Internacional y reducir la cantidad de ejercicio necesaria para los astronautas.<\/p>\n<p><b>Bernard Foing, l\u00edder del Grupo de Trabajo Internacional de Exploraci\u00f3n Lunar (ILEWG)<\/b>, ha compartido informaci\u00f3n esencial sobre la EuroMoonMars, una iniciativa que implica los esfuerzos de investigaci\u00f3n hacia la colonizaci\u00f3n de la Luna y, eventualmente, la colonizaci\u00f3n de Marte: <b>\u201cQueremos mostrar los beneficios del espacio para las personas aqu\u00ed en la Tierra\u00bb.<\/b><\/p>\n<p><img loading=\"lazy\" decoding=\"async\" class=\"aligncenter wp-image-9029 size-large\" src=\"https:\/\/sutusummit.com\/web\/wp-content\/uploads\/2023\/09\/BERNARD-FOING-1-1024x576.jpg\" alt=\"\" width=\"1024\" height=\"576\" srcset=\"https:\/\/sutusummit.com\/web\/wp-content\/uploads\/2023\/09\/BERNARD-FOING-1-1024x576.jpg 1024w, https:\/\/sutusummit.com\/web\/wp-content\/uploads\/2023\/09\/BERNARD-FOING-1-300x169.jpg 300w, https:\/\/sutusummit.com\/web\/wp-content\/uploads\/2023\/09\/BERNARD-FOING-1-768x432.jpg 768w, https:\/\/sutusummit.com\/web\/wp-content\/uploads\/2023\/09\/BERNARD-FOING-1.jpg 1280w\" sizes=\"auto, (max-width: 1024px) 100vw, 1024px\" \/><\/p>\n<p><b>M\u00e1xima seguridad para los turistas espaciales<\/b><\/p>\n<p><b>Irene Schneider, fundadora de Ihrenes Space Entreprises (ISE), <\/b>se ha centrado en los desaf\u00edos actuales de la ciencia para combatir la radiaci\u00f3n en los viajes espaciales.<\/p>\n<p><b>\u201cLo m\u00e1s importante de todas estas misiones es que nuestros astronautas y turistas espaciales regresen felices y nos cuenten la maravillosa historia y aventura en la que acaban de participar\u201d, <\/b>afirma Schneider.<\/p>\n<p><img loading=\"lazy\" decoding=\"async\" class=\"aligncenter wp-image-9043 size-large\" src=\"https:\/\/sutusummit.com\/web\/wp-content\/uploads\/2023\/09\/IRENE-SCHNEIDER-1-1-1024x576.jpg\" alt=\"\" width=\"1024\" height=\"576\" srcset=\"https:\/\/sutusummit.com\/web\/wp-content\/uploads\/2023\/09\/IRENE-SCHNEIDER-1-1-1024x576.jpg 1024w, https:\/\/sutusummit.com\/web\/wp-content\/uploads\/2023\/09\/IRENE-SCHNEIDER-1-1-300x169.jpg 300w, https:\/\/sutusummit.com\/web\/wp-content\/uploads\/2023\/09\/IRENE-SCHNEIDER-1-1-768x432.jpg 768w, https:\/\/sutusummit.com\/web\/wp-content\/uploads\/2023\/09\/IRENE-SCHNEIDER-1-1.jpg 1280w\" sizes=\"auto, (max-width: 1024px) 100vw, 1024px\" \/><\/p>\n<p>Irene Schneider es clara y concisa: \u00abMe gustar\u00eda decir que a menudo en los medios de comunicaci\u00f3n tratan el tema de la radiaci\u00f3n como si fuera s\u00f3lo una. Una sola cosa. Y de hecho, est\u00e1 muy lejos de la verdad, porque<b> la radiaci\u00f3n abarca un campo muy amplio de diferentes tipos de radiaci\u00f3n<\/b>\u00ab.<\/p>\n<p><b>Sara Gonz\u00e1lez de la Torre, Profesora Adjunta del Laboratorio de Neuropsicolog\u00eda y Psicolog\u00eda Experimental Neurotech de la Universidad de C\u00e1diz<\/b>, se ha centrado en la neuropsicolog\u00eda cl\u00ednica y los factores humanos en el \u00e1mbito aeroespacial. Este laboratorio andaluz colabora con agencias espaciales de renombre, como la Agencia Espacial Europea (ESA), la NASA y Roscosmos (la agencia espacial rusa). <b>\u00abEstudiamos c\u00f3mo las personas se adaptan e interact\u00faan en entornos extremos y simulaciones que preparan a los humanos para regresar a la luna, Marte y m\u00e1s all\u00e1\u00bb.<\/b><\/p>\n<p><img loading=\"lazy\" decoding=\"async\" class=\"aligncenter wp-image-9055 size-large\" src=\"https:\/\/sutusummit.com\/web\/wp-content\/uploads\/2023\/09\/SARA-GONZALEZ-DE-LA-TORRE-1-1024x576.jpg\" alt=\"\" width=\"1024\" height=\"576\" srcset=\"https:\/\/sutusummit.com\/web\/wp-content\/uploads\/2023\/09\/SARA-GONZALEZ-DE-LA-TORRE-1-1024x576.jpg 1024w, https:\/\/sutusummit.com\/web\/wp-content\/uploads\/2023\/09\/SARA-GONZALEZ-DE-LA-TORRE-1-300x169.jpg 300w, https:\/\/sutusummit.com\/web\/wp-content\/uploads\/2023\/09\/SARA-GONZALEZ-DE-LA-TORRE-1-768x432.jpg 768w, https:\/\/sutusummit.com\/web\/wp-content\/uploads\/2023\/09\/SARA-GONZALEZ-DE-LA-TORRE-1.jpg 1280w\" sizes=\"auto, (max-width: 1024px) 100vw, 1024px\" \/><\/p>\n<p><b>De la Torre mantiene que \u00abla evaluaci\u00f3n de los factores sociales es cada vez m\u00e1s relevante en los vuelos espaciales tripulados. <\/b>El ser humano es un ser social y, por lo tanto, las relaciones sociales son muy importantes, incluso en equipos de astronautas\u00bb<\/p>\n<p><b>\u00abUno de los principales desaf\u00edos es la radiaci\u00f3n. Podemos trabajar en otros problemas, como la psicolog\u00eda cl\u00ednica, la capacitaci\u00f3n cognitiva, el aislamiento y la lejan\u00eda de la familia, pero lo m\u00e1s importante en misiones de larga duraci\u00f3n ser\u00e1 c\u00f3mo superar la radiaci\u00f3n y tener un sistema que pueda detectar posibles d\u00e9ficits y problemas\u201d<\/b>, asegura esta sobresaliente investigadora.<\/p>\n<p><b>La econom\u00eda espacial a nivel mundial en 2022 movi\u00f3 546 mil millones de d\u00f3lares<\/b><\/p>\n<p><b>Pascale Ehrenfreund, presidenta de la Universidad Internacional del Espacio,<\/b> y de los pocos seres humanos en tener un asteroide con su nombre, afirma que <b>\u201cla industria espacial necesitar\u00e1 bastante mano de obra altamente cualificada para 2030. Y no solamente ingenieros\u201d<\/b>.<\/p>\n<p><img loading=\"lazy\" decoding=\"async\" class=\"aligncenter wp-image-9051 size-large\" src=\"https:\/\/sutusummit.com\/web\/wp-content\/uploads\/2023\/09\/Pascale-Ehrenfreund-1-1024x576.jpg\" alt=\"\" width=\"1024\" height=\"576\" srcset=\"https:\/\/sutusummit.com\/web\/wp-content\/uploads\/2023\/09\/Pascale-Ehrenfreund-1-1024x576.jpg 1024w, https:\/\/sutusummit.com\/web\/wp-content\/uploads\/2023\/09\/Pascale-Ehrenfreund-1-300x169.jpg 300w, https:\/\/sutusummit.com\/web\/wp-content\/uploads\/2023\/09\/Pascale-Ehrenfreund-1-768x432.jpg 768w, https:\/\/sutusummit.com\/web\/wp-content\/uploads\/2023\/09\/Pascale-Ehrenfreund-1.jpg 1280w\" sizes=\"auto, (max-width: 1024px) 100vw, 1024px\" \/><\/p>\n<p>Pascale explica que en 2022 la econom\u00eda espacial tuvo un valor de 546 mil millones de d\u00f3lares. Esto significa que hay muchas oportunidades laborales disponibles para las j\u00f3venes generaciones en este sector: <b>\u201cCasi 300 mil millones se destinaron a productos y servicios espaciales comerciales, y m\u00e1s de 140 mil millones a infraestructura comercial. El valor de los programas espaciales gubernamentales y no gubernamentales de los Estados Unidos, junto con otros programas de gobiernos del mundo sumar\u00edan el resto\u201d.<\/b><\/p>\n<p><b>John Spencer, fundador de la Space Tourism Society en Los \u00c1ngeles (EE.UU.), <\/b>ha redefinido tambi\u00e9n el concepto de nave espacial en SUTUS 2023: la ha convertido en un elegante superyate c\u00f3smico llamado <b>&#8216;Destiny&#8217;<\/b>. Su visi\u00f3n incluye un lujoso y billonario bajel que surque la \u00f3rbita de la Tierra, brindando a sus pasajeros vistas espectaculares de nuestro planeta.<\/p>\n<p><img loading=\"lazy\" decoding=\"async\" class=\"aligncenter wp-image-9045 size-large\" src=\"https:\/\/sutusummit.com\/web\/wp-content\/uploads\/2023\/09\/JOHN-SPENCER-1-1024x576.jpg\" alt=\"\" width=\"1024\" height=\"576\" srcset=\"https:\/\/sutusummit.com\/web\/wp-content\/uploads\/2023\/09\/JOHN-SPENCER-1-1024x576.jpg 1024w, https:\/\/sutusummit.com\/web\/wp-content\/uploads\/2023\/09\/JOHN-SPENCER-1-300x169.jpg 300w, https:\/\/sutusummit.com\/web\/wp-content\/uploads\/2023\/09\/JOHN-SPENCER-1-768x432.jpg 768w, https:\/\/sutusummit.com\/web\/wp-content\/uploads\/2023\/09\/JOHN-SPENCER-1.jpg 1280w\" sizes=\"auto, (max-width: 1024px) 100vw, 1024px\" \/><\/p>\n<p><b>\u00abLa seguridad es crucial en la industria espacial, y las personas est\u00e1n dispuestas a entrenar y asumir riesgos para tener una experiencia transformadora\u201d, <\/b>asegura Spencer.<\/p>\n<p><b>Boris Otter, Presidente y Fundador de Swiss Space Tourism<\/b>, y formado como cosmonauta en Rusia, <b>ha puesto en marcha la misi\u00f3n espacial SST-6<\/b> (Swiss Space Tourism-6) y que <b>le llevar\u00e1 junto a otros 5 tripulantes a cruzar la l\u00ednea de K\u00e1rman, situada a 100 kil\u00f3metros de altitud<\/b>. \u201cCrec\u00ed queriendo ser astronauta, no soy millonario, pero he luchado por ello (&#8230;) El objetivo de mi misi\u00f3n es ser parte de un programa cient\u00edfico, m\u00e9dico y ficticio, que tiene como objetivo animar a los ni\u00f1os de todo el mundo a prestar m\u00e1s atenci\u00f3n al espacio y a las ciencias relacionadas con \u00e9l\u00bb.<\/p>\n<p><img loading=\"lazy\" decoding=\"async\" class=\"aligncenter wp-image-9031 size-large\" src=\"https:\/\/sutusummit.com\/web\/wp-content\/uploads\/2023\/09\/BORIS-OTTER-1-1024x576.jpg\" alt=\"\" width=\"1024\" height=\"576\" srcset=\"https:\/\/sutusummit.com\/web\/wp-content\/uploads\/2023\/09\/BORIS-OTTER-1-1024x576.jpg 1024w, https:\/\/sutusummit.com\/web\/wp-content\/uploads\/2023\/09\/BORIS-OTTER-1-300x169.jpg 300w, https:\/\/sutusummit.com\/web\/wp-content\/uploads\/2023\/09\/BORIS-OTTER-1-768x432.jpg 768w, https:\/\/sutusummit.com\/web\/wp-content\/uploads\/2023\/09\/BORIS-OTTER-1.jpg 1280w\" sizes=\"auto, (max-width: 1024px) 100vw, 1024px\" \/><\/p>\n<p><b>La \u2018secretaria\u2019 de astronautas m\u00e1s famosa del mundo<\/b><\/p>\n<p><b>Christina Korp, CEO y Fundadora de Space for a Better World<\/b>, lidera esta organizaci\u00f3n global <b>dedicada a crear programas y proyectos espaciales con la intenci\u00f3n de inspirar, educar y concienciar sobre la utilidad del espacio para el bienestar de la humanidad.\u00a0<\/b><\/p>\n<p><img loading=\"lazy\" decoding=\"async\" class=\"aligncenter wp-image-9035 size-large\" src=\"https:\/\/sutusummit.com\/web\/wp-content\/uploads\/2023\/09\/Christina-Korp-1-1024x576.jpg\" alt=\"\" width=\"1024\" height=\"576\" srcset=\"https:\/\/sutusummit.com\/web\/wp-content\/uploads\/2023\/09\/Christina-Korp-1-1024x576.jpg 1024w, https:\/\/sutusummit.com\/web\/wp-content\/uploads\/2023\/09\/Christina-Korp-1-300x169.jpg 300w, https:\/\/sutusummit.com\/web\/wp-content\/uploads\/2023\/09\/Christina-Korp-1-768x432.jpg 768w, https:\/\/sutusummit.com\/web\/wp-content\/uploads\/2023\/09\/Christina-Korp-1.jpg 1280w\" sizes=\"auto, (max-width: 1024px) 100vw, 1024px\" \/><\/p>\n<p><b>\u00abNo entend\u00ed realmente el impacto de esto hasta que conoc\u00ed a Stephen Hawking. Ah\u00ed fue cuando realmente entend\u00ed la importancia de este mundo y c\u00f3mo pod\u00eda utilizar mi experiencia para acercar a m\u00e1s personas al espacio\u201d, <\/b>explica Korp.<\/p>\n<p><strong>SUTUS 2023 by Les Roches<\/strong><\/p>\n<p>Todas las conferencias de SUTUS by Les Roches se podr\u00e1n seguir a trav\u00e9s de su<a href=\"https:\/\/www.thenewtechobservatory.com\/indexevent.aspx?id=a87ff679a2f3e71d9181a67b7542122c\"> plataforma virtual<\/a>, impulsada por \u2018El Observatorio\u2019 de Medina Media Events. En la misma, los asistentes podr\u00e1n programar videoencuentros con otros participantes y ponentes, adem\u00e1s de visitar demos online exclusivas.<\/p>\n<p><b>SUTUS 2023 by Les Roches, <\/b>bajo el lema \u00abM\u00e1s all\u00e1 de las fronteras naturales\u00bb, cuenta con el apoyo, entre otros, de la <b>Consejer\u00eda de Turismo de la Junta de Andaluc\u00eda, Turismo y Planificaci\u00f3n de la Costa del Sol, Ayuntamiento de Marbella, \u00b4Fundaci\u00f3n Progreso y Salud de la Consejer\u00eda de Salud y Consumo de la Junta de Andaluc\u00eda, HALO Space, Marchica Med, ABOVE SPACE, Karlos Sim\u00f3n Viajes y Expediciones y Alanda Marbella Hotel 5*.<\/b><\/p>\n<p><a href=\"https:\/\/sutusummit.com\/es\/registro\/\"><b>Registro abierto<\/b><\/a><\/p>\n<p>Como suscriptor, obtendr\u00e1 un 20 % de descuento. Introduzca el c\u00f3digo <b>SUTUS23 <\/b>y haga clic en Validar en el formulario de inscripci\u00f3n.<\/p>\n","protected":false},"excerpt":{"rendered":"<p>Sam Scimemi, NASA, sobre la misi\u00f3n Artemis II que despegar\u00e1 en noviembre de 2024 para mandar a la mujer a la luna, en la segunda jornada de SUTUS by Les Roches: \u201cLa seguridad siempre es nuestra prioridad, debido a los entornos hostiles en los que operamos. Aprendemos de los errores y seguimos adelante con cautela\u201d. [&hellip;]<\/p>\n","protected":false},"author":6,"featured_media":9062,"comment_status":"closed","ping_status":"closed","sticky":false,"template":"","format":"standard","meta":{"_acf_changed":false,"footnotes":""},"categories":[100],"tags":[226,222,221,173,172,233,157],"class_list":["post-9026","post","type-post","status-publish","format-standard","has-post-thumbnail","hentry","category-evento","tag-espana","tag-les-roches","tag-malaga","tag-marbella","tag-nasa","tag-subacuatico","tag-sutus-es"],"acf":[],"yoast_head":"<!-- This site is optimized with the Yoast SEO plugin v27.5 - https:\/\/yoast.com\/product\/yoast-seo-wordpress\/ -->\n<title>La salud y la seguridad, prioridades del turismo espacial - SUTUS<\/title>\n<meta name=\"description\" content=\"La salud y la seguridad, prioridades del turismo espacial\" \/>\n<meta name=\"robots\" content=\"index, follow, max-snippet:-1, max-image-preview:large, max-video-preview:-1\" \/>\n<link rel=\"canonical\" href=\"https:\/\/sutusummit.com\/es\/la-salud-y-la-seguridad-prioridades-del-turismo-espacial\/\" \/>\n<meta property=\"og:locale\" content=\"es_ES\" \/>\n<meta property=\"og:type\" content=\"article\" \/>\n<meta property=\"og:title\" content=\"La salud y la seguridad, prioridades del turismo espacial - SUTUS\" \/>\n<meta property=\"og:description\" content=\"La salud y la seguridad, prioridades del turismo espacial\" \/>\n<meta property=\"og:url\" content=\"https:\/\/sutusummit.com\/es\/la-salud-y-la-seguridad-prioridades-del-turismo-espacial\/\" \/>\n<meta property=\"og:site_name\" content=\"SUTUS\" \/>\n<meta property=\"article:published_time\" content=\"2023-09-27T15:42:40+00:00\" \/>\n<meta property=\"article:modified_time\" content=\"2023-09-27T15:57:25+00:00\" \/>\n<meta property=\"og:image\" content=\"https:\/\/sutusummit.com\/web\/wp-content\/uploads\/2023\/09\/iStock-1189167553-scaled.jpg\" \/>\n\t<meta property=\"og:image:width\" content=\"2560\" \/>\n\t<meta property=\"og:image:height\" content=\"1200\" \/>\n\t<meta property=\"og:image:type\" content=\"image\/jpeg\" \/>\n<meta name=\"author\" content=\"Gloria\/Sara MME\" \/>\n<meta name=\"twitter:card\" content=\"summary_large_image\" \/>\n<meta name=\"twitter:label1\" content=\"Escrito por\" \/>\n\t<meta name=\"twitter:data1\" content=\"Gloria\/Sara MME\" \/>\n\t<meta name=\"twitter:label2\" content=\"Tiempo de lectura\" \/>\n\t<meta name=\"twitter:data2\" content=\"12 minutos\" \/>\n<script type=\"application\/ld+json\" class=\"yoast-schema-graph\">{\"@context\":\"https:\\\/\\\/schema.org\",\"@graph\":[{\"@type\":\"Article\",\"@id\":\"https:\\\/\\\/sutusummit.com\\\/es\\\/la-salud-y-la-seguridad-prioridades-del-turismo-espacial\\\/#article\",\"isPartOf\":{\"@id\":\"https:\\\/\\\/sutusummit.com\\\/es\\\/la-salud-y-la-seguridad-prioridades-del-turismo-espacial\\\/\"},\"author\":{\"name\":\"Gloria\\\/Sara MME\",\"@id\":\"https:\\\/\\\/sutusummit.com\\\/#\\\/schema\\\/person\\\/b38a12de5ff0f3221868c58fdf3e1978\"},\"headline\":\"La salud y la seguridad, prioridades del turismo espacial\",\"datePublished\":\"2023-09-27T15:42:40+00:00\",\"dateModified\":\"2023-09-27T15:57:25+00:00\",\"mainEntityOfPage\":{\"@id\":\"https:\\\/\\\/sutusummit.com\\\/es\\\/la-salud-y-la-seguridad-prioridades-del-turismo-espacial\\\/\"},\"wordCount\":2070,\"publisher\":{\"@id\":\"https:\\\/\\\/sutusummit.com\\\/#organization\"},\"image\":{\"@id\":\"https:\\\/\\\/sutusummit.com\\\/es\\\/la-salud-y-la-seguridad-prioridades-del-turismo-espacial\\\/#primaryimage\"},\"thumbnailUrl\":\"https:\\\/\\\/sutusummit.com\\\/web\\\/wp-content\\\/uploads\\\/2023\\\/09\\\/iStock-1189167553-scaled.jpg\",\"keywords\":[\"espa\u00f1a\",\"les roches\",\"m\u00e1laga\",\"Marbella\",\"Nasa\",\"subacu\u00e1tico\",\"sutus\"],\"articleSection\":[\"Evento\"],\"inLanguage\":\"es\"},{\"@type\":\"WebPage\",\"@id\":\"https:\\\/\\\/sutusummit.com\\\/es\\\/la-salud-y-la-seguridad-prioridades-del-turismo-espacial\\\/\",\"url\":\"https:\\\/\\\/sutusummit.com\\\/es\\\/la-salud-y-la-seguridad-prioridades-del-turismo-espacial\\\/\",\"name\":\"La salud y la seguridad, prioridades del turismo espacial - SUTUS\",\"isPartOf\":{\"@id\":\"https:\\\/\\\/sutusummit.com\\\/#website\"},\"primaryImageOfPage\":{\"@id\":\"https:\\\/\\\/sutusummit.com\\\/es\\\/la-salud-y-la-seguridad-prioridades-del-turismo-espacial\\\/#primaryimage\"},\"image\":{\"@id\":\"https:\\\/\\\/sutusummit.com\\\/es\\\/la-salud-y-la-seguridad-prioridades-del-turismo-espacial\\\/#primaryimage\"},\"thumbnailUrl\":\"https:\\\/\\\/sutusummit.com\\\/web\\\/wp-content\\\/uploads\\\/2023\\\/09\\\/iStock-1189167553-scaled.jpg\",\"datePublished\":\"2023-09-27T15:42:40+00:00\",\"dateModified\":\"2023-09-27T15:57:25+00:00\",\"description\":\"La salud y la seguridad, prioridades del turismo espacial\",\"breadcrumb\":{\"@id\":\"https:\\\/\\\/sutusummit.com\\\/es\\\/la-salud-y-la-seguridad-prioridades-del-turismo-espacial\\\/#breadcrumb\"},\"inLanguage\":\"es\",\"potentialAction\":[{\"@type\":\"ReadAction\",\"target\":[\"https:\\\/\\\/sutusummit.com\\\/es\\\/la-salud-y-la-seguridad-prioridades-del-turismo-espacial\\\/\"]}]},{\"@type\":\"ImageObject\",\"inLanguage\":\"es\",\"@id\":\"https:\\\/\\\/sutusummit.com\\\/es\\\/la-salud-y-la-seguridad-prioridades-del-turismo-espacial\\\/#primaryimage\",\"url\":\"https:\\\/\\\/sutusummit.com\\\/web\\\/wp-content\\\/uploads\\\/2023\\\/09\\\/iStock-1189167553-scaled.jpg\",\"contentUrl\":\"https:\\\/\\\/sutusummit.com\\\/web\\\/wp-content\\\/uploads\\\/2023\\\/09\\\/iStock-1189167553-scaled.jpg\",\"width\":2560,\"height\":1200,\"caption\":\"Medium shot of an American astronaut and scientists testing mobility of spacesuit\"},{\"@type\":\"BreadcrumbList\",\"@id\":\"https:\\\/\\\/sutusummit.com\\\/es\\\/la-salud-y-la-seguridad-prioridades-del-turismo-espacial\\\/#breadcrumb\",\"itemListElement\":[{\"@type\":\"ListItem\",\"position\":1,\"name\":\"Portada\",\"item\":\"https:\\\/\\\/sutusummit.com\\\/es\\\/\"},{\"@type\":\"ListItem\",\"position\":2,\"name\":\"La salud y la seguridad, prioridades del turismo espacial\"}]},{\"@type\":\"WebSite\",\"@id\":\"https:\\\/\\\/sutusummit.com\\\/#website\",\"url\":\"https:\\\/\\\/sutusummit.com\\\/\",\"name\":\"SUTUS\",\"description\":\"Space &amp; Underwater Tourism Universal Summit\",\"publisher\":{\"@id\":\"https:\\\/\\\/sutusummit.com\\\/#organization\"},\"potentialAction\":[{\"@type\":\"SearchAction\",\"target\":{\"@type\":\"EntryPoint\",\"urlTemplate\":\"https:\\\/\\\/sutusummit.com\\\/?s={search_term_string}\"},\"query-input\":{\"@type\":\"PropertyValueSpecification\",\"valueRequired\":true,\"valueName\":\"search_term_string\"}}],\"inLanguage\":\"es\"},{\"@type\":\"Organization\",\"@id\":\"https:\\\/\\\/sutusummit.com\\\/#organization\",\"name\":\"SUTUS\",\"url\":\"https:\\\/\\\/sutusummit.com\\\/\",\"logo\":{\"@type\":\"ImageObject\",\"inLanguage\":\"es\",\"@id\":\"https:\\\/\\\/sutusummit.com\\\/#\\\/schema\\\/logo\\\/image\\\/\",\"url\":\"https:\\\/\\\/sutusummit.com\\\/web\\\/wp-content\\\/uploads\\\/2019\\\/01\\\/sutuscolor.png\",\"contentUrl\":\"https:\\\/\\\/sutusummit.com\\\/web\\\/wp-content\\\/uploads\\\/2019\\\/01\\\/sutuscolor.png\",\"width\":268,\"height\":85,\"caption\":\"SUTUS\"},\"image\":{\"@id\":\"https:\\\/\\\/sutusummit.com\\\/#\\\/schema\\\/logo\\\/image\\\/\"}},{\"@type\":\"Person\",\"@id\":\"https:\\\/\\\/sutusummit.com\\\/#\\\/schema\\\/person\\\/b38a12de5ff0f3221868c58fdf3e1978\",\"name\":\"Gloria\\\/Sara MME\"}]}<\/script>\n<!-- \/ Yoast SEO plugin. -->","yoast_head_json":{"title":"La salud y la seguridad, prioridades del turismo espacial - SUTUS","description":"La salud y la seguridad, prioridades del turismo espacial","robots":{"index":"index","follow":"follow","max-snippet":"max-snippet:-1","max-image-preview":"max-image-preview:large","max-video-preview":"max-video-preview:-1"},"canonical":"https:\/\/sutusummit.com\/es\/la-salud-y-la-seguridad-prioridades-del-turismo-espacial\/","og_locale":"es_ES","og_type":"article","og_title":"La salud y la seguridad, prioridades del turismo espacial - SUTUS","og_description":"La salud y la seguridad, prioridades del turismo espacial","og_url":"https:\/\/sutusummit.com\/es\/la-salud-y-la-seguridad-prioridades-del-turismo-espacial\/","og_site_name":"SUTUS","article_published_time":"2023-09-27T15:42:40+00:00","article_modified_time":"2023-09-27T15:57:25+00:00","og_image":[{"width":2560,"height":1200,"url":"https:\/\/sutusummit.com\/web\/wp-content\/uploads\/2023\/09\/iStock-1189167553-scaled.jpg","type":"image\/jpeg"}],"author":"Gloria\/Sara MME","twitter_card":"summary_large_image","twitter_misc":{"Escrito por":"Gloria\/Sara MME","Tiempo de lectura":"12 minutos"},"schema":{"@context":"https:\/\/schema.org","@graph":[{"@type":"Article","@id":"https:\/\/sutusummit.com\/es\/la-salud-y-la-seguridad-prioridades-del-turismo-espacial\/#article","isPartOf":{"@id":"https:\/\/sutusummit.com\/es\/la-salud-y-la-seguridad-prioridades-del-turismo-espacial\/"},"author":{"name":"Gloria\/Sara MME","@id":"https:\/\/sutusummit.com\/#\/schema\/person\/b38a12de5ff0f3221868c58fdf3e1978"},"headline":"La salud y la seguridad, prioridades del turismo espacial","datePublished":"2023-09-27T15:42:40+00:00","dateModified":"2023-09-27T15:57:25+00:00","mainEntityOfPage":{"@id":"https:\/\/sutusummit.com\/es\/la-salud-y-la-seguridad-prioridades-del-turismo-espacial\/"},"wordCount":2070,"publisher":{"@id":"https:\/\/sutusummit.com\/#organization"},"image":{"@id":"https:\/\/sutusummit.com\/es\/la-salud-y-la-seguridad-prioridades-del-turismo-espacial\/#primaryimage"},"thumbnailUrl":"https:\/\/sutusummit.com\/web\/wp-content\/uploads\/2023\/09\/iStock-1189167553-scaled.jpg","keywords":["espa\u00f1a","les roches","m\u00e1laga","Marbella","Nasa","subacu\u00e1tico","sutus"],"articleSection":["Evento"],"inLanguage":"es"},{"@type":"WebPage","@id":"https:\/\/sutusummit.com\/es\/la-salud-y-la-seguridad-prioridades-del-turismo-espacial\/","url":"https:\/\/sutusummit.com\/es\/la-salud-y-la-seguridad-prioridades-del-turismo-espacial\/","name":"La salud y la seguridad, prioridades del turismo espacial - SUTUS","isPartOf":{"@id":"https:\/\/sutusummit.com\/#website"},"primaryImageOfPage":{"@id":"https:\/\/sutusummit.com\/es\/la-salud-y-la-seguridad-prioridades-del-turismo-espacial\/#primaryimage"},"image":{"@id":"https:\/\/sutusummit.com\/es\/la-salud-y-la-seguridad-prioridades-del-turismo-espacial\/#primaryimage"},"thumbnailUrl":"https:\/\/sutusummit.com\/web\/wp-content\/uploads\/2023\/09\/iStock-1189167553-scaled.jpg","datePublished":"2023-09-27T15:42:40+00:00","dateModified":"2023-09-27T15:57:25+00:00","description":"La salud y la seguridad, prioridades del turismo espacial","breadcrumb":{"@id":"https:\/\/sutusummit.com\/es\/la-salud-y-la-seguridad-prioridades-del-turismo-espacial\/#breadcrumb"},"inLanguage":"es","potentialAction":[{"@type":"ReadAction","target":["https:\/\/sutusummit.com\/es\/la-salud-y-la-seguridad-prioridades-del-turismo-espacial\/"]}]},{"@type":"ImageObject","inLanguage":"es","@id":"https:\/\/sutusummit.com\/es\/la-salud-y-la-seguridad-prioridades-del-turismo-espacial\/#primaryimage","url":"https:\/\/sutusummit.com\/web\/wp-content\/uploads\/2023\/09\/iStock-1189167553-scaled.jpg","contentUrl":"https:\/\/sutusummit.com\/web\/wp-content\/uploads\/2023\/09\/iStock-1189167553-scaled.jpg","width":2560,"height":1200,"caption":"Medium shot of an American astronaut and scientists testing mobility of spacesuit"},{"@type":"BreadcrumbList","@id":"https:\/\/sutusummit.com\/es\/la-salud-y-la-seguridad-prioridades-del-turismo-espacial\/#breadcrumb","itemListElement":[{"@type":"ListItem","position":1,"name":"Portada","item":"https:\/\/sutusummit.com\/es\/"},{"@type":"ListItem","position":2,"name":"La salud y la seguridad, prioridades del turismo espacial"}]},{"@type":"WebSite","@id":"https:\/\/sutusummit.com\/#website","url":"https:\/\/sutusummit.com\/","name":"SUTUS","description":"Space &amp; Underwater Tourism Universal Summit","publisher":{"@id":"https:\/\/sutusummit.com\/#organization"},"potentialAction":[{"@type":"SearchAction","target":{"@type":"EntryPoint","urlTemplate":"https:\/\/sutusummit.com\/?s={search_term_string}"},"query-input":{"@type":"PropertyValueSpecification","valueRequired":true,"valueName":"search_term_string"}}],"inLanguage":"es"},{"@type":"Organization","@id":"https:\/\/sutusummit.com\/#organization","name":"SUTUS","url":"https:\/\/sutusummit.com\/","logo":{"@type":"ImageObject","inLanguage":"es","@id":"https:\/\/sutusummit.com\/#\/schema\/logo\/image\/","url":"https:\/\/sutusummit.com\/web\/wp-content\/uploads\/2019\/01\/sutuscolor.png","contentUrl":"https:\/\/sutusummit.com\/web\/wp-content\/uploads\/2019\/01\/sutuscolor.png","width":268,"height":85,"caption":"SUTUS"},"image":{"@id":"https:\/\/sutusummit.com\/#\/schema\/logo\/image\/"}},{"@type":"Person","@id":"https:\/\/sutusummit.com\/#\/schema\/person\/b38a12de5ff0f3221868c58fdf3e1978","name":"Gloria\/Sara MME"}]}},"_links":{"self":[{"href":"https:\/\/sutusummit.com\/es\/wp-json\/wp\/v2\/posts\/9026","targetHints":{"allow":["GET"]}}],"collection":[{"href":"https:\/\/sutusummit.com\/es\/wp-json\/wp\/v2\/posts"}],"about":[{"href":"https:\/\/sutusummit.com\/es\/wp-json\/wp\/v2\/types\/post"}],"author":[{"embeddable":true,"href":"https:\/\/sutusummit.com\/es\/wp-json\/wp\/v2\/users\/6"}],"replies":[{"embeddable":true,"href":"https:\/\/sutusummit.com\/es\/wp-json\/wp\/v2\/comments?post=9026"}],"version-history":[{"count":0,"href":"https:\/\/sutusummit.com\/es\/wp-json\/wp\/v2\/posts\/9026\/revisions"}],"wp:featuredmedia":[{"embeddable":true,"href":"https:\/\/sutusummit.com\/es\/wp-json\/wp\/v2\/media\/9062"}],"wp:attachment":[{"href":"https:\/\/sutusummit.com\/es\/wp-json\/wp\/v2\/media?parent=9026"}],"wp:term":[{"taxonomy":"category","embeddable":true,"href":"https:\/\/sutusummit.com\/es\/wp-json\/wp\/v2\/categories?post=9026"},{"taxonomy":"post_tag","embeddable":true,"href":"https:\/\/sutusummit.com\/es\/wp-json\/wp\/v2\/tags?post=9026"}],"curies":[{"name":"wp","href":"https:\/\/api.w.org\/{rel}","templated":true}]}}